{"id":1008,"date":"2016-12-14T21:31:54","date_gmt":"2016-12-14T20:31:54","guid":{"rendered":"http:\/\/2.225.140.8\/wordpress2\/?p=1008"},"modified":"2016-12-14T21:34:41","modified_gmt":"2016-12-14T20:34:41","slug":"la-corda","status":"publish","type":"post","link":"https:\/\/valeriazunino.it\/blog\/2016\/12\/14\/la-corda\/","title":{"rendered":"la corda !"},"content":{"rendered":"<p>Le cose semplici non piacciono pi\u00f9 a nessuno in quest&#8217;epoca di infelici e di gente che passa la vita a rincorrere .. \u00a0rincorrere non si sa che cosa ma corre e non \u00a0riesce neanche a gustarsi quello che \u00a0ha gi\u00e0 e che domani potrebbe non avere pi\u00f9 .. quello che si ottiene diventa subito scontato e obsoleto nel momento esatto in cui si ha le certezza di averlo \u00a0ottenuto \u00a0.. \u00a0tutto ci\u00f2 ha una logica ? Secondo me, \u00a0no .. anche se anche a me ,talvolta , capita di ragionarla cosi, pi\u00f9 che ragionarla di comportarmi cos\u00ec \u00a0&#8230; un vero peccato , mi viene da dire .. e cos\u00ec le opportunit\u00e0 ci scappano dalle mani e non si sa se si ripeteranno cos\u00ec come le avevamo a portata , belle e pronte , uniche, \u00a0come unici sono i momenti che viviamo &#8230; \u00a0ma siamo presuntuosi , \u00e8 uno dei pi\u00f9 grandi e gravi difetti dell&#8217;uomo &#8230; pensa di poter gestire , di poter manovrare le situazioni , le persone ma non \u00e8 cos\u00ec .. \u00a0talvolta a tirare troppo la corda poi la corda , quando meno te lo aspetti, si rompe e ti rimane in mano solo un pezzo , allora non resta che avere rimpianti x quello che si poteva fare e non si \u00e8 fatto.. \u00a0x quello che si poteva dare e ricevere e ,invece, si \u00e8 preferito recitare un ruolo , indossare una maschera tanto pesante quanto evidente &#8230; un vero peccato e perdita di tempo &#8230; solo che la maschera bisogna togliersela da soli , bisogna decidere di essere autentici , senn\u00f2 diventa uno scontato e anche un po&#8217; noioso gioco che lascer\u00e0 solo l&#8217;amaro in bocca &#8230; \u00a0 non si pu\u00f2 smascherare nessuno , non \u00e8 gentile e provocherebbe una inevitabile rottura insanabile .. \u00a0 viviamo autentici , viviamo sereni, non pensiamo che non ci sia speranza, se ragionassi cos\u00ec, \u00a0io dovrei arrampicarmi su un eremo e non scendere pi\u00f9 , non dovrei guardare in faccia pi\u00f9 nessuno tranne i parenti stretti , non sorridere pi\u00f9 a nessuno , ne &#8216; degnare di saluto o considerazione il mio prossimo , ma un eccesso di difesa equivale a smettere di vivere .. \u00a0vivere come una mummia non fa per me , prender\u00f2 altre delusioni, \u00a0mi scottero&#8217; ancora ma voglio vivere e sentirmi viva . \u00a0Voglio ridere prendere e prendermi in giro , sdrammatizzare anche il dramma pi\u00f9 tragico, ballare , cantare , conoscere , rivolgere la parola anche ad uno sconosciuto strappandogli un sorriso&#8230; \u00a0la cosa piu bella .. la leggerezza di una risata &#8230;<\/p>\n<p>#behappy<\/p>\n<p>#sunrise<\/p>\n<p>#nonmeniamocelopiuditanto!<\/p>\n","protected":false},"excerpt":{"rendered":"<p>Le cose semplici non piacciono pi\u00f9 a nessuno in quest&#8217;epoca di infelici e di gente che passa la vita a rincorrere .. \u00a0rincorrere non si sa che cosa ma corre e non \u00a0riesce neanche a gustarsi quello che \u00a0ha gi\u00e0 e che domani potrebbe non avere pi\u00f9 .. quello che si ottiene diventa subito scontato &hellip; <a href=\"https:\/\/valeriazunino.it\/blog\/2016\/12\/14\/la-corda\/\" class=\"more-link\">Continua la lettura di <span class=\"screen-reader-text\">la corda !<\/span> <span class=\"meta-nav\">&rarr;<\/span><\/a><\/p>\n","protected":false},"author":1,"featured_media":0,"comment_status":"open","ping_status":"open","sticky":false,"template":"","format":"standard","meta":{"footnotes":""},"categories":[2],"tags":[3],"class_list":["post-1008","post","type-post","status-publish","format-standard","hentry","category-pensieri","tag-pensieri"],"yoast_head":"<!-- This site is optimized with the Yoast SEO plugin v27.0 - https:\/\/yoast.com\/product\/yoast-seo-wordpress\/ -->\n<title>la corda ! - ValeVz<\/title>\n<meta name=\"robots\" content=\"index, follow, max-snippet:-1, max-image-preview:large, max-video-preview:-1\" \/>\n<link rel=\"canonical\" href=\"https:\/\/valeriazunino.it\/blog\/2016\/12\/14\/la-corda\/\" \/>\n<meta property=\"og:locale\" content=\"it_IT\" \/>\n<meta property=\"og:type\" content=\"article\" \/>\n<meta property=\"og:title\" content=\"la corda ! - ValeVz\" \/>\n<meta property=\"og:description\" content=\"Le cose semplici non piacciono pi\u00f9 a nessuno in quest&#8217;epoca di infelici e di gente che passa la vita a rincorrere .. \u00a0rincorrere non si sa che cosa ma corre e non \u00a0riesce neanche a gustarsi quello che \u00a0ha gi\u00e0 e che domani potrebbe non avere pi\u00f9 .. quello che si ottiene diventa subito scontato &hellip; Continua la lettura di la corda ! &rarr;\" \/>\n<meta property=\"og:url\" content=\"https:\/\/valeriazunino.it\/blog\/2016\/12\/14\/la-corda\/\" \/>\n<meta property=\"og:site_name\" content=\"ValeVz\" \/>\n<meta property=\"article:publisher\" content=\"https:\/\/www.facebook.com\/valeria.zunino.7\" \/>\n<meta property=\"article:published_time\" content=\"2016-12-14T20:31:54+00:00\" \/>\n<meta property=\"article:modified_time\" content=\"2016-12-14T20:34:41+00:00\" \/>\n<meta name=\"author\" content=\"Valeria\" \/>\n<meta name=\"twitter:card\" content=\"summary_large_image\" \/>\n<meta name=\"twitter:creator\" content=\"@valezunin\" \/>\n<meta name=\"twitter:site\" content=\"@valezunin\" \/>\n<meta name=\"twitter:label1\" content=\"Scritto da\" \/>\n\t<meta name=\"twitter:data1\" content=\"Valeria\" \/>\n\t<meta name=\"twitter:label2\" content=\"Tempo di lettura stimato\" \/>\n\t<meta name=\"twitter:data2\" content=\"2 minuti\" \/>\n<script type=\"application\/ld+json\" class=\"yoast-schema-graph\">{\"@context\":\"https:\/\/schema.org\",\"@graph\":[{\"@type\":\"Article\",\"@id\":\"https:\/\/valeriazunino.it\/blog\/2016\/12\/14\/la-corda\/#article\",\"isPartOf\":{\"@id\":\"https:\/\/valeriazunino.it\/blog\/2016\/12\/14\/la-corda\/\"},\"author\":{\"name\":\"Valeria\",\"@id\":\"https:\/\/valeriazunino.it\/blog\/#\/schema\/person\/8cdafe297c88eeb291db056286b0ae2a\"},\"headline\":\"la corda !\",\"datePublished\":\"2016-12-14T20:31:54+00:00\",\"dateModified\":\"2016-12-14T20:34:41+00:00\",\"mainEntityOfPage\":{\"@id\":\"https:\/\/valeriazunino.it\/blog\/2016\/12\/14\/la-corda\/\"},\"wordCount\":388,\"commentCount\":0,\"keywords\":[\"Pensieri\"],\"articleSection\":[\"pensieri\"],\"inLanguage\":\"it-IT\",\"potentialAction\":[{\"@type\":\"CommentAction\",\"name\":\"Comment\",\"target\":[\"https:\/\/valeriazunino.it\/blog\/2016\/12\/14\/la-corda\/#respond\"]}]},{\"@type\":\"WebPage\",\"@id\":\"https:\/\/valeriazunino.it\/blog\/2016\/12\/14\/la-corda\/\",\"url\":\"https:\/\/valeriazunino.it\/blog\/2016\/12\/14\/la-corda\/\",\"name\":\"la corda ! - ValeVz\",\"isPartOf\":{\"@id\":\"https:\/\/valeriazunino.it\/blog\/#website\"},\"datePublished\":\"2016-12-14T20:31:54+00:00\",\"dateModified\":\"2016-12-14T20:34:41+00:00\",\"author\":{\"@id\":\"https:\/\/valeriazunino.it\/blog\/#\/schema\/person\/8cdafe297c88eeb291db056286b0ae2a\"},\"breadcrumb\":{\"@id\":\"https:\/\/valeriazunino.it\/blog\/2016\/12\/14\/la-corda\/#breadcrumb\"},\"inLanguage\":\"it-IT\",\"potentialAction\":[{\"@type\":\"ReadAction\",\"target\":[\"https:\/\/valeriazunino.it\/blog\/2016\/12\/14\/la-corda\/\"]}]},{\"@type\":\"BreadcrumbList\",\"@id\":\"https:\/\/valeriazunino.it\/blog\/2016\/12\/14\/la-corda\/#breadcrumb\",\"itemListElement\":[{\"@type\":\"ListItem\",\"position\":1,\"name\":\"Home\",\"item\":\"https:\/\/valeriazunino.it\/blog\/\"},{\"@type\":\"ListItem\",\"position\":2,\"name\":\"la corda !\"}]},{\"@type\":\"WebSite\",\"@id\":\"https:\/\/valeriazunino.it\/blog\/#website\",\"url\":\"https:\/\/valeriazunino.it\/blog\/\",\"name\":\"ValeVz\",\"description\":\"il mio sito\",\"potentialAction\":[{\"@type\":\"SearchAction\",\"target\":{\"@type\":\"EntryPoint\",\"urlTemplate\":\"https:\/\/valeriazunino.it\/blog\/?s={search_term_string}\"},\"query-input\":{\"@type\":\"PropertyValueSpecification\",\"valueRequired\":true,\"valueName\":\"search_term_string\"}}],\"inLanguage\":\"it-IT\"},{\"@type\":\"Person\",\"@id\":\"https:\/\/valeriazunino.it\/blog\/#\/schema\/person\/8cdafe297c88eeb291db056286b0ae2a\",\"name\":\"Valeria\",\"image\":{\"@type\":\"ImageObject\",\"inLanguage\":\"it-IT\",\"@id\":\"https:\/\/valeriazunino.it\/blog\/#\/schema\/person\/image\/\",\"url\":\"https:\/\/secure.gravatar.com\/avatar\/4196ffa01e9ac5ef46888ac2c82ba7543ee2f63f9331c6e05282c2ff05645fe2?s=96&d=mm&r=g\",\"contentUrl\":\"https:\/\/secure.gravatar.com\/avatar\/4196ffa01e9ac5ef46888ac2c82ba7543ee2f63f9331c6e05282c2ff05645fe2?s=96&d=mm&r=g\",\"caption\":\"Valeria\"}}]}<\/script>\n<!-- \/ Yoast SEO plugin. -->","yoast_head_json":{"title":"la corda ! - ValeVz","robots":{"index":"index","follow":"follow","max-snippet":"max-snippet:-1","max-image-preview":"max-image-preview:large","max-video-preview":"max-video-preview:-1"},"canonical":"https:\/\/valeriazunino.it\/blog\/2016\/12\/14\/la-corda\/","og_locale":"it_IT","og_type":"article","og_title":"la corda ! - ValeVz","og_description":"Le cose semplici non piacciono pi\u00f9 a nessuno in quest&#8217;epoca di infelici e di gente che passa la vita a rincorrere .. \u00a0rincorrere non si sa che cosa ma corre e non \u00a0riesce neanche a gustarsi quello che \u00a0ha gi\u00e0 e che domani potrebbe non avere pi\u00f9 .. quello che si ottiene diventa subito scontato &hellip; Continua la lettura di la corda ! &rarr;","og_url":"https:\/\/valeriazunino.it\/blog\/2016\/12\/14\/la-corda\/","og_site_name":"ValeVz","article_publisher":"https:\/\/www.facebook.com\/valeria.zunino.7","article_published_time":"2016-12-14T20:31:54+00:00","article_modified_time":"2016-12-14T20:34:41+00:00","author":"Valeria","twitter_card":"summary_large_image","twitter_creator":"@valezunin","twitter_site":"@valezunin","twitter_misc":{"Scritto da":"Valeria","Tempo di lettura stimato":"2 minuti"},"schema":{"@context":"https:\/\/schema.org","@graph":[{"@type":"Article","@id":"https:\/\/valeriazunino.it\/blog\/2016\/12\/14\/la-corda\/#article","isPartOf":{"@id":"https:\/\/valeriazunino.it\/blog\/2016\/12\/14\/la-corda\/"},"author":{"name":"Valeria","@id":"https:\/\/valeriazunino.it\/blog\/#\/schema\/person\/8cdafe297c88eeb291db056286b0ae2a"},"headline":"la corda !","datePublished":"2016-12-14T20:31:54+00:00","dateModified":"2016-12-14T20:34:41+00:00","mainEntityOfPage":{"@id":"https:\/\/valeriazunino.it\/blog\/2016\/12\/14\/la-corda\/"},"wordCount":388,"commentCount":0,"keywords":["Pensieri"],"articleSection":["pensieri"],"inLanguage":"it-IT","potentialAction":[{"@type":"CommentAction","name":"Comment","target":["https:\/\/valeriazunino.it\/blog\/2016\/12\/14\/la-corda\/#respond"]}]},{"@type":"WebPage","@id":"https:\/\/valeriazunino.it\/blog\/2016\/12\/14\/la-corda\/","url":"https:\/\/valeriazunino.it\/blog\/2016\/12\/14\/la-corda\/","name":"la corda ! - ValeVz","isPartOf":{"@id":"https:\/\/valeriazunino.it\/blog\/#website"},"datePublished":"2016-12-14T20:31:54+00:00","dateModified":"2016-12-14T20:34:41+00:00","author":{"@id":"https:\/\/valeriazunino.it\/blog\/#\/schema\/person\/8cdafe297c88eeb291db056286b0ae2a"},"breadcrumb":{"@id":"https:\/\/valeriazunino.it\/blog\/2016\/12\/14\/la-corda\/#breadcrumb"},"inLanguage":"it-IT","potentialAction":[{"@type":"ReadAction","target":["https:\/\/valeriazunino.it\/blog\/2016\/12\/14\/la-corda\/"]}]},{"@type":"BreadcrumbList","@id":"https:\/\/valeriazunino.it\/blog\/2016\/12\/14\/la-corda\/#breadcrumb","itemListElement":[{"@type":"ListItem","position":1,"name":"Home","item":"https:\/\/valeriazunino.it\/blog\/"},{"@type":"ListItem","position":2,"name":"la corda !"}]},{"@type":"WebSite","@id":"https:\/\/valeriazunino.it\/blog\/#website","url":"https:\/\/valeriazunino.it\/blog\/","name":"ValeVz","description":"il mio sito","potentialAction":[{"@type":"SearchAction","target":{"@type":"EntryPoint","urlTemplate":"https:\/\/valeriazunino.it\/blog\/?s={search_term_string}"},"query-input":{"@type":"PropertyValueSpecification","valueRequired":true,"valueName":"search_term_string"}}],"inLanguage":"it-IT"},{"@type":"Person","@id":"https:\/\/valeriazunino.it\/blog\/#\/schema\/person\/8cdafe297c88eeb291db056286b0ae2a","name":"Valeria","image":{"@type":"ImageObject","inLanguage":"it-IT","@id":"https:\/\/valeriazunino.it\/blog\/#\/schema\/person\/image\/","url":"https:\/\/secure.gravatar.com\/avatar\/4196ffa01e9ac5ef46888ac2c82ba7543ee2f63f9331c6e05282c2ff05645fe2?s=96&d=mm&r=g","contentUrl":"https:\/\/secure.gravatar.com\/avatar\/4196ffa01e9ac5ef46888ac2c82ba7543ee2f63f9331c6e05282c2ff05645fe2?s=96&d=mm&r=g","caption":"Valeria"}}]}},"post_mailing_queue_ids":[],"_links":{"self":[{"href":"https:\/\/valeriazunino.it\/blog\/wp-json\/wp\/v2\/posts\/1008","targetHints":{"allow":["GET"]}}],"collection":[{"href":"https:\/\/valeriazunino.it\/blog\/wp-json\/wp\/v2\/posts"}],"about":[{"href":"https:\/\/valeriazunino.it\/blog\/wp-json\/wp\/v2\/types\/post"}],"author":[{"embeddable":true,"href":"https:\/\/valeriazunino.it\/blog\/wp-json\/wp\/v2\/users\/1"}],"replies":[{"embeddable":true,"href":"https:\/\/valeriazunino.it\/blog\/wp-json\/wp\/v2\/comments?post=1008"}],"version-history":[{"count":3,"href":"https:\/\/valeriazunino.it\/blog\/wp-json\/wp\/v2\/posts\/1008\/revisions"}],"predecessor-version":[{"id":1011,"href":"https:\/\/valeriazunino.it\/blog\/wp-json\/wp\/v2\/posts\/1008\/revisions\/1011"}],"wp:attachment":[{"href":"https:\/\/valeriazunino.it\/blog\/wp-json\/wp\/v2\/media?parent=1008"}],"wp:term":[{"taxonomy":"category","embeddable":true,"href":"https:\/\/valeriazunino.it\/blog\/wp-json\/wp\/v2\/categories?post=1008"},{"taxonomy":"post_tag","embeddable":true,"href":"https:\/\/valeriazunino.it\/blog\/wp-json\/wp\/v2\/tags?post=1008"}],"curies":[{"name":"wp","href":"https:\/\/api.w.org\/{rel}","templated":true}]}}