{"id":1015,"date":"2016-12-19T01:18:55","date_gmt":"2016-12-19T00:18:55","guid":{"rendered":"http:\/\/2.225.140.8\/wordpress2\/?p=1015"},"modified":"2016-12-19T01:18:55","modified_gmt":"2016-12-19T00:18:55","slug":"oggi-piancastagnaveramente-ieriessendo-le-2","status":"publish","type":"post","link":"https:\/\/valeriazunino.it\/blog\/2016\/12\/19\/oggi-piancastagnaveramente-ieriessendo-le-2\/","title":{"rendered":"oggi a Piancastagna\u2026veramente ieri\u2026essendo le 2 am.."},"content":{"rendered":"<p>Stamattina siamo andati a Piancastagna per dare l\u2019ultimo saluto a Gusti , lo zio di un mio amico d\u2019infanzia. Gusti \u00e8 sempre stata una persona allegra , generosa disponibile, una colonna portante per il paese. Se c era necessit\u00e0 faceva qualche piccola commissione per i suoi amici che , anziani come lui , magari , per\u00f2, non avevano la fortuna di essere dotati di massima indipendenza fisica e la possibilit\u00e0 di poter guidare ancora la macchina x potersi spostare autonomamente . \u00c8 gi\u00e0 perch\u00e9 Piancastagna \u00e8 un bellissimo posto , ma senza mezzo proprio diventa un inferno starci , visto che nn c e nemmeno un negozio ne\u2019 un bar ne\u2019 nulla di nulla. Gusti addirittura ex motociclista , si era dotato di un quad, avendo ormai 87 anni, che utilizzava per i suoi spostamenti da casa al paese , per recarsi al gioco delle bocce e per fare la spesa x se\u2019 e appunto per i suoi amici , c\u2019 era a chi portava ogni giorno il pane o il giornale ecc.. quad che utilizzava rigorosamente senza casco, facendo suonare spesso l\u2019inconfondibile clacson per salutare chiunque incontrasse lungo il suo percorso. Era anche diventato l\u2019idolo di tutti i bambini perch\u00e9 era sempre disponibile a caricarsi dietro o davanti (dipendeva dall\u2019eta\u2019) due \/ tre bambini alla volta per far fare loro il giro della circonvallazione\u2026 e finch\u00e9 non lo faceva fare a tutti i presenti in piazza , lui non smetteva di fare il giro \u201cturistico\u201d come se fosse stato una giostra che doveva accontentare tutti, ma proprio tutti! L\u2019ultimo week end che sono stata su, per la festa della Montagna, l ho visto arrivare in piazza, allegro e sorridente come al solito, e visto che bimbi nn ce n\u2019erano, per scherzo , sono salita dietro sul quad e gli ho chiesto se mi portava a fare il giro che era solito far fare ai bambini. .. detto , fatto , \u00e8 partito subito , dicendomi : \u201d E certo: tei anche ti na figgetta\u201d e mi ha fatto battute e ridere per tutto il tempo del mio tour della circonvallazione, sono scesa che avevo le lacrime agli occhi sia x quello che aveva detto durante il giro ma anche per la buffa situazione. \u2026 il giorno seguente mi ha detto di nuovo qualcosa di bello ma che non ricordo, un complimento (mi conosceva fin da bambina , come tutti ) e poi ci siamo salutati abbracciandoci .. cosa non solita.. sembrava quasi che sapesse che sarebbe stata l\u2019ultima volta che ci saremmo visti .. almeno, oggi , ripensandoci , mi \u00e8 venuto in mente questo. Al funerale non ho pianto per tutto il tempo, poi sia le parole di Don Franco all\u2019ultimo ma soprattutto vedere la Sandra , sua moglie, che poco prima che glielo portassero via, si \u00e8 avvicinata alla bara per baciarla , mi ha fatto letteralmente scoppiare in un pianto inconsolabile e anche \u201cfuori luogo\u201d , esagerato. . Ma non riuscivo a fermarmi.. tanto che la mamma di un mio amico, preoccupata, giustamente , mi ha chiesto se stessi bene o se avessi qualche nuovo problema. .. purtroppo \u00e8 cosi .. e\u2019 un momento che sento tutto amplificato ed \u00e8 difficile vivere con la pelle cosi fina.. ci si stanca molto, ma molto di pi\u00f9. .. non sono molto allegra, mi dispiace ma questo \u00e8 quanto.!!<\/p>\n<p>#precarieta\u2019<\/p>\n<p>#attaccatiadunfilo<\/p>\n<p>#riderepiuchesipuo\u2019 #finchesipuo\u2019<\/p>\n<p>#nnfarsirompereicoglionimai<\/p>\n","protected":false},"excerpt":{"rendered":"<p>Stamattina siamo andati a Piancastagna per dare l\u2019ultimo saluto a Gusti , lo zio di un mio amico d\u2019infanzia. Gusti \u00e8 sempre stata una persona allegra , generosa disponibile, una colonna portante per il paese. Se c era necessit\u00e0 faceva qualche piccola commissione per i suoi amici che , anziani come lui , magari , &hellip; <a href=\"https:\/\/valeriazunino.it\/blog\/2016\/12\/19\/oggi-piancastagnaveramente-ieriessendo-le-2\/\" class=\"more-link\">Continua la lettura di <span class=\"screen-reader-text\">oggi a Piancastagna\u2026veramente ieri\u2026essendo le 2 am..<\/span> <span class=\"meta-nav\">&rarr;<\/span><\/a><\/p>\n","protected":false},"author":1,"featured_media":0,"comment_status":"open","ping_status":"open","sticky":false,"template":"","format":"standard","meta":{"footnotes":""},"categories":[2],"tags":[],"class_list":["post-1015","post","type-post","status-publish","format-standard","hentry","category-pensieri"],"yoast_head":"<!-- This site is optimized with the Yoast SEO plugin v27.0 - https:\/\/yoast.com\/product\/yoast-seo-wordpress\/ -->\n<title>oggi a Piancastagna\u2026veramente ieri\u2026essendo le 2 am.. - ValeVz<\/title>\n<meta name=\"robots\" content=\"index, follow, max-snippet:-1, max-image-preview:large, max-video-preview:-1\" \/>\n<link rel=\"canonical\" href=\"https:\/\/valeriazunino.it\/blog\/2016\/12\/19\/oggi-piancastagnaveramente-ieriessendo-le-2\/\" \/>\n<meta property=\"og:locale\" content=\"it_IT\" \/>\n<meta property=\"og:type\" content=\"article\" \/>\n<meta property=\"og:title\" content=\"oggi a Piancastagna\u2026veramente ieri\u2026essendo le 2 am.. - ValeVz\" \/>\n<meta property=\"og:description\" content=\"Stamattina siamo andati a Piancastagna per dare l\u2019ultimo saluto a Gusti , lo zio di un mio amico d\u2019infanzia. Gusti \u00e8 sempre stata una persona allegra , generosa disponibile, una colonna portante per il paese. Se c era necessit\u00e0 faceva qualche piccola commissione per i suoi amici che , anziani come lui , magari , &hellip; Continua la lettura di oggi a Piancastagna\u2026veramente ieri\u2026essendo le 2 am.. &rarr;\" \/>\n<meta property=\"og:url\" content=\"https:\/\/valeriazunino.it\/blog\/2016\/12\/19\/oggi-piancastagnaveramente-ieriessendo-le-2\/\" \/>\n<meta property=\"og:site_name\" content=\"ValeVz\" \/>\n<meta property=\"article:publisher\" content=\"https:\/\/www.facebook.com\/valeria.zunino.7\" \/>\n<meta property=\"article:published_time\" content=\"2016-12-19T00:18:55+00:00\" \/>\n<meta name=\"author\" content=\"Valeria\" \/>\n<meta name=\"twitter:card\" content=\"summary_large_image\" \/>\n<meta name=\"twitter:creator\" content=\"@valezunin\" \/>\n<meta name=\"twitter:site\" content=\"@valezunin\" \/>\n<meta name=\"twitter:label1\" content=\"Scritto da\" \/>\n\t<meta name=\"twitter:data1\" content=\"Valeria\" \/>\n\t<meta name=\"twitter:label2\" content=\"Tempo di lettura stimato\" \/>\n\t<meta name=\"twitter:data2\" content=\"3 minuti\" \/>\n<script type=\"application\/ld+json\" class=\"yoast-schema-graph\">{\"@context\":\"https:\/\/schema.org\",\"@graph\":[{\"@type\":\"Article\",\"@id\":\"https:\/\/valeriazunino.it\/blog\/2016\/12\/19\/oggi-piancastagnaveramente-ieriessendo-le-2\/#article\",\"isPartOf\":{\"@id\":\"https:\/\/valeriazunino.it\/blog\/2016\/12\/19\/oggi-piancastagnaveramente-ieriessendo-le-2\/\"},\"author\":{\"name\":\"Valeria\",\"@id\":\"https:\/\/valeriazunino.it\/blog\/#\/schema\/person\/8cdafe297c88eeb291db056286b0ae2a\"},\"headline\":\"oggi a Piancastagna\u2026veramente ieri\u2026essendo le 2 am..\",\"datePublished\":\"2016-12-19T00:18:55+00:00\",\"mainEntityOfPage\":{\"@id\":\"https:\/\/valeriazunino.it\/blog\/2016\/12\/19\/oggi-piancastagnaveramente-ieriessendo-le-2\/\"},\"wordCount\":537,\"commentCount\":0,\"articleSection\":[\"pensieri\"],\"inLanguage\":\"it-IT\",\"potentialAction\":[{\"@type\":\"CommentAction\",\"name\":\"Comment\",\"target\":[\"https:\/\/valeriazunino.it\/blog\/2016\/12\/19\/oggi-piancastagnaveramente-ieriessendo-le-2\/#respond\"]}]},{\"@type\":\"WebPage\",\"@id\":\"https:\/\/valeriazunino.it\/blog\/2016\/12\/19\/oggi-piancastagnaveramente-ieriessendo-le-2\/\",\"url\":\"https:\/\/valeriazunino.it\/blog\/2016\/12\/19\/oggi-piancastagnaveramente-ieriessendo-le-2\/\",\"name\":\"oggi a Piancastagna\u2026veramente ieri\u2026essendo le 2 am.. - ValeVz\",\"isPartOf\":{\"@id\":\"https:\/\/valeriazunino.it\/blog\/#website\"},\"datePublished\":\"2016-12-19T00:18:55+00:00\",\"author\":{\"@id\":\"https:\/\/valeriazunino.it\/blog\/#\/schema\/person\/8cdafe297c88eeb291db056286b0ae2a\"},\"breadcrumb\":{\"@id\":\"https:\/\/valeriazunino.it\/blog\/2016\/12\/19\/oggi-piancastagnaveramente-ieriessendo-le-2\/#breadcrumb\"},\"inLanguage\":\"it-IT\",\"potentialAction\":[{\"@type\":\"ReadAction\",\"target\":[\"https:\/\/valeriazunino.it\/blog\/2016\/12\/19\/oggi-piancastagnaveramente-ieriessendo-le-2\/\"]}]},{\"@type\":\"BreadcrumbList\",\"@id\":\"https:\/\/valeriazunino.it\/blog\/2016\/12\/19\/oggi-piancastagnaveramente-ieriessendo-le-2\/#breadcrumb\",\"itemListElement\":[{\"@type\":\"ListItem\",\"position\":1,\"name\":\"Home\",\"item\":\"https:\/\/valeriazunino.it\/blog\/\"},{\"@type\":\"ListItem\",\"position\":2,\"name\":\"oggi a Piancastagna\u2026veramente ieri\u2026essendo le 2 am..\"}]},{\"@type\":\"WebSite\",\"@id\":\"https:\/\/valeriazunino.it\/blog\/#website\",\"url\":\"https:\/\/valeriazunino.it\/blog\/\",\"name\":\"ValeVz\",\"description\":\"il mio sito\",\"potentialAction\":[{\"@type\":\"SearchAction\",\"target\":{\"@type\":\"EntryPoint\",\"urlTemplate\":\"https:\/\/valeriazunino.it\/blog\/?s={search_term_string}\"},\"query-input\":{\"@type\":\"PropertyValueSpecification\",\"valueRequired\":true,\"valueName\":\"search_term_string\"}}],\"inLanguage\":\"it-IT\"},{\"@type\":\"Person\",\"@id\":\"https:\/\/valeriazunino.it\/blog\/#\/schema\/person\/8cdafe297c88eeb291db056286b0ae2a\",\"name\":\"Valeria\",\"image\":{\"@type\":\"ImageObject\",\"inLanguage\":\"it-IT\",\"@id\":\"https:\/\/valeriazunino.it\/blog\/#\/schema\/person\/image\/\",\"url\":\"https:\/\/secure.gravatar.com\/avatar\/4196ffa01e9ac5ef46888ac2c82ba7543ee2f63f9331c6e05282c2ff05645fe2?s=96&d=mm&r=g\",\"contentUrl\":\"https:\/\/secure.gravatar.com\/avatar\/4196ffa01e9ac5ef46888ac2c82ba7543ee2f63f9331c6e05282c2ff05645fe2?s=96&d=mm&r=g\",\"caption\":\"Valeria\"}}]}<\/script>\n<!-- \/ Yoast SEO plugin. -->","yoast_head_json":{"title":"oggi a Piancastagna\u2026veramente ieri\u2026essendo le 2 am.. - ValeVz","robots":{"index":"index","follow":"follow","max-snippet":"max-snippet:-1","max-image-preview":"max-image-preview:large","max-video-preview":"max-video-preview:-1"},"canonical":"https:\/\/valeriazunino.it\/blog\/2016\/12\/19\/oggi-piancastagnaveramente-ieriessendo-le-2\/","og_locale":"it_IT","og_type":"article","og_title":"oggi a Piancastagna\u2026veramente ieri\u2026essendo le 2 am.. - ValeVz","og_description":"Stamattina siamo andati a Piancastagna per dare l\u2019ultimo saluto a Gusti , lo zio di un mio amico d\u2019infanzia. Gusti \u00e8 sempre stata una persona allegra , generosa disponibile, una colonna portante per il paese. Se c era necessit\u00e0 faceva qualche piccola commissione per i suoi amici che , anziani come lui , magari , &hellip; Continua la lettura di oggi a Piancastagna\u2026veramente ieri\u2026essendo le 2 am.. &rarr;","og_url":"https:\/\/valeriazunino.it\/blog\/2016\/12\/19\/oggi-piancastagnaveramente-ieriessendo-le-2\/","og_site_name":"ValeVz","article_publisher":"https:\/\/www.facebook.com\/valeria.zunino.7","article_published_time":"2016-12-19T00:18:55+00:00","author":"Valeria","twitter_card":"summary_large_image","twitter_creator":"@valezunin","twitter_site":"@valezunin","twitter_misc":{"Scritto da":"Valeria","Tempo di lettura stimato":"3 minuti"},"schema":{"@context":"https:\/\/schema.org","@graph":[{"@type":"Article","@id":"https:\/\/valeriazunino.it\/blog\/2016\/12\/19\/oggi-piancastagnaveramente-ieriessendo-le-2\/#article","isPartOf":{"@id":"https:\/\/valeriazunino.it\/blog\/2016\/12\/19\/oggi-piancastagnaveramente-ieriessendo-le-2\/"},"author":{"name":"Valeria","@id":"https:\/\/valeriazunino.it\/blog\/#\/schema\/person\/8cdafe297c88eeb291db056286b0ae2a"},"headline":"oggi a Piancastagna\u2026veramente ieri\u2026essendo le 2 am..","datePublished":"2016-12-19T00:18:55+00:00","mainEntityOfPage":{"@id":"https:\/\/valeriazunino.it\/blog\/2016\/12\/19\/oggi-piancastagnaveramente-ieriessendo-le-2\/"},"wordCount":537,"commentCount":0,"articleSection":["pensieri"],"inLanguage":"it-IT","potentialAction":[{"@type":"CommentAction","name":"Comment","target":["https:\/\/valeriazunino.it\/blog\/2016\/12\/19\/oggi-piancastagnaveramente-ieriessendo-le-2\/#respond"]}]},{"@type":"WebPage","@id":"https:\/\/valeriazunino.it\/blog\/2016\/12\/19\/oggi-piancastagnaveramente-ieriessendo-le-2\/","url":"https:\/\/valeriazunino.it\/blog\/2016\/12\/19\/oggi-piancastagnaveramente-ieriessendo-le-2\/","name":"oggi a Piancastagna\u2026veramente ieri\u2026essendo le 2 am.. - ValeVz","isPartOf":{"@id":"https:\/\/valeriazunino.it\/blog\/#website"},"datePublished":"2016-12-19T00:18:55+00:00","author":{"@id":"https:\/\/valeriazunino.it\/blog\/#\/schema\/person\/8cdafe297c88eeb291db056286b0ae2a"},"breadcrumb":{"@id":"https:\/\/valeriazunino.it\/blog\/2016\/12\/19\/oggi-piancastagnaveramente-ieriessendo-le-2\/#breadcrumb"},"inLanguage":"it-IT","potentialAction":[{"@type":"ReadAction","target":["https:\/\/valeriazunino.it\/blog\/2016\/12\/19\/oggi-piancastagnaveramente-ieriessendo-le-2\/"]}]},{"@type":"BreadcrumbList","@id":"https:\/\/valeriazunino.it\/blog\/2016\/12\/19\/oggi-piancastagnaveramente-ieriessendo-le-2\/#breadcrumb","itemListElement":[{"@type":"ListItem","position":1,"name":"Home","item":"https:\/\/valeriazunino.it\/blog\/"},{"@type":"ListItem","position":2,"name":"oggi a Piancastagna\u2026veramente ieri\u2026essendo le 2 am.."}]},{"@type":"WebSite","@id":"https:\/\/valeriazunino.it\/blog\/#website","url":"https:\/\/valeriazunino.it\/blog\/","name":"ValeVz","description":"il mio sito","potentialAction":[{"@type":"SearchAction","target":{"@type":"EntryPoint","urlTemplate":"https:\/\/valeriazunino.it\/blog\/?s={search_term_string}"},"query-input":{"@type":"PropertyValueSpecification","valueRequired":true,"valueName":"search_term_string"}}],"inLanguage":"it-IT"},{"@type":"Person","@id":"https:\/\/valeriazunino.it\/blog\/#\/schema\/person\/8cdafe297c88eeb291db056286b0ae2a","name":"Valeria","image":{"@type":"ImageObject","inLanguage":"it-IT","@id":"https:\/\/valeriazunino.it\/blog\/#\/schema\/person\/image\/","url":"https:\/\/secure.gravatar.com\/avatar\/4196ffa01e9ac5ef46888ac2c82ba7543ee2f63f9331c6e05282c2ff05645fe2?s=96&d=mm&r=g","contentUrl":"https:\/\/secure.gravatar.com\/avatar\/4196ffa01e9ac5ef46888ac2c82ba7543ee2f63f9331c6e05282c2ff05645fe2?s=96&d=mm&r=g","caption":"Valeria"}}]}},"post_mailing_queue_ids":[],"_links":{"self":[{"href":"https:\/\/valeriazunino.it\/blog\/wp-json\/wp\/v2\/posts\/1015","targetHints":{"allow":["GET"]}}],"collection":[{"href":"https:\/\/valeriazunino.it\/blog\/wp-json\/wp\/v2\/posts"}],"about":[{"href":"https:\/\/valeriazunino.it\/blog\/wp-json\/wp\/v2\/types\/post"}],"author":[{"embeddable":true,"href":"https:\/\/valeriazunino.it\/blog\/wp-json\/wp\/v2\/users\/1"}],"replies":[{"embeddable":true,"href":"https:\/\/valeriazunino.it\/blog\/wp-json\/wp\/v2\/comments?post=1015"}],"version-history":[{"count":1,"href":"https:\/\/valeriazunino.it\/blog\/wp-json\/wp\/v2\/posts\/1015\/revisions"}],"predecessor-version":[{"id":1016,"href":"https:\/\/valeriazunino.it\/blog\/wp-json\/wp\/v2\/posts\/1015\/revisions\/1016"}],"wp:attachment":[{"href":"https:\/\/valeriazunino.it\/blog\/wp-json\/wp\/v2\/media?parent=1015"}],"wp:term":[{"taxonomy":"category","embeddable":true,"href":"https:\/\/valeriazunino.it\/blog\/wp-json\/wp\/v2\/categories?post=1015"},{"taxonomy":"post_tag","embeddable":true,"href":"https:\/\/valeriazunino.it\/blog\/wp-json\/wp\/v2\/tags?post=1015"}],"curies":[{"name":"wp","href":"https:\/\/api.w.org\/{rel}","templated":true}]}}