{"id":1041,"date":"2016-12-22T00:34:56","date_gmt":"2016-12-21T23:34:56","guid":{"rendered":"http:\/\/2.225.140.8\/wordpress2\/?p=1041"},"modified":"2016-12-22T01:05:48","modified_gmt":"2016-12-22T00:05:48","slug":"incontro-anna-karenina-figlio-sereza","status":"publish","type":"post","link":"https:\/\/valeriazunino.it\/blog\/2016\/12\/22\/incontro-anna-karenina-figlio-sereza\/","title":{"rendered":"incontro di Anna Karenina con il figlio Sereza."},"content":{"rendered":"<ul>\n<li>Trovare il pezzo che sto x scrivervi non \u00e8 stato facile, sapevo essere nel secondo tomo ma mi sembrava pi\u00f9 avanti, verso la fine e invece no.<\/li>\n<\/ul>\n<p>&nbsp;<\/p>\n<h5 style=\"text-align: left;\">&#8220;<strong>Anna si ferm\u00f2, \u00a0aspettando. -S&#8217;\u00e8 \u00a0appena ,svegliato &#8211; \u00a0disse il portinaio, \u00a0uscendo di nuovo dalla porta. \u00a0E, nel momento in cui il portiere disse questo, Anna senti&#8217; il rumore di uno sbadiglio infantile . Dalla sola intonazione di questo sbadiglio riconobbe il figlio e lo vide come vivo davanti a se&#8217; . \u00a0-Lasciami, lasciami , vai!- disse ed entr\u00f2 nella porta alta. A destra della porta c&#8217;era un letto e sul letto stava seduto, \u00a0sollevandosi, un bambino con indosso la sola camicia sbottonata , e, con il corpicino piegato, stirandosi, finiva di sbadigliare . Nello stesso momento in cui le sue labbra si unirono, \u00a0esse si atteggiarono a un sorriso beatamente sonnolento e con questo sorriso egli ricadde di nuovo indietro lentamente e con dolcezza.<\/strong><\/h5>\n<h5>-Sereza!- mormoro&#8217; \u00a0lei, avvicinandosi a lui senza far rumore. Nel periodo del distacco da lui e in quell&#8217;afflusso d&#8217;amore che aveva provato in tutto quel tempo, \u00a0lei se lo immaginava come un bambino di quattro anni , come pi\u00f9 di tutto l&#8217;aveva amato. Adesso non era pi\u00f9 come lei lo aveva lasciato ; era ancora pi\u00f9 lontano da quello che era stato a quattro anni , era cresciuto ancora e dimagrito. Ma cos&#8217;era questo?Com&#8217;era affinato il suo viso , corti i suoi capelli ! Che braccia lunghe! Com&#8217;era cambiato da quando l&#8217;aveva lasciato ! Eppure era lui , con la forma della sua testa , con le sue labbra, con il suo piccolo collo morbido e le spallucce larghe. \u00a0-Sereza!- Ripet\u00e9 proprio sull&#8217;orecchio del bambino. Lui si sollev\u00f2 di nuovo su un gomito, \u00a0gir\u00f2 la testa scapigliata da tutte e due le parti , come cercando qualcosa , e apr\u00ec \u00a0gli occhi. Per alcuni secondi guard\u00f2 silenziosamente e interrogativamente la madre che stava sopra di lui, poi ad un tratto sorrise di beatitudine e , chiusi di nuovo \u00a0gli occhi che gli si appiccicavano , si lasci\u00f2 cadere gi\u00f9, \u00a0ma non riverso, \u00a0bens\u00ec verso di lei , verso le braccia di lei. \u00a0 &#8211; Sereza! Mio bambino caro!- proferi&#8217; Anna , sentendosi soffocare e cingendo con le braccia il suo corpo paffuto. \u00a0&#8211; Mamma!- disse lui, muovendosi sotto le sue mani per toccare quelle mani con le varie parti del corpo. \u00a0Sorridendo assonnato , sempre con gli occhi chiusi , attraverso la spalliera del letto si afferr\u00f2 con le manine paffute alle spalle di lei, si lasci\u00f2 andare addosso a lei, inondandola di quel caro odor di sonno e di tepore che hanno solamente i bambini e cominci\u00f2 a fregarsi con il viso contro il suo collo e le sue spalle. &#8211; Lo sapevo! &#8211; disse, \u00a0aprendo gli occhi. &#8211; oggi \u00e8 il mio compleanno . Lo sapevo che saresti venuta. Adesso mi alzo- \u00a0E , dicendo questo, si addormentava di nuovo. Anna lo scrutava avidamente ; vedeva com&#8217;era cresciuto e cambiato in sua assenza. Riconosceva e non riconosceva le sue gambe nude, adesso cosi lunghe, che si erano liberate della coperta; riconosceva quelle guance smagrite , quei riccioli corti, tagliati, sulla nuca, dove l aveva baciato cos\u00ec spesso. Tastava tutto questo e non poteva dir nulla ; le lacrime la soffocavano . &#8211; Perch\u00e9 piangi mamma?- disse lui svegliandosi del tutto -Mamma perch\u00e9 \u00a0piangi? &#8211; grid\u00f2 con voce piagnucolosa. \u00a0 &#8211; Io? No, non piangero&#8217; pi\u00f9. ..piango dalla gioia . Era tanto tempo che non ti vedevo. \u00a0Non lo faro&#8217; pi\u00f9, \u00a0non lo far\u00f2 pi\u00f9 &#8211; disse inghiottendo le lacrime e voltandosi dall&#8217;altra parte . &#8211; Be&#8217; adesso tu devi vestirti , &#8211; aggiunse dopo essersi ripresa e aver taciuto un poco, \u00a0e, senza lasciar la sua mano , si sedette accanto al letto su una sedia dove erano preparati i vestiti. \u00a0&#8211; Come fai a vestirti senza di me ? Come. ..- \u00a0avrebbe voluto cominciare a parlare in modo semplice e allegro, ma non pot\u00e9 e si volt\u00f2 \u00a0di nuovo dall&#8217;altra parte. \u00a0 &#8211; Non mi lavo con l acqua fredda, \u00a0il pap\u00e0 non voleva . E Vasilij Lukic non l hai visto? \u00a0Verr\u00e0. \u00a0Ma tu ti sei seduta sul mio vestito! &#8211; e Sereza scoppi\u00f2 a ridere. Lei lo guard\u00f2 \u00a0e sorrise. \u00a0-Mamma, \u00a0mammina cara !- \u00a0grid\u00f2 lui, gettandosi di nuovo verso di lei e abbracciandola . Come se soltanto ora , dopo aver visto il suo \u00a0sorriso, avesse chiaramente compreso che cosa succedeva. \u00a0&#8211; Questo no, non ci vuole ,- disse togliendole il cappello. E , come se l&#8217; avesse vista un&#8217;altra volta che era senza cappello, si butt\u00f2 \u00a0di nuovo a baciarla. \u00a0&#8211; Ma cosa pensavi di me? \u00a0Non pensavi che fossi morta? &#8211; \u00a0 -non ci ho mai creduto- \u00a0-Non ci credevi, piccolo mio?- \u00a0-Lo sapevo, lo sapevo!- ripeteva lui la sua frase preferita e, afferatale la mano che gli \u00a0carezzava i capelli, \u00a0cominci\u00f2 a premerla con il palmo alla propria bocca e a baciarla&#8230;&#8230;&#8230;.<\/h5>\n<h5>&#8230;&#8230;.<strong> Lei gli si avvicin\u00f2. \u00a0&#8211; mio caro!- disse. \u00a0Non poteva dire addio , ma l espressione del suo viso lo diceva e lui lo cap\u00ec. \u00a0 &#8211; Caro, caro Kutik!- disse con il nome con cui lo chiamava da piccolo, &#8211; Non mi dimenticherai? \u00a0Tu&#8230;- \u00a0ma non pot\u00e9 dir altro. Quante parole penso&#8217; poi che avrebbe potuto dirgli ! Ma adesso non sapeva e non poteva dirgli nulla . Lui cap\u00ec che lei era infelice \u00a0e lo amava . Cap\u00ec anche che la njanja diceva in un bisbiglio . Aveva sentito le parole: -sempre dopo le otto- e aveva capito che questo era stato detto a proposito del padre e che il padre e la madre non dovevano incontrarsi . Questo lo capiva, \u00a0ma una cosa non poteva capire: perch\u00e9 sulla sua faccia erano apparsi lo spavento e la vergogna? &#8230; lei non era colpevole , ma aveva paura di lui e si vergognava di qualcosa. Avrebbe voluto fare \u00a0una domanda che gli avrebbe chiarito questo dubbio , ma non osava farla : vedeva che lei soffriva e ne aveva compassione. Si strinse a lei in silenzio e mormor\u00f2 : -non andartene ancora. \u00a0Non verr\u00e0 presto.- \u00a0La madre lo allontan\u00f2 da s\u00e9 per capire se lui pensava a quel che diceva e nell&#8217;espressione spaventata del suo viso lesse che lui non solo parlava del padre ma pareva domandare che cosa dovesse pensare del padre. \u00a0&#8211; Sereza mio caro- disse- voglili bene , lui \u00e8 migliore e pi\u00f9 \u00a0buono di me e di fronte a lui io sono colpevole . Quando sarai cresciuto, giudicherai- \u00a0 -Meglio di te non c&#8217;\u00e8 nessuno!&#8230;.- grid\u00f2 Sereza con disperazione attraverso le lacrime e , afferratala per le spalle, cominci\u00f2 con tutte le forze a stringerla a s\u00e9 \u00a0con le braccia tremanti per la tensione. \u00a0-Anima mia , piccolo mio!- \u00a0disse Anna e anche lei si mise a piangere debolmente , infantilmente, come piangeva lui. In quel momento si apr\u00ec \u00a0la porta, \u00a0ed entr\u00f2 Vasjlij Lukic. All&#8217;altra porta si udirono dei passi \u00a0e la njanja disse con un bisbiglio spaventato : &#8211; viene- e porse il cappello ad Anna . \u00a0Sereza si lasci\u00f2 cadere sul letto e scoppi\u00f2 in singhiozzi , coprendosi la faccia con le mani. Anna stacc\u00f2 quelle mani , bacio&#8217; ancora una volta il suo viso bagnato e and\u00f2 a passi rapidi verso la porta. \u00a0Aleksej Aleksandrovic \u00a0(il marito) veniva nella sua direzione. Vistala si ferm\u00f2 \u00a0e chino&#8217; la testa . Bench\u00e9 essa avesse appena detto che egli era migliore e piu&#8217; buono di lei, \u00a0nel rapido sguardo che gli getto&#8217; , abbracciando tutta la sua figura in ogni particolare, \u00a0l&#8217;assali&#8217; un senso di disgusto e di rancore verso di lui e d&#8217;invidia per il figlio. \u00a0Con un gesto rapido abbasso&#8217; il velo e, affrettato il passo, usc\u00ec di corsa dalla stanza . Non aveva fatto in tempo a tirar fuori i giocattoli e li riport\u00f2 \u00a0a casa \u00a0cos\u00ec come erano, \u00a0quei giocattoli che con tanto amore e tristezza il giorno prima aveva scelto nel negozio.<\/strong><\/h5>\n<p>&nbsp;<\/p>\n<p>Magari&#8230;. copia incolla \u00a0&#8230;. copiato a mano dal libro direttamente con lo smartphone&#8230; impresa &#8230; \u00a0ma ne \u00e8 \u00a0valsa la pena!!!<\/p>\n","protected":false},"excerpt":{"rendered":"<p>Trovare il pezzo che sto x scrivervi non \u00e8 stato facile, sapevo essere nel secondo tomo ma mi sembrava pi\u00f9 avanti, verso la fine e invece no. &nbsp; &#8220;Anna si ferm\u00f2, \u00a0aspettando. -S&#8217;\u00e8 \u00a0appena ,svegliato &#8211; \u00a0disse il portinaio, \u00a0uscendo di nuovo dalla porta. \u00a0E, nel momento in cui il portiere disse questo, Anna senti&#8217; &hellip; <a href=\"https:\/\/valeriazunino.it\/blog\/2016\/12\/22\/incontro-anna-karenina-figlio-sereza\/\" class=\"more-link\">Continua la lettura di <span class=\"screen-reader-text\">incontro di Anna Karenina con il figlio Sereza.<\/span> <span class=\"meta-nav\">&rarr;<\/span><\/a><\/p>\n","protected":false},"author":1,"featured_media":0,"comment_status":"open","ping_status":"open","sticky":false,"template":"","format":"standard","meta":{"footnotes":""},"categories":[15],"tags":[16],"class_list":["post-1041","post","type-post","status-publish","format-standard","hentry","category-libri","tag-libri"],"yoast_head":"<!-- This site is optimized with the Yoast SEO plugin v27.0 - https:\/\/yoast.com\/product\/yoast-seo-wordpress\/ -->\n<title>incontro di Anna Karenina con il figlio Sereza. - ValeVz<\/title>\n<meta name=\"robots\" content=\"index, follow, max-snippet:-1, max-image-preview:large, max-video-preview:-1\" \/>\n<link rel=\"canonical\" href=\"https:\/\/valeriazunino.it\/blog\/2016\/12\/22\/incontro-anna-karenina-figlio-sereza\/\" \/>\n<meta property=\"og:locale\" content=\"it_IT\" \/>\n<meta property=\"og:type\" content=\"article\" \/>\n<meta property=\"og:title\" content=\"incontro di Anna Karenina con il figlio Sereza. - ValeVz\" \/>\n<meta property=\"og:description\" content=\"Trovare il pezzo che sto x scrivervi non \u00e8 stato facile, sapevo essere nel secondo tomo ma mi sembrava pi\u00f9 avanti, verso la fine e invece no. &nbsp; &#8220;Anna si ferm\u00f2, \u00a0aspettando. -S&#8217;\u00e8 \u00a0appena ,svegliato &#8211; \u00a0disse il portinaio, \u00a0uscendo di nuovo dalla porta. \u00a0E, nel momento in cui il portiere disse questo, Anna senti&#8217; &hellip; Continua la lettura di incontro di Anna Karenina con il figlio Sereza. &rarr;\" \/>\n<meta property=\"og:url\" content=\"https:\/\/valeriazunino.it\/blog\/2016\/12\/22\/incontro-anna-karenina-figlio-sereza\/\" \/>\n<meta property=\"og:site_name\" content=\"ValeVz\" \/>\n<meta property=\"article:publisher\" content=\"https:\/\/www.facebook.com\/valeria.zunino.7\" \/>\n<meta property=\"article:published_time\" content=\"2016-12-21T23:34:56+00:00\" \/>\n<meta property=\"article:modified_time\" content=\"2016-12-22T00:05:48+00:00\" \/>\n<meta name=\"author\" content=\"Valeria\" \/>\n<meta name=\"twitter:card\" content=\"summary_large_image\" \/>\n<meta name=\"twitter:creator\" content=\"@valezunin\" \/>\n<meta name=\"twitter:site\" content=\"@valezunin\" \/>\n<meta name=\"twitter:label1\" content=\"Scritto da\" \/>\n\t<meta name=\"twitter:data1\" content=\"Valeria\" \/>\n\t<meta name=\"twitter:label2\" content=\"Tempo di lettura stimato\" \/>\n\t<meta name=\"twitter:data2\" content=\"6 minuti\" \/>\n<script type=\"application\/ld+json\" class=\"yoast-schema-graph\">{\"@context\":\"https:\/\/schema.org\",\"@graph\":[{\"@type\":\"Article\",\"@id\":\"https:\/\/valeriazunino.it\/blog\/2016\/12\/22\/incontro-anna-karenina-figlio-sereza\/#article\",\"isPartOf\":{\"@id\":\"https:\/\/valeriazunino.it\/blog\/2016\/12\/22\/incontro-anna-karenina-figlio-sereza\/\"},\"author\":{\"name\":\"Valeria\",\"@id\":\"https:\/\/valeriazunino.it\/blog\/#\/schema\/person\/8cdafe297c88eeb291db056286b0ae2a\"},\"headline\":\"incontro di Anna Karenina con il figlio Sereza.\",\"datePublished\":\"2016-12-21T23:34:56+00:00\",\"dateModified\":\"2016-12-22T00:05:48+00:00\",\"mainEntityOfPage\":{\"@id\":\"https:\/\/valeriazunino.it\/blog\/2016\/12\/22\/incontro-anna-karenina-figlio-sereza\/\"},\"wordCount\":1318,\"commentCount\":0,\"keywords\":[\"libri\"],\"articleSection\":[\"libri\"],\"inLanguage\":\"it-IT\",\"potentialAction\":[{\"@type\":\"CommentAction\",\"name\":\"Comment\",\"target\":[\"https:\/\/valeriazunino.it\/blog\/2016\/12\/22\/incontro-anna-karenina-figlio-sereza\/#respond\"]}]},{\"@type\":\"WebPage\",\"@id\":\"https:\/\/valeriazunino.it\/blog\/2016\/12\/22\/incontro-anna-karenina-figlio-sereza\/\",\"url\":\"https:\/\/valeriazunino.it\/blog\/2016\/12\/22\/incontro-anna-karenina-figlio-sereza\/\",\"name\":\"incontro di Anna Karenina con il figlio Sereza. - ValeVz\",\"isPartOf\":{\"@id\":\"https:\/\/valeriazunino.it\/blog\/#website\"},\"datePublished\":\"2016-12-21T23:34:56+00:00\",\"dateModified\":\"2016-12-22T00:05:48+00:00\",\"author\":{\"@id\":\"https:\/\/valeriazunino.it\/blog\/#\/schema\/person\/8cdafe297c88eeb291db056286b0ae2a\"},\"breadcrumb\":{\"@id\":\"https:\/\/valeriazunino.it\/blog\/2016\/12\/22\/incontro-anna-karenina-figlio-sereza\/#breadcrumb\"},\"inLanguage\":\"it-IT\",\"potentialAction\":[{\"@type\":\"ReadAction\",\"target\":[\"https:\/\/valeriazunino.it\/blog\/2016\/12\/22\/incontro-anna-karenina-figlio-sereza\/\"]}]},{\"@type\":\"BreadcrumbList\",\"@id\":\"https:\/\/valeriazunino.it\/blog\/2016\/12\/22\/incontro-anna-karenina-figlio-sereza\/#breadcrumb\",\"itemListElement\":[{\"@type\":\"ListItem\",\"position\":1,\"name\":\"Home\",\"item\":\"https:\/\/valeriazunino.it\/blog\/\"},{\"@type\":\"ListItem\",\"position\":2,\"name\":\"incontro di Anna Karenina con il figlio Sereza.\"}]},{\"@type\":\"WebSite\",\"@id\":\"https:\/\/valeriazunino.it\/blog\/#website\",\"url\":\"https:\/\/valeriazunino.it\/blog\/\",\"name\":\"ValeVz\",\"description\":\"il mio sito\",\"potentialAction\":[{\"@type\":\"SearchAction\",\"target\":{\"@type\":\"EntryPoint\",\"urlTemplate\":\"https:\/\/valeriazunino.it\/blog\/?s={search_term_string}\"},\"query-input\":{\"@type\":\"PropertyValueSpecification\",\"valueRequired\":true,\"valueName\":\"search_term_string\"}}],\"inLanguage\":\"it-IT\"},{\"@type\":\"Person\",\"@id\":\"https:\/\/valeriazunino.it\/blog\/#\/schema\/person\/8cdafe297c88eeb291db056286b0ae2a\",\"name\":\"Valeria\",\"image\":{\"@type\":\"ImageObject\",\"inLanguage\":\"it-IT\",\"@id\":\"https:\/\/valeriazunino.it\/blog\/#\/schema\/person\/image\/\",\"url\":\"https:\/\/secure.gravatar.com\/avatar\/4196ffa01e9ac5ef46888ac2c82ba7543ee2f63f9331c6e05282c2ff05645fe2?s=96&d=mm&r=g\",\"contentUrl\":\"https:\/\/secure.gravatar.com\/avatar\/4196ffa01e9ac5ef46888ac2c82ba7543ee2f63f9331c6e05282c2ff05645fe2?s=96&d=mm&r=g\",\"caption\":\"Valeria\"}}]}<\/script>\n<!-- \/ Yoast SEO plugin. -->","yoast_head_json":{"title":"incontro di Anna Karenina con il figlio Sereza. - ValeVz","robots":{"index":"index","follow":"follow","max-snippet":"max-snippet:-1","max-image-preview":"max-image-preview:large","max-video-preview":"max-video-preview:-1"},"canonical":"https:\/\/valeriazunino.it\/blog\/2016\/12\/22\/incontro-anna-karenina-figlio-sereza\/","og_locale":"it_IT","og_type":"article","og_title":"incontro di Anna Karenina con il figlio Sereza. - ValeVz","og_description":"Trovare il pezzo che sto x scrivervi non \u00e8 stato facile, sapevo essere nel secondo tomo ma mi sembrava pi\u00f9 avanti, verso la fine e invece no. &nbsp; &#8220;Anna si ferm\u00f2, \u00a0aspettando. -S&#8217;\u00e8 \u00a0appena ,svegliato &#8211; \u00a0disse il portinaio, \u00a0uscendo di nuovo dalla porta. \u00a0E, nel momento in cui il portiere disse questo, Anna senti&#8217; &hellip; Continua la lettura di incontro di Anna Karenina con il figlio Sereza. &rarr;","og_url":"https:\/\/valeriazunino.it\/blog\/2016\/12\/22\/incontro-anna-karenina-figlio-sereza\/","og_site_name":"ValeVz","article_publisher":"https:\/\/www.facebook.com\/valeria.zunino.7","article_published_time":"2016-12-21T23:34:56+00:00","article_modified_time":"2016-12-22T00:05:48+00:00","author":"Valeria","twitter_card":"summary_large_image","twitter_creator":"@valezunin","twitter_site":"@valezunin","twitter_misc":{"Scritto da":"Valeria","Tempo di lettura stimato":"6 minuti"},"schema":{"@context":"https:\/\/schema.org","@graph":[{"@type":"Article","@id":"https:\/\/valeriazunino.it\/blog\/2016\/12\/22\/incontro-anna-karenina-figlio-sereza\/#article","isPartOf":{"@id":"https:\/\/valeriazunino.it\/blog\/2016\/12\/22\/incontro-anna-karenina-figlio-sereza\/"},"author":{"name":"Valeria","@id":"https:\/\/valeriazunino.it\/blog\/#\/schema\/person\/8cdafe297c88eeb291db056286b0ae2a"},"headline":"incontro di Anna Karenina con il figlio Sereza.","datePublished":"2016-12-21T23:34:56+00:00","dateModified":"2016-12-22T00:05:48+00:00","mainEntityOfPage":{"@id":"https:\/\/valeriazunino.it\/blog\/2016\/12\/22\/incontro-anna-karenina-figlio-sereza\/"},"wordCount":1318,"commentCount":0,"keywords":["libri"],"articleSection":["libri"],"inLanguage":"it-IT","potentialAction":[{"@type":"CommentAction","name":"Comment","target":["https:\/\/valeriazunino.it\/blog\/2016\/12\/22\/incontro-anna-karenina-figlio-sereza\/#respond"]}]},{"@type":"WebPage","@id":"https:\/\/valeriazunino.it\/blog\/2016\/12\/22\/incontro-anna-karenina-figlio-sereza\/","url":"https:\/\/valeriazunino.it\/blog\/2016\/12\/22\/incontro-anna-karenina-figlio-sereza\/","name":"incontro di Anna Karenina con il figlio Sereza. - ValeVz","isPartOf":{"@id":"https:\/\/valeriazunino.it\/blog\/#website"},"datePublished":"2016-12-21T23:34:56+00:00","dateModified":"2016-12-22T00:05:48+00:00","author":{"@id":"https:\/\/valeriazunino.it\/blog\/#\/schema\/person\/8cdafe297c88eeb291db056286b0ae2a"},"breadcrumb":{"@id":"https:\/\/valeriazunino.it\/blog\/2016\/12\/22\/incontro-anna-karenina-figlio-sereza\/#breadcrumb"},"inLanguage":"it-IT","potentialAction":[{"@type":"ReadAction","target":["https:\/\/valeriazunino.it\/blog\/2016\/12\/22\/incontro-anna-karenina-figlio-sereza\/"]}]},{"@type":"BreadcrumbList","@id":"https:\/\/valeriazunino.it\/blog\/2016\/12\/22\/incontro-anna-karenina-figlio-sereza\/#breadcrumb","itemListElement":[{"@type":"ListItem","position":1,"name":"Home","item":"https:\/\/valeriazunino.it\/blog\/"},{"@type":"ListItem","position":2,"name":"incontro di Anna Karenina con il figlio Sereza."}]},{"@type":"WebSite","@id":"https:\/\/valeriazunino.it\/blog\/#website","url":"https:\/\/valeriazunino.it\/blog\/","name":"ValeVz","description":"il mio sito","potentialAction":[{"@type":"SearchAction","target":{"@type":"EntryPoint","urlTemplate":"https:\/\/valeriazunino.it\/blog\/?s={search_term_string}"},"query-input":{"@type":"PropertyValueSpecification","valueRequired":true,"valueName":"search_term_string"}}],"inLanguage":"it-IT"},{"@type":"Person","@id":"https:\/\/valeriazunino.it\/blog\/#\/schema\/person\/8cdafe297c88eeb291db056286b0ae2a","name":"Valeria","image":{"@type":"ImageObject","inLanguage":"it-IT","@id":"https:\/\/valeriazunino.it\/blog\/#\/schema\/person\/image\/","url":"https:\/\/secure.gravatar.com\/avatar\/4196ffa01e9ac5ef46888ac2c82ba7543ee2f63f9331c6e05282c2ff05645fe2?s=96&d=mm&r=g","contentUrl":"https:\/\/secure.gravatar.com\/avatar\/4196ffa01e9ac5ef46888ac2c82ba7543ee2f63f9331c6e05282c2ff05645fe2?s=96&d=mm&r=g","caption":"Valeria"}}]}},"post_mailing_queue_ids":[],"_links":{"self":[{"href":"https:\/\/valeriazunino.it\/blog\/wp-json\/wp\/v2\/posts\/1041","targetHints":{"allow":["GET"]}}],"collection":[{"href":"https:\/\/valeriazunino.it\/blog\/wp-json\/wp\/v2\/posts"}],"about":[{"href":"https:\/\/valeriazunino.it\/blog\/wp-json\/wp\/v2\/types\/post"}],"author":[{"embeddable":true,"href":"https:\/\/valeriazunino.it\/blog\/wp-json\/wp\/v2\/users\/1"}],"replies":[{"embeddable":true,"href":"https:\/\/valeriazunino.it\/blog\/wp-json\/wp\/v2\/comments?post=1041"}],"version-history":[{"count":6,"href":"https:\/\/valeriazunino.it\/blog\/wp-json\/wp\/v2\/posts\/1041\/revisions"}],"predecessor-version":[{"id":1047,"href":"https:\/\/valeriazunino.it\/blog\/wp-json\/wp\/v2\/posts\/1041\/revisions\/1047"}],"wp:attachment":[{"href":"https:\/\/valeriazunino.it\/blog\/wp-json\/wp\/v2\/media?parent=1041"}],"wp:term":[{"taxonomy":"category","embeddable":true,"href":"https:\/\/valeriazunino.it\/blog\/wp-json\/wp\/v2\/categories?post=1041"},{"taxonomy":"post_tag","embeddable":true,"href":"https:\/\/valeriazunino.it\/blog\/wp-json\/wp\/v2\/tags?post=1041"}],"curies":[{"name":"wp","href":"https:\/\/api.w.org\/{rel}","templated":true}]}}