{"id":1050,"date":"2016-12-23T15:17:08","date_gmt":"2016-12-23T14:17:08","guid":{"rendered":"http:\/\/2.225.140.8\/wordpress2\/?p=1050"},"modified":"2017-12-23T00:29:05","modified_gmt":"2017-12-22T23:29:05","slug":"1050","status":"publish","type":"post","link":"https:\/\/valeriazunino.it\/blog\/2016\/12\/23\/1050\/","title":{"rendered":"Buon Natale"},"content":{"rendered":"<p style=\"text-align: left;\">Con questa bellissima canzone natalizia faccio gli Auguri a tutti di cuore. Li faccio oggi \u00a0perche&#8217; , per me il periodo piu&#8217; bello e&#8217; proprio l&#8217;anti-Vigilia e la Vigilia di Natale, concordo con Leopardi, \u00a0e la teoria secondo cui \u00a0, piu&#8217;bella della festa c&#8217;e&#8217; la sua attesa , l&#8217;aspettativa, la preparazione della festa stessa &#8230; quando e&#8217;il giorno giusto, \u00a0e&#8217; gia&#8217; mezzo andato l&#8217;entusiasmo &#8230;. Natale per me \u00e8 sempre stato un periodo magico, \u00a0che mi ha sempre dato grande gioia , entusiasmo , voglia ulteriore di spendere per fare i regali , sempre scelti con cura , al di la del valore economico, pensando a chi li stavo facendo.. e non prendere per prendere qualcosa. . \u00a0Quest&#8217;anno voglio rivolgere un pensiero a tutti coloro che il Natale li fara&#8217; sentire ancora pi\u00f9 tristi perch\u00e9 hanno qualche problema da risolvere, problemi di salute o qualche situazione in sospeso\u00a0 da sistemare , xche questo periodo \u00e8 meraviglioso se ti va tutto a gonfie vele , altrimenti acuisce maggiormente i dolori, se presenti.. .. ho avuto modo di provare. . ed \u00e8 proprio cosi&#8230; perch\u00e9 si evidenzia maggiormente le problematiche in contrasto con le luci , gli sfarzi,\u00a0 la voglia di fare festa e soprattutto il sentirsi fare gli auguri&#8230; che ,se non sei in vena,\u00a0 ti fa stare ancora peggio..\u00a0 (nn ci vuole un genio per capirlo!!)\u00a0 W i Natali passati,\u00a0 a quando si credeva a Ges\u00f9 Bambino e si attendeva con un senso di magia indescrivibile il suo arrivo nella notte nagica .. a quando si affidava a una letterina,\u00a0 che non si capiva come sarebbe arrivata ma che si aveva la fiducia totale che sarebbe giunta a destinazione,\u00a0 perch\u00e9 te lo dicevano mamma e pap\u00e0, i quali\u00a0 dicevano solo cose vere e che non potevano sbagliare mai,\u00a0 si affidava la nostra richiesta\u00a0 per il regalo piu desiderato e tenuto in serbo per l&#8217;occasione che certamente non ci avrebbe deluso .. eh gi\u00e0 xche si sa che Ges\u00f9 Bambino pu\u00f2 tutto. .. basta stare bravi .. o promettere di diventarlo&#8230;??<\/p>\n<blockquote><p><a href=\"https:\/\/youtu.be\/S84RLgnz7Rs\">Happy Christmas<\/a><\/p><\/blockquote>\n","protected":false},"excerpt":{"rendered":"<p>Con questa bellissima canzone natalizia faccio gli Auguri a tutti di cuore. Li faccio oggi \u00a0perche&#8217; , per me il periodo piu&#8217; bello e&#8217; proprio l&#8217;anti-Vigilia e la Vigilia di Natale, concordo con Leopardi, \u00a0e la teoria secondo cui \u00a0, piu&#8217;bella della festa c&#8217;e&#8217; la sua attesa , l&#8217;aspettativa, la preparazione della festa stessa &#8230; &hellip; <a href=\"https:\/\/valeriazunino.it\/blog\/2016\/12\/23\/1050\/\" class=\"more-link\">Continua la lettura di <span class=\"screen-reader-text\">Buon Natale<\/span> <span class=\"meta-nav\">&rarr;<\/span><\/a><\/p>\n","protected":false},"author":1,"featured_media":0,"comment_status":"closed","ping_status":"closed","sticky":false,"template":"","format":"standard","meta":{"footnotes":""},"categories":[10,2],"tags":[11,3],"class_list":["post-1050","post","type-post","status-publish","format-standard","hentry","category-musica","category-pensieri","tag-musica","tag-pensieri"],"yoast_head":"<!-- This site is optimized with the Yoast SEO plugin v27.0 - https:\/\/yoast.com\/product\/yoast-seo-wordpress\/ -->\n<title>Buon Natale - ValeVz<\/title>\n<meta name=\"robots\" content=\"index, follow, max-snippet:-1, max-image-preview:large, max-video-preview:-1\" \/>\n<link rel=\"canonical\" href=\"https:\/\/valeriazunino.it\/blog\/2016\/12\/23\/1050\/\" \/>\n<meta property=\"og:locale\" content=\"it_IT\" \/>\n<meta property=\"og:type\" content=\"article\" \/>\n<meta property=\"og:title\" content=\"Buon Natale - ValeVz\" \/>\n<meta property=\"og:description\" content=\"Con questa bellissima canzone natalizia faccio gli Auguri a tutti di cuore. Li faccio oggi \u00a0perche&#8217; , per me il periodo piu&#8217; bello e&#8217; proprio l&#8217;anti-Vigilia e la Vigilia di Natale, concordo con Leopardi, \u00a0e la teoria secondo cui \u00a0, piu&#8217;bella della festa c&#8217;e&#8217; la sua attesa , l&#8217;aspettativa, la preparazione della festa stessa &#8230; &hellip; Continua la lettura di Buon Natale &rarr;\" \/>\n<meta property=\"og:url\" content=\"https:\/\/valeriazunino.it\/blog\/2016\/12\/23\/1050\/\" \/>\n<meta property=\"og:site_name\" content=\"ValeVz\" \/>\n<meta property=\"article:publisher\" content=\"https:\/\/www.facebook.com\/valeria.zunino.7\" \/>\n<meta property=\"article:published_time\" content=\"2016-12-23T14:17:08+00:00\" \/>\n<meta property=\"article:modified_time\" content=\"2017-12-22T23:29:05+00:00\" \/>\n<meta name=\"author\" content=\"Valeria\" \/>\n<meta name=\"twitter:card\" content=\"summary_large_image\" \/>\n<meta name=\"twitter:creator\" content=\"@valezunin\" \/>\n<meta name=\"twitter:site\" content=\"@valezunin\" \/>\n<meta name=\"twitter:label1\" content=\"Scritto da\" \/>\n\t<meta name=\"twitter:data1\" content=\"Valeria\" \/>\n\t<meta name=\"twitter:label2\" content=\"Tempo di lettura stimato\" \/>\n\t<meta name=\"twitter:data2\" content=\"2 minuti\" \/>\n<script type=\"application\/ld+json\" class=\"yoast-schema-graph\">{\"@context\":\"https:\/\/schema.org\",\"@graph\":[{\"@type\":\"Article\",\"@id\":\"https:\/\/valeriazunino.it\/blog\/2016\/12\/23\/1050\/#article\",\"isPartOf\":{\"@id\":\"https:\/\/valeriazunino.it\/blog\/2016\/12\/23\/1050\/\"},\"author\":{\"name\":\"Valeria\",\"@id\":\"https:\/\/valeriazunino.it\/blog\/#\/schema\/person\/8cdafe297c88eeb291db056286b0ae2a\"},\"headline\":\"Buon Natale\",\"datePublished\":\"2016-12-23T14:17:08+00:00\",\"dateModified\":\"2017-12-22T23:29:05+00:00\",\"mainEntityOfPage\":{\"@id\":\"https:\/\/valeriazunino.it\/blog\/2016\/12\/23\/1050\/\"},\"wordCount\":330,\"keywords\":[\"Musica\",\"Pensieri\"],\"articleSection\":[\"Musica\",\"pensieri\"],\"inLanguage\":\"it-IT\"},{\"@type\":\"WebPage\",\"@id\":\"https:\/\/valeriazunino.it\/blog\/2016\/12\/23\/1050\/\",\"url\":\"https:\/\/valeriazunino.it\/blog\/2016\/12\/23\/1050\/\",\"name\":\"Buon Natale - ValeVz\",\"isPartOf\":{\"@id\":\"https:\/\/valeriazunino.it\/blog\/#website\"},\"datePublished\":\"2016-12-23T14:17:08+00:00\",\"dateModified\":\"2017-12-22T23:29:05+00:00\",\"author\":{\"@id\":\"https:\/\/valeriazunino.it\/blog\/#\/schema\/person\/8cdafe297c88eeb291db056286b0ae2a\"},\"breadcrumb\":{\"@id\":\"https:\/\/valeriazunino.it\/blog\/2016\/12\/23\/1050\/#breadcrumb\"},\"inLanguage\":\"it-IT\",\"potentialAction\":[{\"@type\":\"ReadAction\",\"target\":[\"https:\/\/valeriazunino.it\/blog\/2016\/12\/23\/1050\/\"]}]},{\"@type\":\"BreadcrumbList\",\"@id\":\"https:\/\/valeriazunino.it\/blog\/2016\/12\/23\/1050\/#breadcrumb\",\"itemListElement\":[{\"@type\":\"ListItem\",\"position\":1,\"name\":\"Home\",\"item\":\"https:\/\/valeriazunino.it\/blog\/\"},{\"@type\":\"ListItem\",\"position\":2,\"name\":\"Buon Natale\"}]},{\"@type\":\"WebSite\",\"@id\":\"https:\/\/valeriazunino.it\/blog\/#website\",\"url\":\"https:\/\/valeriazunino.it\/blog\/\",\"name\":\"ValeVz\",\"description\":\"il mio sito\",\"potentialAction\":[{\"@type\":\"SearchAction\",\"target\":{\"@type\":\"EntryPoint\",\"urlTemplate\":\"https:\/\/valeriazunino.it\/blog\/?s={search_term_string}\"},\"query-input\":{\"@type\":\"PropertyValueSpecification\",\"valueRequired\":true,\"valueName\":\"search_term_string\"}}],\"inLanguage\":\"it-IT\"},{\"@type\":\"Person\",\"@id\":\"https:\/\/valeriazunino.it\/blog\/#\/schema\/person\/8cdafe297c88eeb291db056286b0ae2a\",\"name\":\"Valeria\",\"image\":{\"@type\":\"ImageObject\",\"inLanguage\":\"it-IT\",\"@id\":\"https:\/\/valeriazunino.it\/blog\/#\/schema\/person\/image\/\",\"url\":\"https:\/\/secure.gravatar.com\/avatar\/4196ffa01e9ac5ef46888ac2c82ba7543ee2f63f9331c6e05282c2ff05645fe2?s=96&d=mm&r=g\",\"contentUrl\":\"https:\/\/secure.gravatar.com\/avatar\/4196ffa01e9ac5ef46888ac2c82ba7543ee2f63f9331c6e05282c2ff05645fe2?s=96&d=mm&r=g\",\"caption\":\"Valeria\"}}]}<\/script>\n<!-- \/ Yoast SEO plugin. -->","yoast_head_json":{"title":"Buon Natale - ValeVz","robots":{"index":"index","follow":"follow","max-snippet":"max-snippet:-1","max-image-preview":"max-image-preview:large","max-video-preview":"max-video-preview:-1"},"canonical":"https:\/\/valeriazunino.it\/blog\/2016\/12\/23\/1050\/","og_locale":"it_IT","og_type":"article","og_title":"Buon Natale - ValeVz","og_description":"Con questa bellissima canzone natalizia faccio gli Auguri a tutti di cuore. Li faccio oggi \u00a0perche&#8217; , per me il periodo piu&#8217; bello e&#8217; proprio l&#8217;anti-Vigilia e la Vigilia di Natale, concordo con Leopardi, \u00a0e la teoria secondo cui \u00a0, piu&#8217;bella della festa c&#8217;e&#8217; la sua attesa , l&#8217;aspettativa, la preparazione della festa stessa &#8230; &hellip; Continua la lettura di Buon Natale &rarr;","og_url":"https:\/\/valeriazunino.it\/blog\/2016\/12\/23\/1050\/","og_site_name":"ValeVz","article_publisher":"https:\/\/www.facebook.com\/valeria.zunino.7","article_published_time":"2016-12-23T14:17:08+00:00","article_modified_time":"2017-12-22T23:29:05+00:00","author":"Valeria","twitter_card":"summary_large_image","twitter_creator":"@valezunin","twitter_site":"@valezunin","twitter_misc":{"Scritto da":"Valeria","Tempo di lettura stimato":"2 minuti"},"schema":{"@context":"https:\/\/schema.org","@graph":[{"@type":"Article","@id":"https:\/\/valeriazunino.it\/blog\/2016\/12\/23\/1050\/#article","isPartOf":{"@id":"https:\/\/valeriazunino.it\/blog\/2016\/12\/23\/1050\/"},"author":{"name":"Valeria","@id":"https:\/\/valeriazunino.it\/blog\/#\/schema\/person\/8cdafe297c88eeb291db056286b0ae2a"},"headline":"Buon Natale","datePublished":"2016-12-23T14:17:08+00:00","dateModified":"2017-12-22T23:29:05+00:00","mainEntityOfPage":{"@id":"https:\/\/valeriazunino.it\/blog\/2016\/12\/23\/1050\/"},"wordCount":330,"keywords":["Musica","Pensieri"],"articleSection":["Musica","pensieri"],"inLanguage":"it-IT"},{"@type":"WebPage","@id":"https:\/\/valeriazunino.it\/blog\/2016\/12\/23\/1050\/","url":"https:\/\/valeriazunino.it\/blog\/2016\/12\/23\/1050\/","name":"Buon Natale - ValeVz","isPartOf":{"@id":"https:\/\/valeriazunino.it\/blog\/#website"},"datePublished":"2016-12-23T14:17:08+00:00","dateModified":"2017-12-22T23:29:05+00:00","author":{"@id":"https:\/\/valeriazunino.it\/blog\/#\/schema\/person\/8cdafe297c88eeb291db056286b0ae2a"},"breadcrumb":{"@id":"https:\/\/valeriazunino.it\/blog\/2016\/12\/23\/1050\/#breadcrumb"},"inLanguage":"it-IT","potentialAction":[{"@type":"ReadAction","target":["https:\/\/valeriazunino.it\/blog\/2016\/12\/23\/1050\/"]}]},{"@type":"BreadcrumbList","@id":"https:\/\/valeriazunino.it\/blog\/2016\/12\/23\/1050\/#breadcrumb","itemListElement":[{"@type":"ListItem","position":1,"name":"Home","item":"https:\/\/valeriazunino.it\/blog\/"},{"@type":"ListItem","position":2,"name":"Buon Natale"}]},{"@type":"WebSite","@id":"https:\/\/valeriazunino.it\/blog\/#website","url":"https:\/\/valeriazunino.it\/blog\/","name":"ValeVz","description":"il mio sito","potentialAction":[{"@type":"SearchAction","target":{"@type":"EntryPoint","urlTemplate":"https:\/\/valeriazunino.it\/blog\/?s={search_term_string}"},"query-input":{"@type":"PropertyValueSpecification","valueRequired":true,"valueName":"search_term_string"}}],"inLanguage":"it-IT"},{"@type":"Person","@id":"https:\/\/valeriazunino.it\/blog\/#\/schema\/person\/8cdafe297c88eeb291db056286b0ae2a","name":"Valeria","image":{"@type":"ImageObject","inLanguage":"it-IT","@id":"https:\/\/valeriazunino.it\/blog\/#\/schema\/person\/image\/","url":"https:\/\/secure.gravatar.com\/avatar\/4196ffa01e9ac5ef46888ac2c82ba7543ee2f63f9331c6e05282c2ff05645fe2?s=96&d=mm&r=g","contentUrl":"https:\/\/secure.gravatar.com\/avatar\/4196ffa01e9ac5ef46888ac2c82ba7543ee2f63f9331c6e05282c2ff05645fe2?s=96&d=mm&r=g","caption":"Valeria"}}]}},"post_mailing_queue_ids":[],"_links":{"self":[{"href":"https:\/\/valeriazunino.it\/blog\/wp-json\/wp\/v2\/posts\/1050","targetHints":{"allow":["GET"]}}],"collection":[{"href":"https:\/\/valeriazunino.it\/blog\/wp-json\/wp\/v2\/posts"}],"about":[{"href":"https:\/\/valeriazunino.it\/blog\/wp-json\/wp\/v2\/types\/post"}],"author":[{"embeddable":true,"href":"https:\/\/valeriazunino.it\/blog\/wp-json\/wp\/v2\/users\/1"}],"replies":[{"embeddable":true,"href":"https:\/\/valeriazunino.it\/blog\/wp-json\/wp\/v2\/comments?post=1050"}],"version-history":[{"count":6,"href":"https:\/\/valeriazunino.it\/blog\/wp-json\/wp\/v2\/posts\/1050\/revisions"}],"predecessor-version":[{"id":2066,"href":"https:\/\/valeriazunino.it\/blog\/wp-json\/wp\/v2\/posts\/1050\/revisions\/2066"}],"wp:attachment":[{"href":"https:\/\/valeriazunino.it\/blog\/wp-json\/wp\/v2\/media?parent=1050"}],"wp:term":[{"taxonomy":"category","embeddable":true,"href":"https:\/\/valeriazunino.it\/blog\/wp-json\/wp\/v2\/categories?post=1050"},{"taxonomy":"post_tag","embeddable":true,"href":"https:\/\/valeriazunino.it\/blog\/wp-json\/wp\/v2\/tags?post=1050"}],"curies":[{"name":"wp","href":"https:\/\/api.w.org\/{rel}","templated":true}]}}