{"id":1079,"date":"2016-12-30T01:03:20","date_gmt":"2016-12-30T00:03:20","guid":{"rendered":"http:\/\/2.225.140.8\/wordpress2\/?p=1079"},"modified":"2016-12-30T11:25:06","modified_gmt":"2016-12-30T10:25:06","slug":"lanno-che-verra","status":"publish","type":"post","link":"https:\/\/valeriazunino.it\/blog\/2016\/12\/30\/lanno-che-verra\/","title":{"rendered":"Non \u00e8 un film.  Articolo 31"},"content":{"rendered":"<p>Due giorni e si chiude anche quest&#8217;anno : 2016&#8230; per me \u00e8 \u00a0stato, forse, uno degli anni pi\u00f9 difficili, piu&#8217; duri , quindi, \u00a0ben contenta, che sia al termine anche se \u00e8 per modo di dire, \u00e8 tipo cabala .. perch\u00e9 il 1 gennaio 2017 \u00e8 il giorno successivo al 31 dicembre 2016 e le cose non \u00e8 che cambino con il colpo di bacchetta magica solo perch\u00e9 cambia il numero dell&#8217;ultima cifra dell&#8217;anno. Ma mi sento di essere alla fine di tanta sofferenza, \u00a0tanta davvero, quanto non si riesce neanche a immaginare , ma neanche a descrivere, per quanto ad alcuni mi sia impegnata a raccontare . . Ho passato moltissimi anni in un tran tran tediamente rassicurante, poi all&#8217;improvviso , proprio come un fulmine a ciel sereno, \u00a0mi sono ritrovata a dover fare i conti con una realt\u00e0 difficile da accettare, \u00a0da gestire, \u00a0da vivere in generale. . \u00a0sembrava di essere stata calata in un film drammatico, \u00a0ho sentito frasi che mai avrei pensato mi sarebbero toccate , parlando di me, \u00a0non cosi presto, \u00a0non a 43 anni , nel pieno della vita, con ancora tante cose da fare .tante cose sempre rimandate nel corso degli anni, perch\u00e9 c&#8217;era sempre qualcosa che faceva rimandare ci\u00f2 che sembrava secondario , ma che forse \u00a0secondario non doveva essere considerato , \u00a0perche si trattava di vita da vivere al di l\u00e0 dei doveri che cmq sarebbero stati delegati o gestiti diversamente, poi quando , tutto doveva essere finito sono stata sbalzata in quello che definisco un film dell&#8217;orrore, \u00a0quando si dice che al peggio non c&#8217;\u00e8 fine..\u00e8 proprio cos\u00ec. . Questa fase \u00e8 conosciuta solo dai medici che mi hanno seguita , dai famigliari stretti , dai padri spirituali che ho avuto , e da 5 amici\/he di tutti i miei amici (e ne ho tanti davvero), &#8230; di cui una l ho mandata a fanculo recentemente e senza farla passare dal via e li&#8217; \u00a0rimane (diciamo che era da anni che procrastinavo la cosa) , perch\u00e9 quando si \u00e8 a conoscenza di certi vissuti non ci si pu\u00f2 permettere certi atteggiamenti duri, cio\u00e8 tutto \u00e8 permesso ma con le conseguenze sopra descritte, un&#8217;altra stava per fare la stessa fine per motivi simili .. frasi dette a cazzo , di merda che ti fan capire che non c &#8216;e&#8217; \u00a0la minima capacit\u00e0 di immedesimazione.. \u00a0si perch\u00e9 l&#8217;importante \u00e8 essere vivi&#8230; giusto? \u00a0E invece non \u00e8 proprio cosi. &#8230; dipende da \u00a0cosa si \u00e8 dovuto rinunciare per essere vivi&#8230;. una \u00e8 \u00a0sparita, \u00a0ma lei \u00e8 \u00a0sempre stata un po&#8217; agnostica\/indifferente ma e&#8217; cosi di carattere, la quarta persona , essendo non proprio vicina , \u00a0giustamente, \u00a0non la sento.. \u00a0normale che sia cos\u00ec .. quindi, \u00a0come il film Highlander, ne \u00e8 rimasto uno solo. &#8230; ? \u00a0ma e&#8217; ok. \u00a0Ora dopo i film drammatici e dell&#8217;orrore mi aspetterei altri generi.. piacevoli, magari&#8230; bene che siano sempre film! .. ormai il tran tran far\u00f2 in modo che non faccia pi\u00f9 parte della mia vita!!! ?\u00a0 Voglio una vita spericolata come quella di Steve Mc Queen cit. oppure vediamoci pure a Roxy Bar a bere del gran whisky \u00a0&#8230; ?<\/p>\n<p><span style=\"line-height: 1.5;\"><a href=\"https:\/\/youtu.be\/bT9UeMpNT3o\">Non \u00e8 un film \u00a0 \u00a0 <\/a>\u00a0 Articolo 31<\/span><\/p>\n","protected":false},"excerpt":{"rendered":"<p>Due giorni e si chiude anche quest&#8217;anno : 2016&#8230; per me \u00e8 \u00a0stato, forse, uno degli anni pi\u00f9 difficili, piu&#8217; duri , quindi, \u00a0ben contenta, che sia al termine anche se \u00e8 per modo di dire, \u00e8 tipo cabala .. perch\u00e9 il 1 gennaio 2017 \u00e8 il giorno successivo al 31 dicembre 2016 e le &hellip; <a href=\"https:\/\/valeriazunino.it\/blog\/2016\/12\/30\/lanno-che-verra\/\" class=\"more-link\">Continua la lettura di <span class=\"screen-reader-text\">Non \u00e8 un film.  Articolo 31<\/span> <span class=\"meta-nav\">&rarr;<\/span><\/a><\/p>\n","protected":false},"author":1,"featured_media":0,"comment_status":"open","ping_status":"open","sticky":false,"template":"","format":"standard","meta":{"footnotes":""},"categories":[10,2],"tags":[11,3],"class_list":["post-1079","post","type-post","status-publish","format-standard","hentry","category-musica","category-pensieri","tag-musica","tag-pensieri"],"yoast_head":"<!-- This site is optimized with the Yoast SEO plugin v27.0 - https:\/\/yoast.com\/product\/yoast-seo-wordpress\/ -->\n<title>Non \u00e8 un film. Articolo 31 - ValeVz<\/title>\n<meta name=\"robots\" content=\"index, follow, max-snippet:-1, max-image-preview:large, max-video-preview:-1\" \/>\n<link rel=\"canonical\" href=\"https:\/\/valeriazunino.it\/blog\/2016\/12\/30\/lanno-che-verra\/\" \/>\n<meta property=\"og:locale\" content=\"it_IT\" \/>\n<meta property=\"og:type\" content=\"article\" \/>\n<meta property=\"og:title\" content=\"Non \u00e8 un film. Articolo 31 - ValeVz\" \/>\n<meta property=\"og:description\" content=\"Due giorni e si chiude anche quest&#8217;anno : 2016&#8230; per me \u00e8 \u00a0stato, forse, uno degli anni pi\u00f9 difficili, piu&#8217; duri , quindi, \u00a0ben contenta, che sia al termine anche se \u00e8 per modo di dire, \u00e8 tipo cabala .. perch\u00e9 il 1 gennaio 2017 \u00e8 il giorno successivo al 31 dicembre 2016 e le &hellip; Continua la lettura di Non \u00e8 un film. Articolo 31 &rarr;\" \/>\n<meta property=\"og:url\" content=\"https:\/\/valeriazunino.it\/blog\/2016\/12\/30\/lanno-che-verra\/\" \/>\n<meta property=\"og:site_name\" content=\"ValeVz\" \/>\n<meta property=\"article:publisher\" content=\"https:\/\/www.facebook.com\/valeria.zunino.7\" \/>\n<meta property=\"article:published_time\" content=\"2016-12-30T00:03:20+00:00\" \/>\n<meta property=\"article:modified_time\" content=\"2016-12-30T10:25:06+00:00\" \/>\n<meta name=\"author\" content=\"Valeria\" \/>\n<meta name=\"twitter:card\" content=\"summary_large_image\" \/>\n<meta name=\"twitter:creator\" content=\"@valezunin\" \/>\n<meta name=\"twitter:site\" content=\"@valezunin\" \/>\n<meta name=\"twitter:label1\" content=\"Scritto da\" \/>\n\t<meta name=\"twitter:data1\" content=\"Valeria\" \/>\n\t<meta name=\"twitter:label2\" content=\"Tempo di lettura stimato\" \/>\n\t<meta name=\"twitter:data2\" content=\"2 minuti\" \/>\n<script type=\"application\/ld+json\" class=\"yoast-schema-graph\">{\"@context\":\"https:\/\/schema.org\",\"@graph\":[{\"@type\":\"Article\",\"@id\":\"https:\/\/valeriazunino.it\/blog\/2016\/12\/30\/lanno-che-verra\/#article\",\"isPartOf\":{\"@id\":\"https:\/\/valeriazunino.it\/blog\/2016\/12\/30\/lanno-che-verra\/\"},\"author\":{\"name\":\"Valeria\",\"@id\":\"https:\/\/valeriazunino.it\/blog\/#\/schema\/person\/8cdafe297c88eeb291db056286b0ae2a\"},\"headline\":\"Non \u00e8 un film. Articolo 31\",\"datePublished\":\"2016-12-30T00:03:20+00:00\",\"dateModified\":\"2016-12-30T10:25:06+00:00\",\"mainEntityOfPage\":{\"@id\":\"https:\/\/valeriazunino.it\/blog\/2016\/12\/30\/lanno-che-verra\/\"},\"wordCount\":492,\"commentCount\":0,\"keywords\":[\"Musica\",\"Pensieri\"],\"articleSection\":[\"Musica\",\"pensieri\"],\"inLanguage\":\"it-IT\",\"potentialAction\":[{\"@type\":\"CommentAction\",\"name\":\"Comment\",\"target\":[\"https:\/\/valeriazunino.it\/blog\/2016\/12\/30\/lanno-che-verra\/#respond\"]}]},{\"@type\":\"WebPage\",\"@id\":\"https:\/\/valeriazunino.it\/blog\/2016\/12\/30\/lanno-che-verra\/\",\"url\":\"https:\/\/valeriazunino.it\/blog\/2016\/12\/30\/lanno-che-verra\/\",\"name\":\"Non \u00e8 un film. Articolo 31 - ValeVz\",\"isPartOf\":{\"@id\":\"https:\/\/valeriazunino.it\/blog\/#website\"},\"datePublished\":\"2016-12-30T00:03:20+00:00\",\"dateModified\":\"2016-12-30T10:25:06+00:00\",\"author\":{\"@id\":\"https:\/\/valeriazunino.it\/blog\/#\/schema\/person\/8cdafe297c88eeb291db056286b0ae2a\"},\"breadcrumb\":{\"@id\":\"https:\/\/valeriazunino.it\/blog\/2016\/12\/30\/lanno-che-verra\/#breadcrumb\"},\"inLanguage\":\"it-IT\",\"potentialAction\":[{\"@type\":\"ReadAction\",\"target\":[\"https:\/\/valeriazunino.it\/blog\/2016\/12\/30\/lanno-che-verra\/\"]}]},{\"@type\":\"BreadcrumbList\",\"@id\":\"https:\/\/valeriazunino.it\/blog\/2016\/12\/30\/lanno-che-verra\/#breadcrumb\",\"itemListElement\":[{\"@type\":\"ListItem\",\"position\":1,\"name\":\"Home\",\"item\":\"https:\/\/valeriazunino.it\/blog\/\"},{\"@type\":\"ListItem\",\"position\":2,\"name\":\"Non \u00e8 un film. Articolo 31\"}]},{\"@type\":\"WebSite\",\"@id\":\"https:\/\/valeriazunino.it\/blog\/#website\",\"url\":\"https:\/\/valeriazunino.it\/blog\/\",\"name\":\"ValeVz\",\"description\":\"il mio sito\",\"potentialAction\":[{\"@type\":\"SearchAction\",\"target\":{\"@type\":\"EntryPoint\",\"urlTemplate\":\"https:\/\/valeriazunino.it\/blog\/?s={search_term_string}\"},\"query-input\":{\"@type\":\"PropertyValueSpecification\",\"valueRequired\":true,\"valueName\":\"search_term_string\"}}],\"inLanguage\":\"it-IT\"},{\"@type\":\"Person\",\"@id\":\"https:\/\/valeriazunino.it\/blog\/#\/schema\/person\/8cdafe297c88eeb291db056286b0ae2a\",\"name\":\"Valeria\",\"image\":{\"@type\":\"ImageObject\",\"inLanguage\":\"it-IT\",\"@id\":\"https:\/\/valeriazunino.it\/blog\/#\/schema\/person\/image\/\",\"url\":\"https:\/\/secure.gravatar.com\/avatar\/4196ffa01e9ac5ef46888ac2c82ba7543ee2f63f9331c6e05282c2ff05645fe2?s=96&d=mm&r=g\",\"contentUrl\":\"https:\/\/secure.gravatar.com\/avatar\/4196ffa01e9ac5ef46888ac2c82ba7543ee2f63f9331c6e05282c2ff05645fe2?s=96&d=mm&r=g\",\"caption\":\"Valeria\"}}]}<\/script>\n<!-- \/ Yoast SEO plugin. -->","yoast_head_json":{"title":"Non \u00e8 un film. Articolo 31 - ValeVz","robots":{"index":"index","follow":"follow","max-snippet":"max-snippet:-1","max-image-preview":"max-image-preview:large","max-video-preview":"max-video-preview:-1"},"canonical":"https:\/\/valeriazunino.it\/blog\/2016\/12\/30\/lanno-che-verra\/","og_locale":"it_IT","og_type":"article","og_title":"Non \u00e8 un film. Articolo 31 - ValeVz","og_description":"Due giorni e si chiude anche quest&#8217;anno : 2016&#8230; per me \u00e8 \u00a0stato, forse, uno degli anni pi\u00f9 difficili, piu&#8217; duri , quindi, \u00a0ben contenta, che sia al termine anche se \u00e8 per modo di dire, \u00e8 tipo cabala .. perch\u00e9 il 1 gennaio 2017 \u00e8 il giorno successivo al 31 dicembre 2016 e le &hellip; Continua la lettura di Non \u00e8 un film. Articolo 31 &rarr;","og_url":"https:\/\/valeriazunino.it\/blog\/2016\/12\/30\/lanno-che-verra\/","og_site_name":"ValeVz","article_publisher":"https:\/\/www.facebook.com\/valeria.zunino.7","article_published_time":"2016-12-30T00:03:20+00:00","article_modified_time":"2016-12-30T10:25:06+00:00","author":"Valeria","twitter_card":"summary_large_image","twitter_creator":"@valezunin","twitter_site":"@valezunin","twitter_misc":{"Scritto da":"Valeria","Tempo di lettura stimato":"2 minuti"},"schema":{"@context":"https:\/\/schema.org","@graph":[{"@type":"Article","@id":"https:\/\/valeriazunino.it\/blog\/2016\/12\/30\/lanno-che-verra\/#article","isPartOf":{"@id":"https:\/\/valeriazunino.it\/blog\/2016\/12\/30\/lanno-che-verra\/"},"author":{"name":"Valeria","@id":"https:\/\/valeriazunino.it\/blog\/#\/schema\/person\/8cdafe297c88eeb291db056286b0ae2a"},"headline":"Non \u00e8 un film. Articolo 31","datePublished":"2016-12-30T00:03:20+00:00","dateModified":"2016-12-30T10:25:06+00:00","mainEntityOfPage":{"@id":"https:\/\/valeriazunino.it\/blog\/2016\/12\/30\/lanno-che-verra\/"},"wordCount":492,"commentCount":0,"keywords":["Musica","Pensieri"],"articleSection":["Musica","pensieri"],"inLanguage":"it-IT","potentialAction":[{"@type":"CommentAction","name":"Comment","target":["https:\/\/valeriazunino.it\/blog\/2016\/12\/30\/lanno-che-verra\/#respond"]}]},{"@type":"WebPage","@id":"https:\/\/valeriazunino.it\/blog\/2016\/12\/30\/lanno-che-verra\/","url":"https:\/\/valeriazunino.it\/blog\/2016\/12\/30\/lanno-che-verra\/","name":"Non \u00e8 un film. Articolo 31 - ValeVz","isPartOf":{"@id":"https:\/\/valeriazunino.it\/blog\/#website"},"datePublished":"2016-12-30T00:03:20+00:00","dateModified":"2016-12-30T10:25:06+00:00","author":{"@id":"https:\/\/valeriazunino.it\/blog\/#\/schema\/person\/8cdafe297c88eeb291db056286b0ae2a"},"breadcrumb":{"@id":"https:\/\/valeriazunino.it\/blog\/2016\/12\/30\/lanno-che-verra\/#breadcrumb"},"inLanguage":"it-IT","potentialAction":[{"@type":"ReadAction","target":["https:\/\/valeriazunino.it\/blog\/2016\/12\/30\/lanno-che-verra\/"]}]},{"@type":"BreadcrumbList","@id":"https:\/\/valeriazunino.it\/blog\/2016\/12\/30\/lanno-che-verra\/#breadcrumb","itemListElement":[{"@type":"ListItem","position":1,"name":"Home","item":"https:\/\/valeriazunino.it\/blog\/"},{"@type":"ListItem","position":2,"name":"Non \u00e8 un film. Articolo 31"}]},{"@type":"WebSite","@id":"https:\/\/valeriazunino.it\/blog\/#website","url":"https:\/\/valeriazunino.it\/blog\/","name":"ValeVz","description":"il mio sito","potentialAction":[{"@type":"SearchAction","target":{"@type":"EntryPoint","urlTemplate":"https:\/\/valeriazunino.it\/blog\/?s={search_term_string}"},"query-input":{"@type":"PropertyValueSpecification","valueRequired":true,"valueName":"search_term_string"}}],"inLanguage":"it-IT"},{"@type":"Person","@id":"https:\/\/valeriazunino.it\/blog\/#\/schema\/person\/8cdafe297c88eeb291db056286b0ae2a","name":"Valeria","image":{"@type":"ImageObject","inLanguage":"it-IT","@id":"https:\/\/valeriazunino.it\/blog\/#\/schema\/person\/image\/","url":"https:\/\/secure.gravatar.com\/avatar\/4196ffa01e9ac5ef46888ac2c82ba7543ee2f63f9331c6e05282c2ff05645fe2?s=96&d=mm&r=g","contentUrl":"https:\/\/secure.gravatar.com\/avatar\/4196ffa01e9ac5ef46888ac2c82ba7543ee2f63f9331c6e05282c2ff05645fe2?s=96&d=mm&r=g","caption":"Valeria"}}]}},"post_mailing_queue_ids":[],"_links":{"self":[{"href":"https:\/\/valeriazunino.it\/blog\/wp-json\/wp\/v2\/posts\/1079","targetHints":{"allow":["GET"]}}],"collection":[{"href":"https:\/\/valeriazunino.it\/blog\/wp-json\/wp\/v2\/posts"}],"about":[{"href":"https:\/\/valeriazunino.it\/blog\/wp-json\/wp\/v2\/types\/post"}],"author":[{"embeddable":true,"href":"https:\/\/valeriazunino.it\/blog\/wp-json\/wp\/v2\/users\/1"}],"replies":[{"embeddable":true,"href":"https:\/\/valeriazunino.it\/blog\/wp-json\/wp\/v2\/comments?post=1079"}],"version-history":[{"count":6,"href":"https:\/\/valeriazunino.it\/blog\/wp-json\/wp\/v2\/posts\/1079\/revisions"}],"predecessor-version":[{"id":1085,"href":"https:\/\/valeriazunino.it\/blog\/wp-json\/wp\/v2\/posts\/1079\/revisions\/1085"}],"wp:attachment":[{"href":"https:\/\/valeriazunino.it\/blog\/wp-json\/wp\/v2\/media?parent=1079"}],"wp:term":[{"taxonomy":"category","embeddable":true,"href":"https:\/\/valeriazunino.it\/blog\/wp-json\/wp\/v2\/categories?post=1079"},{"taxonomy":"post_tag","embeddable":true,"href":"https:\/\/valeriazunino.it\/blog\/wp-json\/wp\/v2\/tags?post=1079"}],"curies":[{"name":"wp","href":"https:\/\/api.w.org\/{rel}","templated":true}]}}