{"id":1111,"date":"2017-01-06T13:50:59","date_gmt":"2017-01-06T12:50:59","guid":{"rendered":"http:\/\/2.225.140.8\/wordpress2\/?p=1111"},"modified":"2017-01-06T13:54:05","modified_gmt":"2017-01-06T12:54:05","slug":"1111","status":"publish","type":"post","link":"https:\/\/valeriazunino.it\/blog\/2017\/01\/06\/1111\/","title":{"rendered":"Il senso della vita. ?\u2764?"},"content":{"rendered":"<p>&#8221;<\/p>\n<p class=\"MsoNormal\" style=\"font-family: 'Times New Roman'; font-size: medium; margin: 5pt 0cm; color: #000000; line-height: normal;\"><span style=\"font-size: 10pt;\">Nel mezzo del cammin di nostra vita<br \/>\nmi ritrovai per una selva oscura,<br \/>\nch\u00e9 la diritta via era smarrita.<\/span><\/p>\n<p class=\"MsoNormal\" style=\"font-family: 'Times New Roman'; font-size: medium; margin: 5pt 0cm; color: #000000; line-height: normal;\"><span style=\"font-size: 10pt;\">Ahi quanto a dir qual era \u00e8 cosa dura<br \/>\nesta selva selvaggia e aspra e forte<br \/>\nche nel pensier rinova la paura!<\/span><\/p>\n<p class=\"MsoNormal\" style=\"font-family: 'Times New Roman'; font-size: medium; margin: 5pt 0cm; color: #000000; line-height: normal;\"><span style=\"font-size: 10pt;\">Tant&#8217; \u00e8 amara che poco \u00e8 pi\u00f9 morte;<br \/>\nma per trattar del ben ch&#8217;i&#8217; vi trovai,<br \/>\ndir\u00f2 de l&#8217;altre cose ch&#8217;i&#8217; v&#8217;ho scorte.<\/span><\/p>\n<p class=\"MsoNormal\" style=\"font-family: 'Times New Roman'; font-size: medium; margin: 5pt 0cm; color: #000000; line-height: normal;\"><span style=\"font-size: 10pt;\">Io non so ben ridir com&#8217; i&#8217; v&#8217;intrai,<br \/>\ntant&#8217; era pien di sonno a quel punto<br \/>\nche la verace via abbandonai.<\/span><\/p>\n<p class=\"MsoNormal\" style=\"font-family: 'Times New Roman'; font-size: medium; margin: 5pt 0cm; color: #000000; line-height: normal;\"><span style=\"font-size: 10pt;\">Ma poi ch&#8217;i&#8217; fui al pi\u00e8 d&#8217;un colle giunto,<br \/>\nl\u00e0 dove terminava quella valle<br \/>\nche m&#8217;avea di paura il cor compunto,<\/span><\/p>\n<p class=\"MsoNormal\" style=\"font-family: 'Times New Roman'; font-size: medium; margin: 5pt 0cm; color: #000000; line-height: normal;\"><span style=\"font-size: 10pt;\">guardai in alto e vidi le sue spalle<br \/>\nvestite gi\u00e0 de&#8217; raggi del pianeta<br \/>\nche mena dritto altrui per ogne calle.<\/span><\/p>\n<p class=\"MsoNormal\" style=\"font-family: 'Times New Roman'; font-size: medium; margin: 5pt 0cm; color: #000000; line-height: normal;\"><span style=\"font-size: 10pt;\">Allor fu la paura un poco queta,<br \/>\nche nel lago del cor m&#8217;era durata<br \/>\nla notte ch&#8217;i&#8217; passai con tanta pieta.<\/span><\/p>\n<p class=\"MsoNormal\" style=\"font-family: 'Times New Roman'; font-size: medium; margin: 5pt 0cm; color: #000000; line-height: normal;\"><span style=\"font-size: 10pt;\">E come quei che con lena affannata,<br \/>\nuscito fuor del pelago a la riva,<br \/>\nsi volge a l&#8217;acqua perigliosa e guata,<\/span><\/p>\n<p class=\"MsoNormal\" style=\"font-family: 'Times New Roman'; font-size: medium; margin: 5pt 0cm; color: #000000; line-height: normal;\"><span style=\"font-size: 10pt;\">cos\u00ec l&#8217;animo mio, ch&#8217;ancor fuggiva,<br \/>\nsi volse a retro a rimirar lo passo<br \/>\nche non lasci\u00f2 gi\u00e0 mai persona viva.<\/span><\/p>\n<p class=\"MsoNormal\" style=\"font-family: 'Times New Roman'; font-size: medium; margin: 5pt 0cm; color: #000000; line-height: normal;\"><span style=\"font-size: 10pt;\">Poi ch&#8217;\u00e8i posato un poco il corpo lasso,<br \/>\nripresi via per la piaggia diserta,<br \/>\ns\u00ec che &#8216;l pi\u00e8 fermo sempre era &#8216;l pi\u00f9 basso.<\/span><\/p>\n<p class=\"MsoNormal\" style=\"font-family: 'Times New Roman'; font-size: medium; margin: 5pt 0cm; color: #000000; line-height: normal;\"><span style=\"font-size: 10pt;\">Ed ecco, quasi al cominciar de l&#8217;erta,<br \/>\nuna lonza leggiera e presta molto,<br \/>\nche di pel macolato era coverta;<\/span><\/p>\n<p class=\"MsoNormal\" style=\"font-family: 'Times New Roman'; font-size: medium; margin: 5pt 0cm; color: #000000; line-height: normal;\"><span style=\"font-size: 10pt;\">e non mi si partia dinanzi al volto,<br \/>\nanzi &#8216;mpediva tanto il mio cammino,<br \/>\nch&#8217;i&#8217; fui per ritornar pi\u00f9 volte v\u00f2lto.<\/span><\/p>\n<p class=\"MsoNormal\" style=\"font-family: 'Times New Roman'; font-size: medium; margin: 5pt 0cm; color: #000000; line-height: normal;\"><span style=\"font-size: 10pt;\">Temp&#8217; era dal principio del mattino,<br \/>\ne &#8216;l sol montava &#8216;n s\u00f9 con quelle stelle<br \/>\nch&#8217;eran con lui quando l&#8217;amor divino<\/span><\/p>\n<p class=\"MsoNormal\" style=\"font-family: 'Times New Roman'; font-size: medium; margin: 5pt 0cm; color: #000000; line-height: normal;\"><span style=\"font-size: 10pt;\">mosse di prima quelle cose belle;<br \/>\ns\u00ec ch&#8217;a bene sperar m&#8217;era cagione<br \/>\ndi quella fiera a la gaetta pelle<\/span><\/p>\n<p class=\"MsoNormal\" style=\"font-family: 'Times New Roman'; font-size: medium; margin: 5pt 0cm; color: #000000; line-height: normal;\"><span style=\"font-size: 10pt;\">l&#8217;ora del tempo e la dolce stagione;<br \/>\nma non s\u00ec che paura non mi desse<br \/>\nla vista che m&#8217;apparve d&#8217;un leone.<\/span><\/p>\n<p class=\"MsoNormal\" style=\"font-family: 'Times New Roman'; font-size: medium; margin: 5pt 0cm; color: #000000; line-height: normal;\"><span style=\"font-size: 10pt;\">Questi parea che contra me venisse<br \/>\ncon la test&#8217; alta e con rabbiosa fame,<br \/>\ns\u00ec che parea che l&#8217;aere ne tremesse.<\/span><\/p>\n<p class=\"MsoNormal\" style=\"font-family: 'Times New Roman'; font-size: medium; margin: 5pt 0cm; color: #000000; line-height: normal;\"><span style=\"font-size: 10pt;\">Ed una lupa, che di tutte brame<br \/>\nsembiava carca ne la sua magrezza,<br \/>\ne molte genti f\u00e9 gi\u00e0 viver grame,<\/span><\/p>\n<p class=\"MsoNormal\" style=\"font-family: 'Times New Roman'; font-size: medium; margin: 5pt 0cm; color: #000000; line-height: normal;\"><span style=\"font-size: 10pt;\">questa mi porse tanto di gravezza<br \/>\ncon la paura ch&#8217;uscia di sua vista,<br \/>\nch&#8217;io perdei la speranza de l&#8217;altezza.<\/span><\/p>\n<p class=\"MsoNormal\" style=\"font-family: 'Times New Roman'; font-size: medium; margin: 5pt 0cm; color: #000000; line-height: normal;\"><span style=\"font-size: 10pt;\">E qual \u00e8 quei che volontieri acquista,<br \/>\ne giugne &#8216;l tempo che perder lo face,<br \/>\nche &#8216;n tutti suoi pensier piange e s&#8217;attrista;<\/span><\/p>\n<p class=\"MsoNormal\" style=\"font-family: 'Times New Roman'; font-size: medium; margin: 5pt 0cm; color: #000000; line-height: normal;\"><span style=\"font-size: 10pt;\">tal mi fece la bestia sanza pace,<br \/>\nche, venendomi &#8216;ncontro, a poco a poco<br \/>\nmi ripigneva l\u00e0 dove &#8216;l sol tace.<\/span><\/p>\n<p class=\"MsoNormal\" style=\"font-family: 'Times New Roman'; font-size: medium; margin: 5pt 0cm; color: #000000; line-height: normal;\"><span style=\"font-size: 10pt;\">Mentre ch&#8217;i&#8217; rovinava in basso loco,<br \/>\ndinanzi a li occhi mi si fu offerto<br \/>\nchi per lungo silenzio parea fioco.<\/span><\/p>\n<p class=\"MsoNormal\" style=\"font-family: 'Times New Roman'; font-size: medium; margin: 5pt 0cm; color: #000000; line-height: normal;\"><span style=\"font-size: 10pt;\">Quando vidi costui nel gran diserto,<br \/>\n\u00ab<i>Miserere<\/i>\u00a0di me\u00bb, gridai a lui,<br \/>\n\u00abqual che tu sii, od ombra od omo certo!\u00bb.<\/span><\/p>\n<p class=\"MsoNormal\" style=\"font-family: 'Times New Roman'; font-size: medium; margin: 5pt 0cm; color: #000000; line-height: normal;\"><span style=\"font-size: 10pt;\">Rispuosemi: \u00abNon omo, omo gi\u00e0 fui,<br \/>\ne li parenti miei furon lombardi,<br \/>\nmantoani per patr\u00efa ambedui.<\/span><\/p>\n<p class=\"MsoNormal\" style=\"font-family: 'Times New Roman'; font-size: medium; margin: 5pt 0cm; color: #000000; line-height: normal;\"><span style=\"font-size: 10pt;\">Nacqui\u00a0<i>sub Iulio<\/i>, ancor che fosse tardi,<br \/>\ne vissi a Roma sotto &#8216;l buono Augusto<br \/>\nnel tempo de li d\u00e8i falsi e bugiardi.<\/span><\/p>\n<p class=\"MsoNormal\" style=\"font-family: 'Times New Roman'; font-size: medium; margin: 5pt 0cm; color: #000000; line-height: normal;\"><span style=\"font-size: 10pt;\">Poeta fui, e cantai di quel giusto<br \/>\nfigliuol d&#8217;Anchise che venne di Troia,<br \/>\npoi che &#8216;l superbo Il\u00ef\u00f3n fu combusto.<\/span><\/p>\n<p class=\"MsoNormal\" style=\"font-family: 'Times New Roman'; font-size: medium; margin: 5pt 0cm; color: #000000; line-height: normal;\"><span style=\"font-size: 10pt;\">Ma tu perch\u00e9 ritorni a tanta noia?<br \/>\nperch\u00e9 non sali il dilettoso monte<br \/>\nch&#8217;\u00e8 principio e cagion di tutta gioia?\u00bb.<\/span><\/p>\n<p class=\"MsoNormal\" style=\"font-family: 'Times New Roman'; font-size: medium; margin: 5pt 0cm; color: #000000; line-height: normal;\"><span style=\"font-size: 10pt;\">\u00abOr se&#8217; tu quel Virgilio e quella fonte<br \/>\nche spandi di parlar s\u00ec largo fiume?\u00bb,<br \/>\nrispuos&#8217; io lui con vergognosa fronte.<\/span><\/p>\n<p class=\"MsoNormal\" style=\"font-family: 'Times New Roman'; font-size: medium; margin: 5pt 0cm; color: #000000; line-height: normal;\"><span style=\"font-size: 10pt;\">\u00abO de li altri poeti onore e lume,<br \/>\nvagliami &#8216;l lungo studio e &#8216;l grande amore<br \/>\nche m&#8217;ha fatto cercar lo tuo volume.<\/span><\/p>\n<p class=\"MsoNormal\" style=\"font-family: 'Times New Roman'; font-size: medium; margin: 5pt 0cm; color: #000000; line-height: normal;\"><span style=\"font-size: 10pt;\">Tu se&#8217; lo mio maestro e &#8216;l mio autore,<br \/>\ntu se&#8217; solo colui da cu&#8217; io tolsi<br \/>\nlo bello stilo che m&#8217;ha fatto onore.<\/span><\/p>\n<p class=\"MsoNormal\" style=\"font-family: 'Times New Roman'; font-size: medium; margin: 5pt 0cm; color: #000000; line-height: normal;\"><span style=\"font-size: 10pt;\">Vedi la bestia per cu&#8217; io mi volsi;<br \/>\naiutami da lei, famoso saggio,<br \/>\nch&#8217;ella mi fa tremar le vene e i polsi\u00bb.<\/span><\/p>\n<p class=\"MsoNormal\" style=\"font-family: 'Times New Roman'; font-size: medium; margin: 5pt 0cm; color: #000000; line-height: normal;\"><span style=\"font-size: 10pt;\">\u00abA te convien tenere altro v\u00efaggio\u00bb,<br \/>\nrispuose, poi che lagrimar mi vide,<br \/>\n\u00abse vuo&#8217; campar d&#8217;esto loco selvaggio;<\/span><\/p>\n<p class=\"MsoNormal\" style=\"font-family: 'Times New Roman'; font-size: medium; margin: 5pt 0cm; color: #000000; line-height: normal;\"><span style=\"font-size: 10pt;\">ch\u00e9 questa bestia, per la qual tu gride,<br \/>\nnon lascia altrui passar per la sua via,<br \/>\nma tanto lo &#8216;mpedisce che l&#8217;uccide;<\/span><\/p>\n<p class=\"MsoNormal\" style=\"font-family: 'Times New Roman'; font-size: medium; margin: 5pt 0cm; color: #000000; line-height: normal;\"><span style=\"font-size: 10pt;\">e ha natura s\u00ec malvagia e ria,<br \/>\nche mai non empie la bramosa voglia,<br \/>\ne dopo &#8216;l pasto ha pi\u00f9 fame che pria.<\/span><\/p>\n<p class=\"MsoNormal\" style=\"font-family: 'Times New Roman'; font-size: medium; margin: 5pt 0cm; color: #000000; line-height: normal;\"><span style=\"font-size: 10pt;\">Molti son li animali a cui s&#8217;ammoglia,<br \/>\ne pi\u00f9 saranno ancora, infin che &#8216;l veltro<br \/>\nverr\u00e0, che la far\u00e0 morir con doglia.<\/span><\/p>\n<p class=\"MsoNormal\" style=\"font-family: 'Times New Roman'; font-size: medium; margin: 5pt 0cm; color: #000000; line-height: normal;\"><span style=\"font-size: 10pt;\">Questi non ciber\u00e0 terra n\u00e9 peltro,<br \/>\nma sap\u00efenza, amore e virtute,<br \/>\ne sua nazion sar\u00e0 tra feltro e feltro.<\/span><\/p>\n<p class=\"MsoNormal\" style=\"font-family: 'Times New Roman'; font-size: medium; margin: 5pt 0cm; color: #000000; line-height: normal;\"><span style=\"font-size: 10pt;\">Di quella umile Italia fia salute<br \/>\nper cui mor\u00ec la vergine Cammilla,<br \/>\nEurialo e Turno e Niso di ferute.<\/span><\/p>\n<p class=\"MsoNormal\" style=\"font-family: 'Times New Roman'; font-size: medium; margin: 5pt 0cm; color: #000000; line-height: normal;\"><span style=\"font-size: 10pt;\">Questi la caccer\u00e0 per ogne villa,<br \/>\nfin che l&#8217;avr\u00e0 rimessa ne lo &#8216;nferno,<br \/>\nl\u00e0 onde &#8216;nvidia prima dipartilla.<\/span><\/p>\n<p class=\"MsoNormal\" style=\"font-family: 'Times New Roman'; font-size: medium; margin: 5pt 0cm; color: #000000; line-height: normal;\"><span style=\"font-size: 10pt;\">Ond&#8217; io per lo tuo me&#8217; penso e discerno<br \/>\nche tu mi segui, e io sar\u00f2 tua guida,<br \/>\ne trarrotti di qui per loco etterno;<\/span><\/p>\n<p class=\"MsoNormal\" style=\"font-family: 'Times New Roman'; font-size: medium; margin: 5pt 0cm; color: #000000; line-height: normal;\"><span style=\"font-size: 10pt;\">ove udirai le disperate strida,<br \/>\nvedrai li antichi spiriti dolenti,<br \/>\nch&#8217;a la seconda morte ciascun grida;<\/span><\/p>\n<p class=\"MsoNormal\" style=\"font-family: 'Times New Roman'; font-size: medium; margin: 5pt 0cm; color: #000000; line-height: normal;\"><span style=\"font-size: 10pt;\">e vederai color che son contenti<br \/>\nnel foco, perch\u00e9 speran di venire<br \/>\nquando che sia a le beate genti.<\/span><\/p>\n<p class=\"MsoNormal\" style=\"font-family: 'Times New Roman'; font-size: medium; margin: 5pt 0cm; color: #000000; line-height: normal;\"><span style=\"font-size: 10pt;\">A le quai poi se tu vorrai salire,<br \/>\nanima fia a ci\u00f2 pi\u00f9 di me degna:<br \/>\ncon lei ti lascer\u00f2 nel mio partire;<\/span><\/p>\n<p class=\"MsoNormal\" style=\"font-family: 'Times New Roman'; font-size: medium; margin: 5pt 0cm; color: #000000; line-height: normal;\"><span style=\"font-size: 10pt;\">ch\u00e9 quello imperador che l\u00e0 s\u00f9 regna,<br \/>\nperch&#8217; i&#8217; fu&#8217; ribellante a la sua legge,<br \/>\nnon vuol che &#8216;n sua citt\u00e0 per me si vegna.<\/span><\/p>\n<p class=\"MsoNormal\" style=\"font-family: 'Times New Roman'; font-size: medium; margin: 5pt 0cm; color: #000000; line-height: normal;\"><span style=\"font-size: 10pt;\">In tutte parti impera e quivi regge;<br \/>\nquivi \u00e8 la sua citt\u00e0 e l&#8217;alto seggio:<br \/>\noh felice colui cu&#8217; ivi elegge!\u00bb.<\/span><\/p>\n<p class=\"MsoNormal\" style=\"font-family: 'Times New Roman'; font-size: medium; margin: 5pt 0cm; color: #000000; line-height: normal;\"><span style=\"font-size: 10pt;\">E io a lui: \u00abPoeta, io ti richeggio<br \/>\nper quello Dio che tu non conoscesti,<br \/>\na ci\u00f2 ch&#8217;io fugga questo male e peggio,<\/span><\/p>\n<p class=\"MsoNormal\" style=\"font-family: 'Times New Roman'; font-size: medium; margin: 5pt 0cm; color: #000000; line-height: normal;\"><span style=\"font-size: 10pt;\">che tu mi meni l\u00e0 dov&#8217; or dicesti,<br \/>\ns\u00ec ch&#8217;io veggia la porta di san Pietro<br \/>\ne color cui tu fai cotanto mesti\u00bb.<\/span><\/p>\n<p class=\"MsoNormal\" style=\"font-family: 'Times New Roman'; font-size: medium; margin: 5pt 0cm; color: #000000; line-height: normal;\"><span style=\"font-size: 10pt;\">Allor si mosse, e io li tenni dietro.<\/span><\/p>\n<p>&nbsp;<\/p>\n<p>Da sempre, \u00a0per sempre l&#8217;uomo cerca un senso alla sua vita, chi cerca di salvarsi per la vita che verr\u00e0, \u00a0se ci sar\u00e0. .. e chi cerca di dare senso ad ogni singolo giorno, ad ogni singolo respiro, \u00a0qui su questa terra. .. Peccato non \u00e8 solo fare &#8230; ma anche non fare. . Forse \u00e8 il secondo \u00e8 peccato maggiore.. perch\u00e9 non vivi.. no o? \u00a0Io inizio a pensarla un po&#8217; cosi.. solo un po&#8217; ..<\/p>\n<p>&nbsp;<\/p>\n<div id=\"right\" style=\"margin: 10px 0px 0px; padding: 10px 10px 2px 20px; float: right; width: 640px; text-align: justify; font-family: Tahoma; border-left-width: 1px; border-left-style: solid; border-left-color: #510000; color: #000000; font-size: 14px; line-height: 17px;\">\n<p style=\"margin-bottom: 0px; padding: 0px;\"><br style=\"margin: 0px; padding: 0px;\" \/>Il poeta nella contro l\u2019oscurit\u00e0 del peccato per ragion<\/p>\n<p style=\"margin-bottom: 0px; padding: 0px;\"><strong style=\"margin: 0px; padding: 0px;\"><em style=\"margin: 0px; padding: 0px;\"><a style=\"margin: 0px; padding: 0px; color: #460000;\" href=\"http:\/\/www.edizionigalassiaarte.it\/autori\/martina-michelangeli.html\"><u style=\"margin: 0px; padding: 0px;\">Martina Michelange<\/u><\/a><\/em><\/strong><\/p>\n<\/div>\n<p><a href=\"https:\/\/youtu.be\/StRtFh01XUo\">Un senso<\/a>\u00a0 \u00a0 \u00a0 \u00a0 Vasco<\/p>\n","protected":false},"excerpt":{"rendered":"<p>&#8221; Nel mezzo del cammin di nostra vita mi ritrovai per una selva oscura, ch\u00e9 la diritta via era smarrita. Ahi quanto a dir qual era \u00e8 cosa dura esta selva selvaggia e aspra e forte che nel pensier rinova la paura! Tant&#8217; \u00e8 amara che poco \u00e8 pi\u00f9 morte; ma per trattar del ben &hellip; <a href=\"https:\/\/valeriazunino.it\/blog\/2017\/01\/06\/1111\/\" class=\"more-link\">Continua la lettura di <span class=\"screen-reader-text\">Il senso della vita. ?\u2764?<\/span> <span class=\"meta-nav\">&rarr;<\/span><\/a><\/p>\n","protected":false},"author":1,"featured_media":0,"comment_status":"open","ping_status":"open","sticky":false,"template":"","format":"standard","meta":{"footnotes":""},"categories":[15,10,2],"tags":[16,11,3],"class_list":["post-1111","post","type-post","status-publish","format-standard","hentry","category-libri","category-musica","category-pensieri","tag-libri","tag-musica","tag-pensieri"],"yoast_head":"<!-- This site is optimized with the Yoast SEO plugin v27.0 - https:\/\/yoast.com\/product\/yoast-seo-wordpress\/ -->\n<title>Il senso della vita. ?\u2764? - ValeVz<\/title>\n<meta name=\"robots\" content=\"index, follow, max-snippet:-1, max-image-preview:large, max-video-preview:-1\" \/>\n<link rel=\"canonical\" href=\"https:\/\/valeriazunino.it\/blog\/2017\/01\/06\/1111\/\" \/>\n<meta property=\"og:locale\" content=\"it_IT\" \/>\n<meta property=\"og:type\" content=\"article\" \/>\n<meta property=\"og:title\" content=\"Il senso della vita. ?\u2764? - ValeVz\" \/>\n<meta property=\"og:description\" content=\"&#8221; Nel mezzo del cammin di nostra vita mi ritrovai per una selva oscura, ch\u00e9 la diritta via era smarrita. Ahi quanto a dir qual era \u00e8 cosa dura esta selva selvaggia e aspra e forte che nel pensier rinova la paura! Tant&#8217; \u00e8 amara che poco \u00e8 pi\u00f9 morte; ma per trattar del ben &hellip; Continua la lettura di Il senso della vita. ?\u2764? &rarr;\" \/>\n<meta property=\"og:url\" content=\"https:\/\/valeriazunino.it\/blog\/2017\/01\/06\/1111\/\" \/>\n<meta property=\"og:site_name\" content=\"ValeVz\" \/>\n<meta property=\"article:publisher\" content=\"https:\/\/www.facebook.com\/valeria.zunino.7\" \/>\n<meta property=\"article:published_time\" content=\"2017-01-06T12:50:59+00:00\" \/>\n<meta property=\"article:modified_time\" content=\"2017-01-06T12:54:05+00:00\" \/>\n<meta name=\"author\" content=\"Valeria\" \/>\n<meta name=\"twitter:card\" content=\"summary_large_image\" \/>\n<meta name=\"twitter:creator\" content=\"@valezunin\" \/>\n<meta name=\"twitter:site\" content=\"@valezunin\" \/>\n<meta name=\"twitter:label1\" content=\"Scritto da\" \/>\n\t<meta name=\"twitter:data1\" content=\"Valeria\" \/>\n\t<meta name=\"twitter:label2\" content=\"Tempo di lettura stimato\" \/>\n\t<meta name=\"twitter:data2\" content=\"5 minuti\" \/>\n<script type=\"application\/ld+json\" class=\"yoast-schema-graph\">{\"@context\":\"https:\/\/schema.org\",\"@graph\":[{\"@type\":\"Article\",\"@id\":\"https:\/\/valeriazunino.it\/blog\/2017\/01\/06\/1111\/#article\",\"isPartOf\":{\"@id\":\"https:\/\/valeriazunino.it\/blog\/2017\/01\/06\/1111\/\"},\"author\":{\"name\":\"Valeria\",\"@id\":\"https:\/\/valeriazunino.it\/blog\/#\/schema\/person\/8cdafe297c88eeb291db056286b0ae2a\"},\"headline\":\"Il senso della vita. ?\u2764?\",\"datePublished\":\"2017-01-06T12:50:59+00:00\",\"dateModified\":\"2017-01-06T12:54:05+00:00\",\"mainEntityOfPage\":{\"@id\":\"https:\/\/valeriazunino.it\/blog\/2017\/01\/06\/1111\/\"},\"wordCount\":1085,\"commentCount\":0,\"keywords\":[\"libri\",\"Musica\",\"Pensieri\"],\"articleSection\":[\"libri\",\"Musica\",\"pensieri\"],\"inLanguage\":\"it-IT\",\"potentialAction\":[{\"@type\":\"CommentAction\",\"name\":\"Comment\",\"target\":[\"https:\/\/valeriazunino.it\/blog\/2017\/01\/06\/1111\/#respond\"]}]},{\"@type\":\"WebPage\",\"@id\":\"https:\/\/valeriazunino.it\/blog\/2017\/01\/06\/1111\/\",\"url\":\"https:\/\/valeriazunino.it\/blog\/2017\/01\/06\/1111\/\",\"name\":\"Il senso della vita. ?\u2764? - ValeVz\",\"isPartOf\":{\"@id\":\"https:\/\/valeriazunino.it\/blog\/#website\"},\"datePublished\":\"2017-01-06T12:50:59+00:00\",\"dateModified\":\"2017-01-06T12:54:05+00:00\",\"author\":{\"@id\":\"https:\/\/valeriazunino.it\/blog\/#\/schema\/person\/8cdafe297c88eeb291db056286b0ae2a\"},\"breadcrumb\":{\"@id\":\"https:\/\/valeriazunino.it\/blog\/2017\/01\/06\/1111\/#breadcrumb\"},\"inLanguage\":\"it-IT\",\"potentialAction\":[{\"@type\":\"ReadAction\",\"target\":[\"https:\/\/valeriazunino.it\/blog\/2017\/01\/06\/1111\/\"]}]},{\"@type\":\"BreadcrumbList\",\"@id\":\"https:\/\/valeriazunino.it\/blog\/2017\/01\/06\/1111\/#breadcrumb\",\"itemListElement\":[{\"@type\":\"ListItem\",\"position\":1,\"name\":\"Home\",\"item\":\"https:\/\/valeriazunino.it\/blog\/\"},{\"@type\":\"ListItem\",\"position\":2,\"name\":\"Il senso della vita. ?\u2764?\"}]},{\"@type\":\"WebSite\",\"@id\":\"https:\/\/valeriazunino.it\/blog\/#website\",\"url\":\"https:\/\/valeriazunino.it\/blog\/\",\"name\":\"ValeVz\",\"description\":\"il mio sito\",\"potentialAction\":[{\"@type\":\"SearchAction\",\"target\":{\"@type\":\"EntryPoint\",\"urlTemplate\":\"https:\/\/valeriazunino.it\/blog\/?s={search_term_string}\"},\"query-input\":{\"@type\":\"PropertyValueSpecification\",\"valueRequired\":true,\"valueName\":\"search_term_string\"}}],\"inLanguage\":\"it-IT\"},{\"@type\":\"Person\",\"@id\":\"https:\/\/valeriazunino.it\/blog\/#\/schema\/person\/8cdafe297c88eeb291db056286b0ae2a\",\"name\":\"Valeria\",\"image\":{\"@type\":\"ImageObject\",\"inLanguage\":\"it-IT\",\"@id\":\"https:\/\/valeriazunino.it\/blog\/#\/schema\/person\/image\/\",\"url\":\"https:\/\/secure.gravatar.com\/avatar\/4196ffa01e9ac5ef46888ac2c82ba7543ee2f63f9331c6e05282c2ff05645fe2?s=96&d=mm&r=g\",\"contentUrl\":\"https:\/\/secure.gravatar.com\/avatar\/4196ffa01e9ac5ef46888ac2c82ba7543ee2f63f9331c6e05282c2ff05645fe2?s=96&d=mm&r=g\",\"caption\":\"Valeria\"}}]}<\/script>\n<!-- \/ Yoast SEO plugin. -->","yoast_head_json":{"title":"Il senso della vita. ?\u2764? - ValeVz","robots":{"index":"index","follow":"follow","max-snippet":"max-snippet:-1","max-image-preview":"max-image-preview:large","max-video-preview":"max-video-preview:-1"},"canonical":"https:\/\/valeriazunino.it\/blog\/2017\/01\/06\/1111\/","og_locale":"it_IT","og_type":"article","og_title":"Il senso della vita. ?\u2764? - ValeVz","og_description":"&#8221; Nel mezzo del cammin di nostra vita mi ritrovai per una selva oscura, ch\u00e9 la diritta via era smarrita. Ahi quanto a dir qual era \u00e8 cosa dura esta selva selvaggia e aspra e forte che nel pensier rinova la paura! Tant&#8217; \u00e8 amara che poco \u00e8 pi\u00f9 morte; ma per trattar del ben &hellip; Continua la lettura di Il senso della vita. ?\u2764? &rarr;","og_url":"https:\/\/valeriazunino.it\/blog\/2017\/01\/06\/1111\/","og_site_name":"ValeVz","article_publisher":"https:\/\/www.facebook.com\/valeria.zunino.7","article_published_time":"2017-01-06T12:50:59+00:00","article_modified_time":"2017-01-06T12:54:05+00:00","author":"Valeria","twitter_card":"summary_large_image","twitter_creator":"@valezunin","twitter_site":"@valezunin","twitter_misc":{"Scritto da":"Valeria","Tempo di lettura stimato":"5 minuti"},"schema":{"@context":"https:\/\/schema.org","@graph":[{"@type":"Article","@id":"https:\/\/valeriazunino.it\/blog\/2017\/01\/06\/1111\/#article","isPartOf":{"@id":"https:\/\/valeriazunino.it\/blog\/2017\/01\/06\/1111\/"},"author":{"name":"Valeria","@id":"https:\/\/valeriazunino.it\/blog\/#\/schema\/person\/8cdafe297c88eeb291db056286b0ae2a"},"headline":"Il senso della vita. ?\u2764?","datePublished":"2017-01-06T12:50:59+00:00","dateModified":"2017-01-06T12:54:05+00:00","mainEntityOfPage":{"@id":"https:\/\/valeriazunino.it\/blog\/2017\/01\/06\/1111\/"},"wordCount":1085,"commentCount":0,"keywords":["libri","Musica","Pensieri"],"articleSection":["libri","Musica","pensieri"],"inLanguage":"it-IT","potentialAction":[{"@type":"CommentAction","name":"Comment","target":["https:\/\/valeriazunino.it\/blog\/2017\/01\/06\/1111\/#respond"]}]},{"@type":"WebPage","@id":"https:\/\/valeriazunino.it\/blog\/2017\/01\/06\/1111\/","url":"https:\/\/valeriazunino.it\/blog\/2017\/01\/06\/1111\/","name":"Il senso della vita. ?\u2764? - ValeVz","isPartOf":{"@id":"https:\/\/valeriazunino.it\/blog\/#website"},"datePublished":"2017-01-06T12:50:59+00:00","dateModified":"2017-01-06T12:54:05+00:00","author":{"@id":"https:\/\/valeriazunino.it\/blog\/#\/schema\/person\/8cdafe297c88eeb291db056286b0ae2a"},"breadcrumb":{"@id":"https:\/\/valeriazunino.it\/blog\/2017\/01\/06\/1111\/#breadcrumb"},"inLanguage":"it-IT","potentialAction":[{"@type":"ReadAction","target":["https:\/\/valeriazunino.it\/blog\/2017\/01\/06\/1111\/"]}]},{"@type":"BreadcrumbList","@id":"https:\/\/valeriazunino.it\/blog\/2017\/01\/06\/1111\/#breadcrumb","itemListElement":[{"@type":"ListItem","position":1,"name":"Home","item":"https:\/\/valeriazunino.it\/blog\/"},{"@type":"ListItem","position":2,"name":"Il senso della vita. ?\u2764?"}]},{"@type":"WebSite","@id":"https:\/\/valeriazunino.it\/blog\/#website","url":"https:\/\/valeriazunino.it\/blog\/","name":"ValeVz","description":"il mio sito","potentialAction":[{"@type":"SearchAction","target":{"@type":"EntryPoint","urlTemplate":"https:\/\/valeriazunino.it\/blog\/?s={search_term_string}"},"query-input":{"@type":"PropertyValueSpecification","valueRequired":true,"valueName":"search_term_string"}}],"inLanguage":"it-IT"},{"@type":"Person","@id":"https:\/\/valeriazunino.it\/blog\/#\/schema\/person\/8cdafe297c88eeb291db056286b0ae2a","name":"Valeria","image":{"@type":"ImageObject","inLanguage":"it-IT","@id":"https:\/\/valeriazunino.it\/blog\/#\/schema\/person\/image\/","url":"https:\/\/secure.gravatar.com\/avatar\/4196ffa01e9ac5ef46888ac2c82ba7543ee2f63f9331c6e05282c2ff05645fe2?s=96&d=mm&r=g","contentUrl":"https:\/\/secure.gravatar.com\/avatar\/4196ffa01e9ac5ef46888ac2c82ba7543ee2f63f9331c6e05282c2ff05645fe2?s=96&d=mm&r=g","caption":"Valeria"}}]}},"post_mailing_queue_ids":[],"_links":{"self":[{"href":"https:\/\/valeriazunino.it\/blog\/wp-json\/wp\/v2\/posts\/1111","targetHints":{"allow":["GET"]}}],"collection":[{"href":"https:\/\/valeriazunino.it\/blog\/wp-json\/wp\/v2\/posts"}],"about":[{"href":"https:\/\/valeriazunino.it\/blog\/wp-json\/wp\/v2\/types\/post"}],"author":[{"embeddable":true,"href":"https:\/\/valeriazunino.it\/blog\/wp-json\/wp\/v2\/users\/1"}],"replies":[{"embeddable":true,"href":"https:\/\/valeriazunino.it\/blog\/wp-json\/wp\/v2\/comments?post=1111"}],"version-history":[{"count":4,"href":"https:\/\/valeriazunino.it\/blog\/wp-json\/wp\/v2\/posts\/1111\/revisions"}],"predecessor-version":[{"id":1115,"href":"https:\/\/valeriazunino.it\/blog\/wp-json\/wp\/v2\/posts\/1111\/revisions\/1115"}],"wp:attachment":[{"href":"https:\/\/valeriazunino.it\/blog\/wp-json\/wp\/v2\/media?parent=1111"}],"wp:term":[{"taxonomy":"category","embeddable":true,"href":"https:\/\/valeriazunino.it\/blog\/wp-json\/wp\/v2\/categories?post=1111"},{"taxonomy":"post_tag","embeddable":true,"href":"https:\/\/valeriazunino.it\/blog\/wp-json\/wp\/v2\/tags?post=1111"}],"curies":[{"name":"wp","href":"https:\/\/api.w.org\/{rel}","templated":true}]}}