{"id":1447,"date":"2017-05-28T18:25:01","date_gmt":"2017-05-28T16:25:01","guid":{"rendered":"http:\/\/2.225.140.8\/wordpress2\/?p=1447"},"modified":"2017-05-28T18:25:01","modified_gmt":"2017-05-28T16:25:01","slug":"un-addio-non-piu","status":"publish","type":"post","link":"https:\/\/valeriazunino.it\/blog\/2017\/05\/28\/un-addio-non-piu\/","title":{"rendered":"Dopo un addio non siamo piu&#8217; quelli di prima"},"content":{"rendered":"<p>Eh gi\u00e0&#8230; e&#8217; proprio cos\u00ec..dopo un addio non siamo pi\u00f9 gli stessi di prima perch\u00e9 qualcosa del nostro vissuto rimane alla persona o al luogo a cui diamo l&#8217;addio appunto .. e si sa che &#8220;partire&#8221;, \u00a0ovvero lasciare, \u00a0\u00e8 un po&#8217; morire .. ti mancher\u00e0 sempre quel pezzo. Il primo addio che ho dato \u00a0per cui ho sofferto \u00e8 stato quello alla mia condizione di ragazza .. avevo deciso di sposarmi , con il ragazzo della mia vita, peraltro, quindi avrei dovuto essere al settimo cielo &#8230; eppure avevo un senso di tristezza perch\u00e9 sapevo che una parte della mia vita si stava concludendo e non sarebbe mai pi\u00f9 tornata.. dovevo lasciare la mia famiglia di orgine , mia sorella e le nostre nottate a parlare e ridere , e a fumare di nascosto sul poggiolo, la mia grande bella \u00a0stanza, \u00a0 la mia spensieratezza ,perch\u00e9 sapevo \u00a0che prima o poi avrei assunto la responsabilit\u00e0 di crescere un figlio and so on.. \u00a0tutti gli addii mi hanno sempre intristita e non poco.. anche lasciare il mio lavoro, il mio ufficio , le mie abitudini da impiegata, le mie colleghe \u00e8 stato doloroso \u00a0.. anche se stare a casa ritengo sia stato un grande privilegio.. anche se \u00a0non sempre cos\u00ec idilliaco, per\u00f2&#8230; Non crediate, perche anche stare a casa , pu\u00f2 essere una bella menata .. per\u00f2, ho potuto dedicarmi, anche troppo, alle esigenze di mio figlio .. permettendogli anche di farsi dei bei periodi lunghi in campagna d&#8217;estate che diversamente nn avrebbe potuto godere.. \u00a0.. \u00a0anche in questo periodo sono in una fase di &#8220;addio&#8221; .. Non posso rivelare ovviamente a chi o che cosa sto dicendo addio &#8230; ma posso dire che, anche in questo frangente , un po&#8217; di dolore lo sento .. \u00a0alcuni addii sono proprio inevitabili .. altri potrebbero essere evitati ma poi alla fine la vita \u00e8 cosi &#8230; si aprono e chiudono parentesi .. alcune per sempre altre chiss\u00e0&#8230; chi vivr\u00e0.. vedr\u00e0&#8230; \u00a0tutto , comunque , resta nel nostro cuore&#8230; e l\u00ec nessuno ha libero accesso se non lo permettiamo&#8230;<\/p>\n<p><a href=\"https:\/\/lamenteemeravigliosa.it\/un-addio-non-torniamo-piu-ad\/\">Link<\/a><!--more--><\/p>\n<p>&nbsp;<\/p>\n<p>&nbsp;<\/p>\n<p>&nbsp;<\/p>\n<p>&nbsp;<\/p>\n","protected":false},"excerpt":{"rendered":"<p>Eh gi\u00e0&#8230; e&#8217; proprio cos\u00ec..dopo un addio non siamo pi\u00f9 gli stessi di prima perch\u00e9 qualcosa del nostro vissuto rimane alla persona o al luogo a cui diamo l&#8217;addio appunto .. e si sa che &#8220;partire&#8221;, \u00a0ovvero lasciare, \u00a0\u00e8 un po&#8217; morire .. ti mancher\u00e0 sempre quel pezzo. Il primo addio che ho dato \u00a0per &hellip; <a href=\"https:\/\/valeriazunino.it\/blog\/2017\/05\/28\/un-addio-non-piu\/\" class=\"more-link\">Continua la lettura di <span class=\"screen-reader-text\">Dopo un addio non siamo piu&#8217; quelli di prima<\/span> <span class=\"meta-nav\">&rarr;<\/span><\/a><\/p>\n","protected":false},"author":1,"featured_media":0,"comment_status":"open","ping_status":"open","sticky":false,"template":"","format":"standard","meta":{"footnotes":""},"categories":[2],"tags":[3],"class_list":["post-1447","post","type-post","status-publish","format-standard","hentry","category-pensieri","tag-pensieri"],"yoast_head":"<!-- This site is optimized with the Yoast SEO plugin v27.0 - https:\/\/yoast.com\/product\/yoast-seo-wordpress\/ -->\n<title>Dopo un addio non siamo piu&#039; quelli di prima - ValeVz<\/title>\n<meta name=\"robots\" content=\"index, follow, max-snippet:-1, max-image-preview:large, max-video-preview:-1\" \/>\n<link rel=\"canonical\" href=\"https:\/\/valeriazunino.it\/blog\/2017\/05\/28\/un-addio-non-piu\/\" \/>\n<meta property=\"og:locale\" content=\"it_IT\" \/>\n<meta property=\"og:type\" content=\"article\" \/>\n<meta property=\"og:title\" content=\"Dopo un addio non siamo piu&#039; quelli di prima - ValeVz\" \/>\n<meta property=\"og:description\" content=\"Eh gi\u00e0&#8230; e&#8217; proprio cos\u00ec..dopo un addio non siamo pi\u00f9 gli stessi di prima perch\u00e9 qualcosa del nostro vissuto rimane alla persona o al luogo a cui diamo l&#8217;addio appunto .. e si sa che &#8220;partire&#8221;, \u00a0ovvero lasciare, \u00a0\u00e8 un po&#8217; morire .. ti mancher\u00e0 sempre quel pezzo. Il primo addio che ho dato \u00a0per &hellip; Continua la lettura di Dopo un addio non siamo piu&#8217; quelli di prima &rarr;\" \/>\n<meta property=\"og:url\" content=\"https:\/\/valeriazunino.it\/blog\/2017\/05\/28\/un-addio-non-piu\/\" \/>\n<meta property=\"og:site_name\" content=\"ValeVz\" \/>\n<meta property=\"article:publisher\" content=\"https:\/\/www.facebook.com\/valeria.zunino.7\" \/>\n<meta property=\"article:published_time\" content=\"2017-05-28T16:25:01+00:00\" \/>\n<meta name=\"author\" content=\"Valeria\" \/>\n<meta name=\"twitter:card\" content=\"summary_large_image\" \/>\n<meta name=\"twitter:creator\" content=\"@valezunin\" \/>\n<meta name=\"twitter:site\" content=\"@valezunin\" \/>\n<meta name=\"twitter:label1\" content=\"Scritto da\" \/>\n\t<meta name=\"twitter:data1\" content=\"Valeria\" \/>\n\t<meta name=\"twitter:label2\" content=\"Tempo di lettura stimato\" \/>\n\t<meta name=\"twitter:data2\" content=\"2 minuti\" \/>\n<script type=\"application\/ld+json\" class=\"yoast-schema-graph\">{\"@context\":\"https:\/\/schema.org\",\"@graph\":[{\"@type\":\"Article\",\"@id\":\"https:\/\/valeriazunino.it\/blog\/2017\/05\/28\/un-addio-non-piu\/#article\",\"isPartOf\":{\"@id\":\"https:\/\/valeriazunino.it\/blog\/2017\/05\/28\/un-addio-non-piu\/\"},\"author\":{\"name\":\"Valeria\",\"@id\":\"https:\/\/valeriazunino.it\/blog\/#\/schema\/person\/8cdafe297c88eeb291db056286b0ae2a\"},\"headline\":\"Dopo un addio non siamo piu&#8217; quelli di prima\",\"datePublished\":\"2017-05-28T16:25:01+00:00\",\"mainEntityOfPage\":{\"@id\":\"https:\/\/valeriazunino.it\/blog\/2017\/05\/28\/un-addio-non-piu\/\"},\"wordCount\":336,\"commentCount\":0,\"keywords\":[\"Pensieri\"],\"articleSection\":[\"pensieri\"],\"inLanguage\":\"it-IT\",\"potentialAction\":[{\"@type\":\"CommentAction\",\"name\":\"Comment\",\"target\":[\"https:\/\/valeriazunino.it\/blog\/2017\/05\/28\/un-addio-non-piu\/#respond\"]}]},{\"@type\":\"WebPage\",\"@id\":\"https:\/\/valeriazunino.it\/blog\/2017\/05\/28\/un-addio-non-piu\/\",\"url\":\"https:\/\/valeriazunino.it\/blog\/2017\/05\/28\/un-addio-non-piu\/\",\"name\":\"Dopo un addio non siamo piu' quelli di prima - ValeVz\",\"isPartOf\":{\"@id\":\"https:\/\/valeriazunino.it\/blog\/#website\"},\"datePublished\":\"2017-05-28T16:25:01+00:00\",\"author\":{\"@id\":\"https:\/\/valeriazunino.it\/blog\/#\/schema\/person\/8cdafe297c88eeb291db056286b0ae2a\"},\"breadcrumb\":{\"@id\":\"https:\/\/valeriazunino.it\/blog\/2017\/05\/28\/un-addio-non-piu\/#breadcrumb\"},\"inLanguage\":\"it-IT\",\"potentialAction\":[{\"@type\":\"ReadAction\",\"target\":[\"https:\/\/valeriazunino.it\/blog\/2017\/05\/28\/un-addio-non-piu\/\"]}]},{\"@type\":\"BreadcrumbList\",\"@id\":\"https:\/\/valeriazunino.it\/blog\/2017\/05\/28\/un-addio-non-piu\/#breadcrumb\",\"itemListElement\":[{\"@type\":\"ListItem\",\"position\":1,\"name\":\"Home\",\"item\":\"https:\/\/valeriazunino.it\/blog\/\"},{\"@type\":\"ListItem\",\"position\":2,\"name\":\"Dopo un addio non siamo piu&#8217; quelli di prima\"}]},{\"@type\":\"WebSite\",\"@id\":\"https:\/\/valeriazunino.it\/blog\/#website\",\"url\":\"https:\/\/valeriazunino.it\/blog\/\",\"name\":\"ValeVz\",\"description\":\"il mio sito\",\"potentialAction\":[{\"@type\":\"SearchAction\",\"target\":{\"@type\":\"EntryPoint\",\"urlTemplate\":\"https:\/\/valeriazunino.it\/blog\/?s={search_term_string}\"},\"query-input\":{\"@type\":\"PropertyValueSpecification\",\"valueRequired\":true,\"valueName\":\"search_term_string\"}}],\"inLanguage\":\"it-IT\"},{\"@type\":\"Person\",\"@id\":\"https:\/\/valeriazunino.it\/blog\/#\/schema\/person\/8cdafe297c88eeb291db056286b0ae2a\",\"name\":\"Valeria\",\"image\":{\"@type\":\"ImageObject\",\"inLanguage\":\"it-IT\",\"@id\":\"https:\/\/valeriazunino.it\/blog\/#\/schema\/person\/image\/\",\"url\":\"https:\/\/secure.gravatar.com\/avatar\/4196ffa01e9ac5ef46888ac2c82ba7543ee2f63f9331c6e05282c2ff05645fe2?s=96&d=mm&r=g\",\"contentUrl\":\"https:\/\/secure.gravatar.com\/avatar\/4196ffa01e9ac5ef46888ac2c82ba7543ee2f63f9331c6e05282c2ff05645fe2?s=96&d=mm&r=g\",\"caption\":\"Valeria\"}}]}<\/script>\n<!-- \/ Yoast SEO plugin. -->","yoast_head_json":{"title":"Dopo un addio non siamo piu' quelli di prima - ValeVz","robots":{"index":"index","follow":"follow","max-snippet":"max-snippet:-1","max-image-preview":"max-image-preview:large","max-video-preview":"max-video-preview:-1"},"canonical":"https:\/\/valeriazunino.it\/blog\/2017\/05\/28\/un-addio-non-piu\/","og_locale":"it_IT","og_type":"article","og_title":"Dopo un addio non siamo piu' quelli di prima - ValeVz","og_description":"Eh gi\u00e0&#8230; e&#8217; proprio cos\u00ec..dopo un addio non siamo pi\u00f9 gli stessi di prima perch\u00e9 qualcosa del nostro vissuto rimane alla persona o al luogo a cui diamo l&#8217;addio appunto .. e si sa che &#8220;partire&#8221;, \u00a0ovvero lasciare, \u00a0\u00e8 un po&#8217; morire .. ti mancher\u00e0 sempre quel pezzo. Il primo addio che ho dato \u00a0per &hellip; Continua la lettura di Dopo un addio non siamo piu&#8217; quelli di prima &rarr;","og_url":"https:\/\/valeriazunino.it\/blog\/2017\/05\/28\/un-addio-non-piu\/","og_site_name":"ValeVz","article_publisher":"https:\/\/www.facebook.com\/valeria.zunino.7","article_published_time":"2017-05-28T16:25:01+00:00","author":"Valeria","twitter_card":"summary_large_image","twitter_creator":"@valezunin","twitter_site":"@valezunin","twitter_misc":{"Scritto da":"Valeria","Tempo di lettura stimato":"2 minuti"},"schema":{"@context":"https:\/\/schema.org","@graph":[{"@type":"Article","@id":"https:\/\/valeriazunino.it\/blog\/2017\/05\/28\/un-addio-non-piu\/#article","isPartOf":{"@id":"https:\/\/valeriazunino.it\/blog\/2017\/05\/28\/un-addio-non-piu\/"},"author":{"name":"Valeria","@id":"https:\/\/valeriazunino.it\/blog\/#\/schema\/person\/8cdafe297c88eeb291db056286b0ae2a"},"headline":"Dopo un addio non siamo piu&#8217; quelli di prima","datePublished":"2017-05-28T16:25:01+00:00","mainEntityOfPage":{"@id":"https:\/\/valeriazunino.it\/blog\/2017\/05\/28\/un-addio-non-piu\/"},"wordCount":336,"commentCount":0,"keywords":["Pensieri"],"articleSection":["pensieri"],"inLanguage":"it-IT","potentialAction":[{"@type":"CommentAction","name":"Comment","target":["https:\/\/valeriazunino.it\/blog\/2017\/05\/28\/un-addio-non-piu\/#respond"]}]},{"@type":"WebPage","@id":"https:\/\/valeriazunino.it\/blog\/2017\/05\/28\/un-addio-non-piu\/","url":"https:\/\/valeriazunino.it\/blog\/2017\/05\/28\/un-addio-non-piu\/","name":"Dopo un addio non siamo piu' quelli di prima - ValeVz","isPartOf":{"@id":"https:\/\/valeriazunino.it\/blog\/#website"},"datePublished":"2017-05-28T16:25:01+00:00","author":{"@id":"https:\/\/valeriazunino.it\/blog\/#\/schema\/person\/8cdafe297c88eeb291db056286b0ae2a"},"breadcrumb":{"@id":"https:\/\/valeriazunino.it\/blog\/2017\/05\/28\/un-addio-non-piu\/#breadcrumb"},"inLanguage":"it-IT","potentialAction":[{"@type":"ReadAction","target":["https:\/\/valeriazunino.it\/blog\/2017\/05\/28\/un-addio-non-piu\/"]}]},{"@type":"BreadcrumbList","@id":"https:\/\/valeriazunino.it\/blog\/2017\/05\/28\/un-addio-non-piu\/#breadcrumb","itemListElement":[{"@type":"ListItem","position":1,"name":"Home","item":"https:\/\/valeriazunino.it\/blog\/"},{"@type":"ListItem","position":2,"name":"Dopo un addio non siamo piu&#8217; quelli di prima"}]},{"@type":"WebSite","@id":"https:\/\/valeriazunino.it\/blog\/#website","url":"https:\/\/valeriazunino.it\/blog\/","name":"ValeVz","description":"il mio sito","potentialAction":[{"@type":"SearchAction","target":{"@type":"EntryPoint","urlTemplate":"https:\/\/valeriazunino.it\/blog\/?s={search_term_string}"},"query-input":{"@type":"PropertyValueSpecification","valueRequired":true,"valueName":"search_term_string"}}],"inLanguage":"it-IT"},{"@type":"Person","@id":"https:\/\/valeriazunino.it\/blog\/#\/schema\/person\/8cdafe297c88eeb291db056286b0ae2a","name":"Valeria","image":{"@type":"ImageObject","inLanguage":"it-IT","@id":"https:\/\/valeriazunino.it\/blog\/#\/schema\/person\/image\/","url":"https:\/\/secure.gravatar.com\/avatar\/4196ffa01e9ac5ef46888ac2c82ba7543ee2f63f9331c6e05282c2ff05645fe2?s=96&d=mm&r=g","contentUrl":"https:\/\/secure.gravatar.com\/avatar\/4196ffa01e9ac5ef46888ac2c82ba7543ee2f63f9331c6e05282c2ff05645fe2?s=96&d=mm&r=g","caption":"Valeria"}}]}},"post_mailing_queue_ids":[],"_links":{"self":[{"href":"https:\/\/valeriazunino.it\/blog\/wp-json\/wp\/v2\/posts\/1447","targetHints":{"allow":["GET"]}}],"collection":[{"href":"https:\/\/valeriazunino.it\/blog\/wp-json\/wp\/v2\/posts"}],"about":[{"href":"https:\/\/valeriazunino.it\/blog\/wp-json\/wp\/v2\/types\/post"}],"author":[{"embeddable":true,"href":"https:\/\/valeriazunino.it\/blog\/wp-json\/wp\/v2\/users\/1"}],"replies":[{"embeddable":true,"href":"https:\/\/valeriazunino.it\/blog\/wp-json\/wp\/v2\/comments?post=1447"}],"version-history":[{"count":3,"href":"https:\/\/valeriazunino.it\/blog\/wp-json\/wp\/v2\/posts\/1447\/revisions"}],"predecessor-version":[{"id":1450,"href":"https:\/\/valeriazunino.it\/blog\/wp-json\/wp\/v2\/posts\/1447\/revisions\/1450"}],"wp:attachment":[{"href":"https:\/\/valeriazunino.it\/blog\/wp-json\/wp\/v2\/media?parent=1447"}],"wp:term":[{"taxonomy":"category","embeddable":true,"href":"https:\/\/valeriazunino.it\/blog\/wp-json\/wp\/v2\/categories?post=1447"},{"taxonomy":"post_tag","embeddable":true,"href":"https:\/\/valeriazunino.it\/blog\/wp-json\/wp\/v2\/tags?post=1447"}],"curies":[{"name":"wp","href":"https:\/\/api.w.org\/{rel}","templated":true}]}}