{"id":1553,"date":"2017-06-19T00:10:38","date_gmt":"2017-06-18T22:10:38","guid":{"rendered":"http:\/\/2.225.140.8\/wordpress2\/?p=1553"},"modified":"2017-06-19T08:31:05","modified_gmt":"2017-06-19T06:31:05","slug":"sabato-sera-a-milano-tiziano-ferro-tour-2017","status":"publish","type":"post","link":"https:\/\/valeriazunino.it\/blog\/2017\/06\/19\/sabato-sera-a-milano-tiziano-ferro-tour-2017\/","title":{"rendered":"Sabato sera a Milano Tiziano Ferro tour 2017"},"content":{"rendered":"<p style=\"padding-left: 30px;\"><a href=\"https:\/\/goo.gl\/photos\/7ncWuoP21nbr1soZ6\">https:\/\/goo.gl\/photos\/7ncWuoP21nbr1soZ6<\/a><\/p>\n<p>Fantastica sta cosa .. google ha creato questo album e sono riuscita a condividerlo sia qui sia su Facebook in un attimo. Caricare un solo video ormai \u00e8 diventata un&#8217;impresa impossibile.. \u00a0cos\u00ec \u00e8 perfetto. Cos\u00ec posso scrivere della bella esperienza del concerto di Tiziano Ferro a San Siro..<\/p>\n<p>Prima volta che vado a sentire un concerto di Titti Iron devo dire che \u00e8 stata una forte emozione.. specialmente essere tra le 50.000 persone circa che , da ogni parte d&#8217;Italia, si sono convogliate a San Siro per amore della musica &#8230; #lamusicaepiuforte .. io non ho avuto nessunissima paura anche se ogni tre x due venivano date istruzioni in caso si fossero verificate delle &#8220;criticit\u00e0 &#8220;. \u00a0Zero paura !<\/p>\n<p>L&#8217;entusiasmo di un concerto eseguito in uno stadio \u00e8 a palla, diversa cosa da quelli organizzati nei teatri.. nn c&#8217;\u00e8 paragone.. pi\u00f9 libert\u00e0 di movimento, se ti vuoi alzare ti alzi senza remore.. nn come in teatro che sembriamo tutti dipinti.. fare \u00a0la ola poi \u00e8 una cosa fantastica .. mi faceva ridere..?? \u00a0l&#8217;acustica non \u00e8 \u00a0stata affatto buona..talvolta non si capivano neanche distinte le parole da quanto si sentiva disturbato&#8230;. \u00a0Tiziano Ferro \u00e9 un portento, a parte figo come pochi , che non guasta mai, ha un sorriso da mille e una notte, ha iniziato il concerto parlando , dicendo cose molte vere e assolutamente condivisibili.. sul nostro modo di vivere e come dovrebbe essere &#8230; ha un&#8221;estensione vocale non indifferente .. mai un&#8217;incertezza , repertorio ricco, ricchissimo.. gli ultimi singoli dell&#8217;ultimo cd .. sono bellissimi .. lui \u00e9 come certo vino: \u00a0pi\u00f9 invecchia e pi\u00f9 migliora (si pu\u00f2 dire piu migliora? ) \u00a0.. come uomo, come cantante , come artista&#8230; gli iniziali giochi d&#8217;acqua sul palco si sono conclusi con una vera e propria doccia su di lui .. con la forza di una cascata.. sembrava proprio una cascata &#8230; va beh che c&#8217;era un caldo che pi\u00f9 che piacere non gli avr\u00e0 fatto.. \u00a0andate , se vi va, a vedere il link che vi riporter\u00e0 a quanti momenti della serata \u00a0ho ritenuto \u00a0trattenere ttattandosi di una serata cos\u00ec speciale .<\/p>\n<p>rimarr\u00e0 impressa nei miei \u00a0ricordi, nei miei occhi , nelle mie orecchie , nel mio cuore \u00a0 \u00a0adoro andare ai concerti, la cosa che mi piace fare di pi\u00f9 in assoluto.. \u00a0. Vuoi farmi felice? Portami ad un concerto!<\/p>\n<p>Ci sto proprio bene in quel casino di gente, \u00a0di luce, di suoni , di emozioni &#8230;. #vitaemusica #musicaevita<\/p>\n","protected":false},"excerpt":{"rendered":"<p>https:\/\/goo.gl\/photos\/7ncWuoP21nbr1soZ6 Fantastica sta cosa .. google ha creato questo album e sono riuscita a condividerlo sia qui sia su Facebook in un attimo. Caricare un solo video ormai \u00e8 diventata un&#8217;impresa impossibile.. \u00a0cos\u00ec \u00e8 perfetto. Cos\u00ec posso scrivere della bella esperienza del concerto di Tiziano Ferro a San Siro.. Prima volta che vado a sentire &hellip; <a href=\"https:\/\/valeriazunino.it\/blog\/2017\/06\/19\/sabato-sera-a-milano-tiziano-ferro-tour-2017\/\" class=\"more-link\">Continua la lettura di <span class=\"screen-reader-text\">Sabato sera a Milano Tiziano Ferro tour 2017<\/span> <span class=\"meta-nav\">&rarr;<\/span><\/a><\/p>\n","protected":false},"author":1,"featured_media":0,"comment_status":"open","ping_status":"open","sticky":false,"template":"","format":"standard","meta":{"footnotes":""},"categories":[10],"tags":[11],"class_list":["post-1553","post","type-post","status-publish","format-standard","hentry","category-musica","tag-musica"],"yoast_head":"<!-- This site is optimized with the Yoast SEO plugin v27.0 - https:\/\/yoast.com\/product\/yoast-seo-wordpress\/ -->\n<title>Sabato sera a Milano Tiziano Ferro tour 2017 - ValeVz<\/title>\n<meta name=\"robots\" content=\"index, follow, max-snippet:-1, max-image-preview:large, max-video-preview:-1\" \/>\n<link rel=\"canonical\" href=\"https:\/\/valeriazunino.it\/blog\/2017\/06\/19\/sabato-sera-a-milano-tiziano-ferro-tour-2017\/\" \/>\n<meta property=\"og:locale\" content=\"it_IT\" \/>\n<meta property=\"og:type\" content=\"article\" \/>\n<meta property=\"og:title\" content=\"Sabato sera a Milano Tiziano Ferro tour 2017 - ValeVz\" \/>\n<meta property=\"og:description\" content=\"https:\/\/goo.gl\/photos\/7ncWuoP21nbr1soZ6 Fantastica sta cosa .. google ha creato questo album e sono riuscita a condividerlo sia qui sia su Facebook in un attimo. Caricare un solo video ormai \u00e8 diventata un&#8217;impresa impossibile.. \u00a0cos\u00ec \u00e8 perfetto. Cos\u00ec posso scrivere della bella esperienza del concerto di Tiziano Ferro a San Siro.. Prima volta che vado a sentire &hellip; Continua la lettura di Sabato sera a Milano Tiziano Ferro tour 2017 &rarr;\" \/>\n<meta property=\"og:url\" content=\"https:\/\/valeriazunino.it\/blog\/2017\/06\/19\/sabato-sera-a-milano-tiziano-ferro-tour-2017\/\" \/>\n<meta property=\"og:site_name\" content=\"ValeVz\" \/>\n<meta property=\"article:publisher\" content=\"https:\/\/www.facebook.com\/valeria.zunino.7\" \/>\n<meta property=\"article:published_time\" content=\"2017-06-18T22:10:38+00:00\" \/>\n<meta property=\"article:modified_time\" content=\"2017-06-19T06:31:05+00:00\" \/>\n<meta name=\"author\" content=\"Valeria\" \/>\n<meta name=\"twitter:card\" content=\"summary_large_image\" \/>\n<meta name=\"twitter:creator\" content=\"@valezunin\" \/>\n<meta name=\"twitter:site\" content=\"@valezunin\" \/>\n<meta name=\"twitter:label1\" content=\"Scritto da\" \/>\n\t<meta name=\"twitter:data1\" content=\"Valeria\" \/>\n\t<meta name=\"twitter:label2\" content=\"Tempo di lettura stimato\" \/>\n\t<meta name=\"twitter:data2\" content=\"2 minuti\" \/>\n<script type=\"application\/ld+json\" class=\"yoast-schema-graph\">{\"@context\":\"https:\/\/schema.org\",\"@graph\":[{\"@type\":\"Article\",\"@id\":\"https:\/\/valeriazunino.it\/blog\/2017\/06\/19\/sabato-sera-a-milano-tiziano-ferro-tour-2017\/#article\",\"isPartOf\":{\"@id\":\"https:\/\/valeriazunino.it\/blog\/2017\/06\/19\/sabato-sera-a-milano-tiziano-ferro-tour-2017\/\"},\"author\":{\"name\":\"Valeria\",\"@id\":\"https:\/\/valeriazunino.it\/blog\/#\/schema\/person\/8cdafe297c88eeb291db056286b0ae2a\"},\"headline\":\"Sabato sera a Milano Tiziano Ferro tour 2017\",\"datePublished\":\"2017-06-18T22:10:38+00:00\",\"dateModified\":\"2017-06-19T06:31:05+00:00\",\"mainEntityOfPage\":{\"@id\":\"https:\/\/valeriazunino.it\/blog\/2017\/06\/19\/sabato-sera-a-milano-tiziano-ferro-tour-2017\/\"},\"wordCount\":398,\"commentCount\":0,\"keywords\":[\"Musica\"],\"articleSection\":[\"Musica\"],\"inLanguage\":\"it-IT\",\"potentialAction\":[{\"@type\":\"CommentAction\",\"name\":\"Comment\",\"target\":[\"https:\/\/valeriazunino.it\/blog\/2017\/06\/19\/sabato-sera-a-milano-tiziano-ferro-tour-2017\/#respond\"]}]},{\"@type\":\"WebPage\",\"@id\":\"https:\/\/valeriazunino.it\/blog\/2017\/06\/19\/sabato-sera-a-milano-tiziano-ferro-tour-2017\/\",\"url\":\"https:\/\/valeriazunino.it\/blog\/2017\/06\/19\/sabato-sera-a-milano-tiziano-ferro-tour-2017\/\",\"name\":\"Sabato sera a Milano Tiziano Ferro tour 2017 - ValeVz\",\"isPartOf\":{\"@id\":\"https:\/\/valeriazunino.it\/blog\/#website\"},\"datePublished\":\"2017-06-18T22:10:38+00:00\",\"dateModified\":\"2017-06-19T06:31:05+00:00\",\"author\":{\"@id\":\"https:\/\/valeriazunino.it\/blog\/#\/schema\/person\/8cdafe297c88eeb291db056286b0ae2a\"},\"breadcrumb\":{\"@id\":\"https:\/\/valeriazunino.it\/blog\/2017\/06\/19\/sabato-sera-a-milano-tiziano-ferro-tour-2017\/#breadcrumb\"},\"inLanguage\":\"it-IT\",\"potentialAction\":[{\"@type\":\"ReadAction\",\"target\":[\"https:\/\/valeriazunino.it\/blog\/2017\/06\/19\/sabato-sera-a-milano-tiziano-ferro-tour-2017\/\"]}]},{\"@type\":\"BreadcrumbList\",\"@id\":\"https:\/\/valeriazunino.it\/blog\/2017\/06\/19\/sabato-sera-a-milano-tiziano-ferro-tour-2017\/#breadcrumb\",\"itemListElement\":[{\"@type\":\"ListItem\",\"position\":1,\"name\":\"Home\",\"item\":\"https:\/\/valeriazunino.it\/blog\/\"},{\"@type\":\"ListItem\",\"position\":2,\"name\":\"Sabato sera a Milano Tiziano Ferro tour 2017\"}]},{\"@type\":\"WebSite\",\"@id\":\"https:\/\/valeriazunino.it\/blog\/#website\",\"url\":\"https:\/\/valeriazunino.it\/blog\/\",\"name\":\"ValeVz\",\"description\":\"il mio sito\",\"potentialAction\":[{\"@type\":\"SearchAction\",\"target\":{\"@type\":\"EntryPoint\",\"urlTemplate\":\"https:\/\/valeriazunino.it\/blog\/?s={search_term_string}\"},\"query-input\":{\"@type\":\"PropertyValueSpecification\",\"valueRequired\":true,\"valueName\":\"search_term_string\"}}],\"inLanguage\":\"it-IT\"},{\"@type\":\"Person\",\"@id\":\"https:\/\/valeriazunino.it\/blog\/#\/schema\/person\/8cdafe297c88eeb291db056286b0ae2a\",\"name\":\"Valeria\",\"image\":{\"@type\":\"ImageObject\",\"inLanguage\":\"it-IT\",\"@id\":\"https:\/\/valeriazunino.it\/blog\/#\/schema\/person\/image\/\",\"url\":\"https:\/\/secure.gravatar.com\/avatar\/4196ffa01e9ac5ef46888ac2c82ba7543ee2f63f9331c6e05282c2ff05645fe2?s=96&d=mm&r=g\",\"contentUrl\":\"https:\/\/secure.gravatar.com\/avatar\/4196ffa01e9ac5ef46888ac2c82ba7543ee2f63f9331c6e05282c2ff05645fe2?s=96&d=mm&r=g\",\"caption\":\"Valeria\"}}]}<\/script>\n<!-- \/ Yoast SEO plugin. -->","yoast_head_json":{"title":"Sabato sera a Milano Tiziano Ferro tour 2017 - ValeVz","robots":{"index":"index","follow":"follow","max-snippet":"max-snippet:-1","max-image-preview":"max-image-preview:large","max-video-preview":"max-video-preview:-1"},"canonical":"https:\/\/valeriazunino.it\/blog\/2017\/06\/19\/sabato-sera-a-milano-tiziano-ferro-tour-2017\/","og_locale":"it_IT","og_type":"article","og_title":"Sabato sera a Milano Tiziano Ferro tour 2017 - ValeVz","og_description":"https:\/\/goo.gl\/photos\/7ncWuoP21nbr1soZ6 Fantastica sta cosa .. google ha creato questo album e sono riuscita a condividerlo sia qui sia su Facebook in un attimo. Caricare un solo video ormai \u00e8 diventata un&#8217;impresa impossibile.. \u00a0cos\u00ec \u00e8 perfetto. Cos\u00ec posso scrivere della bella esperienza del concerto di Tiziano Ferro a San Siro.. Prima volta che vado a sentire &hellip; Continua la lettura di Sabato sera a Milano Tiziano Ferro tour 2017 &rarr;","og_url":"https:\/\/valeriazunino.it\/blog\/2017\/06\/19\/sabato-sera-a-milano-tiziano-ferro-tour-2017\/","og_site_name":"ValeVz","article_publisher":"https:\/\/www.facebook.com\/valeria.zunino.7","article_published_time":"2017-06-18T22:10:38+00:00","article_modified_time":"2017-06-19T06:31:05+00:00","author":"Valeria","twitter_card":"summary_large_image","twitter_creator":"@valezunin","twitter_site":"@valezunin","twitter_misc":{"Scritto da":"Valeria","Tempo di lettura stimato":"2 minuti"},"schema":{"@context":"https:\/\/schema.org","@graph":[{"@type":"Article","@id":"https:\/\/valeriazunino.it\/blog\/2017\/06\/19\/sabato-sera-a-milano-tiziano-ferro-tour-2017\/#article","isPartOf":{"@id":"https:\/\/valeriazunino.it\/blog\/2017\/06\/19\/sabato-sera-a-milano-tiziano-ferro-tour-2017\/"},"author":{"name":"Valeria","@id":"https:\/\/valeriazunino.it\/blog\/#\/schema\/person\/8cdafe297c88eeb291db056286b0ae2a"},"headline":"Sabato sera a Milano Tiziano Ferro tour 2017","datePublished":"2017-06-18T22:10:38+00:00","dateModified":"2017-06-19T06:31:05+00:00","mainEntityOfPage":{"@id":"https:\/\/valeriazunino.it\/blog\/2017\/06\/19\/sabato-sera-a-milano-tiziano-ferro-tour-2017\/"},"wordCount":398,"commentCount":0,"keywords":["Musica"],"articleSection":["Musica"],"inLanguage":"it-IT","potentialAction":[{"@type":"CommentAction","name":"Comment","target":["https:\/\/valeriazunino.it\/blog\/2017\/06\/19\/sabato-sera-a-milano-tiziano-ferro-tour-2017\/#respond"]}]},{"@type":"WebPage","@id":"https:\/\/valeriazunino.it\/blog\/2017\/06\/19\/sabato-sera-a-milano-tiziano-ferro-tour-2017\/","url":"https:\/\/valeriazunino.it\/blog\/2017\/06\/19\/sabato-sera-a-milano-tiziano-ferro-tour-2017\/","name":"Sabato sera a Milano Tiziano Ferro tour 2017 - ValeVz","isPartOf":{"@id":"https:\/\/valeriazunino.it\/blog\/#website"},"datePublished":"2017-06-18T22:10:38+00:00","dateModified":"2017-06-19T06:31:05+00:00","author":{"@id":"https:\/\/valeriazunino.it\/blog\/#\/schema\/person\/8cdafe297c88eeb291db056286b0ae2a"},"breadcrumb":{"@id":"https:\/\/valeriazunino.it\/blog\/2017\/06\/19\/sabato-sera-a-milano-tiziano-ferro-tour-2017\/#breadcrumb"},"inLanguage":"it-IT","potentialAction":[{"@type":"ReadAction","target":["https:\/\/valeriazunino.it\/blog\/2017\/06\/19\/sabato-sera-a-milano-tiziano-ferro-tour-2017\/"]}]},{"@type":"BreadcrumbList","@id":"https:\/\/valeriazunino.it\/blog\/2017\/06\/19\/sabato-sera-a-milano-tiziano-ferro-tour-2017\/#breadcrumb","itemListElement":[{"@type":"ListItem","position":1,"name":"Home","item":"https:\/\/valeriazunino.it\/blog\/"},{"@type":"ListItem","position":2,"name":"Sabato sera a Milano Tiziano Ferro tour 2017"}]},{"@type":"WebSite","@id":"https:\/\/valeriazunino.it\/blog\/#website","url":"https:\/\/valeriazunino.it\/blog\/","name":"ValeVz","description":"il mio sito","potentialAction":[{"@type":"SearchAction","target":{"@type":"EntryPoint","urlTemplate":"https:\/\/valeriazunino.it\/blog\/?s={search_term_string}"},"query-input":{"@type":"PropertyValueSpecification","valueRequired":true,"valueName":"search_term_string"}}],"inLanguage":"it-IT"},{"@type":"Person","@id":"https:\/\/valeriazunino.it\/blog\/#\/schema\/person\/8cdafe297c88eeb291db056286b0ae2a","name":"Valeria","image":{"@type":"ImageObject","inLanguage":"it-IT","@id":"https:\/\/valeriazunino.it\/blog\/#\/schema\/person\/image\/","url":"https:\/\/secure.gravatar.com\/avatar\/4196ffa01e9ac5ef46888ac2c82ba7543ee2f63f9331c6e05282c2ff05645fe2?s=96&d=mm&r=g","contentUrl":"https:\/\/secure.gravatar.com\/avatar\/4196ffa01e9ac5ef46888ac2c82ba7543ee2f63f9331c6e05282c2ff05645fe2?s=96&d=mm&r=g","caption":"Valeria"}}]}},"post_mailing_queue_ids":[],"_links":{"self":[{"href":"https:\/\/valeriazunino.it\/blog\/wp-json\/wp\/v2\/posts\/1553","targetHints":{"allow":["GET"]}}],"collection":[{"href":"https:\/\/valeriazunino.it\/blog\/wp-json\/wp\/v2\/posts"}],"about":[{"href":"https:\/\/valeriazunino.it\/blog\/wp-json\/wp\/v2\/types\/post"}],"author":[{"embeddable":true,"href":"https:\/\/valeriazunino.it\/blog\/wp-json\/wp\/v2\/users\/1"}],"replies":[{"embeddable":true,"href":"https:\/\/valeriazunino.it\/blog\/wp-json\/wp\/v2\/comments?post=1553"}],"version-history":[{"count":4,"href":"https:\/\/valeriazunino.it\/blog\/wp-json\/wp\/v2\/posts\/1553\/revisions"}],"predecessor-version":[{"id":1558,"href":"https:\/\/valeriazunino.it\/blog\/wp-json\/wp\/v2\/posts\/1553\/revisions\/1558"}],"wp:attachment":[{"href":"https:\/\/valeriazunino.it\/blog\/wp-json\/wp\/v2\/media?parent=1553"}],"wp:term":[{"taxonomy":"category","embeddable":true,"href":"https:\/\/valeriazunino.it\/blog\/wp-json\/wp\/v2\/categories?post=1553"},{"taxonomy":"post_tag","embeddable":true,"href":"https:\/\/valeriazunino.it\/blog\/wp-json\/wp\/v2\/tags?post=1553"}],"curies":[{"name":"wp","href":"https:\/\/api.w.org\/{rel}","templated":true}]}}