{"id":1909,"date":"2017-08-12T10:53:59","date_gmt":"2017-08-12T08:53:59","guid":{"rendered":"http:\/\/2.225.140.8\/wordpress2\/?p=1909"},"modified":"2017-08-12T10:57:40","modified_gmt":"2017-08-12T08:57:40","slug":"1909","status":"publish","type":"post","link":"https:\/\/valeriazunino.it\/blog\/2017\/08\/12\/1909\/","title":{"rendered":"Selfie e Depressione"},"content":{"rendered":"<p style=\"padding-left: 30px;\">Ieri su FB mi \u00e8 capitato di leggere un articolo interessante che trattava lo studio da parte di psicologi , psichiatri , sul significato di postare selfie e in numero abbondante sui social. Secondo questo studio fatto, \u00a0chi posta spesso selfie, specie che lo ritraggono sorridente, che ride o che mostra che si sta divertendo , in realt\u00e0 \u00a0sarebbe in un periodo di depressione&#8230; \u00a0ci sta &#8230; pu\u00f2 essere benissimo , perch\u00e9 no? \u00a0Non spiegavano il perch\u00e9 o dettagli su questa analisi.. \u00a0 la depressione ha vari stadi , di diversa intensit\u00e0&#8230; c&#8217;\u00e8 quella che ti fa pensare al suicidio, che non ti fa alzare da letto, dove tutto sembra irrimediabilmente perduto e senza via d&#8217;uscita&#8230; ecco, \u00a0l\u00ec i selfie non vengono tanto bene.. \u00a0ne&#8217;con il sorriso ne&#8217;senza&#8230; Non si fanno proprio.. Non prendi neanche il telefono in mano, ne&#8217; esci , ne&#8217; ti vesti .. diciamo che sopravvivi sperando passi \u00a0presto anche quella giornata &#8230; \u00a0 poi ci sono stati di depressione con cui riesci a convivere , che ti fanno sembrare tutto sommato a posto senza particolari problemi di esistenza.. forse \u00e8 qui che si ha la forza di postare selfie.. \u00a0che ridi e che sorridi e che hai voglia di vivere .. perch\u00e9 voglia di vivere si ha ..per lo spirito di sopravvivenza che \u00e8 in ognuno di noi .. forse postare selfie mentre si sta sorridendo o ci si sta divertendo \u00e8 x immortalare un momento che si vorrebbe replicare all&#8217;infinito, \u00e8 per dire voglio stare ed essere cos\u00ec sempre e per sempre&#8230; perch\u00e9 tutti vogliamo stare bene e vivere sempre con il sorriso , felici .. chi posta i selfie , forse, \u00e8 anche x dire &#8220;ecco ci sono , sono qui , e rido e voglio continuare a ridere, continuare a stare bene \u00a0&#8221; \u00a0.. \u00a0 si, forse \u00e8 cos\u00ec!<\/p>\n","protected":false},"excerpt":{"rendered":"<p>Ieri su FB mi \u00e8 capitato di leggere un articolo interessante che trattava lo studio da parte di psicologi , psichiatri , sul significato di postare selfie e in numero abbondante sui social. Secondo questo studio fatto, \u00a0chi posta spesso selfie, specie che lo ritraggono sorridente, che ride o che mostra che si sta divertendo &hellip; <a href=\"https:\/\/valeriazunino.it\/blog\/2017\/08\/12\/1909\/\" class=\"more-link\">Continua la lettura di <span class=\"screen-reader-text\">Selfie e Depressione<\/span> <span class=\"meta-nav\">&rarr;<\/span><\/a><\/p>\n","protected":false},"author":1,"featured_media":0,"comment_status":"open","ping_status":"open","sticky":false,"template":"","format":"standard","meta":{"footnotes":""},"categories":[2],"tags":[3],"class_list":["post-1909","post","type-post","status-publish","format-standard","hentry","category-pensieri","tag-pensieri"],"yoast_head":"<!-- This site is optimized with the Yoast SEO plugin v27.0 - https:\/\/yoast.com\/product\/yoast-seo-wordpress\/ -->\n<title>Selfie e Depressione - ValeVz<\/title>\n<meta name=\"robots\" content=\"index, follow, max-snippet:-1, max-image-preview:large, max-video-preview:-1\" \/>\n<link rel=\"canonical\" href=\"https:\/\/valeriazunino.it\/blog\/2017\/08\/12\/1909\/\" \/>\n<meta property=\"og:locale\" content=\"it_IT\" \/>\n<meta property=\"og:type\" content=\"article\" \/>\n<meta property=\"og:title\" content=\"Selfie e Depressione - ValeVz\" \/>\n<meta property=\"og:description\" content=\"Ieri su FB mi \u00e8 capitato di leggere un articolo interessante che trattava lo studio da parte di psicologi , psichiatri , sul significato di postare selfie e in numero abbondante sui social. Secondo questo studio fatto, \u00a0chi posta spesso selfie, specie che lo ritraggono sorridente, che ride o che mostra che si sta divertendo &hellip; Continua la lettura di Selfie e Depressione &rarr;\" \/>\n<meta property=\"og:url\" content=\"https:\/\/valeriazunino.it\/blog\/2017\/08\/12\/1909\/\" \/>\n<meta property=\"og:site_name\" content=\"ValeVz\" \/>\n<meta property=\"article:publisher\" content=\"https:\/\/www.facebook.com\/valeria.zunino.7\" \/>\n<meta property=\"article:published_time\" content=\"2017-08-12T08:53:59+00:00\" \/>\n<meta property=\"article:modified_time\" content=\"2017-08-12T08:57:40+00:00\" \/>\n<meta name=\"author\" content=\"Valeria\" \/>\n<meta name=\"twitter:card\" content=\"summary_large_image\" \/>\n<meta name=\"twitter:creator\" content=\"@valezunin\" \/>\n<meta name=\"twitter:site\" content=\"@valezunin\" \/>\n<meta name=\"twitter:label1\" content=\"Scritto da\" \/>\n\t<meta name=\"twitter:data1\" content=\"Valeria\" \/>\n\t<meta name=\"twitter:label2\" content=\"Tempo di lettura stimato\" \/>\n\t<meta name=\"twitter:data2\" content=\"1 minuto\" \/>\n<script type=\"application\/ld+json\" class=\"yoast-schema-graph\">{\"@context\":\"https:\/\/schema.org\",\"@graph\":[{\"@type\":\"Article\",\"@id\":\"https:\/\/valeriazunino.it\/blog\/2017\/08\/12\/1909\/#article\",\"isPartOf\":{\"@id\":\"https:\/\/valeriazunino.it\/blog\/2017\/08\/12\/1909\/\"},\"author\":{\"name\":\"Valeria\",\"@id\":\"https:\/\/valeriazunino.it\/blog\/#\/schema\/person\/8cdafe297c88eeb291db056286b0ae2a\"},\"headline\":\"Selfie e Depressione\",\"datePublished\":\"2017-08-12T08:53:59+00:00\",\"dateModified\":\"2017-08-12T08:57:40+00:00\",\"mainEntityOfPage\":{\"@id\":\"https:\/\/valeriazunino.it\/blog\/2017\/08\/12\/1909\/\"},\"wordCount\":284,\"commentCount\":0,\"keywords\":[\"Pensieri\"],\"articleSection\":[\"pensieri\"],\"inLanguage\":\"it-IT\",\"potentialAction\":[{\"@type\":\"CommentAction\",\"name\":\"Comment\",\"target\":[\"https:\/\/valeriazunino.it\/blog\/2017\/08\/12\/1909\/#respond\"]}]},{\"@type\":\"WebPage\",\"@id\":\"https:\/\/valeriazunino.it\/blog\/2017\/08\/12\/1909\/\",\"url\":\"https:\/\/valeriazunino.it\/blog\/2017\/08\/12\/1909\/\",\"name\":\"Selfie e Depressione - ValeVz\",\"isPartOf\":{\"@id\":\"https:\/\/valeriazunino.it\/blog\/#website\"},\"datePublished\":\"2017-08-12T08:53:59+00:00\",\"dateModified\":\"2017-08-12T08:57:40+00:00\",\"author\":{\"@id\":\"https:\/\/valeriazunino.it\/blog\/#\/schema\/person\/8cdafe297c88eeb291db056286b0ae2a\"},\"breadcrumb\":{\"@id\":\"https:\/\/valeriazunino.it\/blog\/2017\/08\/12\/1909\/#breadcrumb\"},\"inLanguage\":\"it-IT\",\"potentialAction\":[{\"@type\":\"ReadAction\",\"target\":[\"https:\/\/valeriazunino.it\/blog\/2017\/08\/12\/1909\/\"]}]},{\"@type\":\"BreadcrumbList\",\"@id\":\"https:\/\/valeriazunino.it\/blog\/2017\/08\/12\/1909\/#breadcrumb\",\"itemListElement\":[{\"@type\":\"ListItem\",\"position\":1,\"name\":\"Home\",\"item\":\"https:\/\/valeriazunino.it\/blog\/\"},{\"@type\":\"ListItem\",\"position\":2,\"name\":\"Selfie e Depressione\"}]},{\"@type\":\"WebSite\",\"@id\":\"https:\/\/valeriazunino.it\/blog\/#website\",\"url\":\"https:\/\/valeriazunino.it\/blog\/\",\"name\":\"ValeVz\",\"description\":\"il mio sito\",\"potentialAction\":[{\"@type\":\"SearchAction\",\"target\":{\"@type\":\"EntryPoint\",\"urlTemplate\":\"https:\/\/valeriazunino.it\/blog\/?s={search_term_string}\"},\"query-input\":{\"@type\":\"PropertyValueSpecification\",\"valueRequired\":true,\"valueName\":\"search_term_string\"}}],\"inLanguage\":\"it-IT\"},{\"@type\":\"Person\",\"@id\":\"https:\/\/valeriazunino.it\/blog\/#\/schema\/person\/8cdafe297c88eeb291db056286b0ae2a\",\"name\":\"Valeria\",\"image\":{\"@type\":\"ImageObject\",\"inLanguage\":\"it-IT\",\"@id\":\"https:\/\/valeriazunino.it\/blog\/#\/schema\/person\/image\/\",\"url\":\"https:\/\/secure.gravatar.com\/avatar\/4196ffa01e9ac5ef46888ac2c82ba7543ee2f63f9331c6e05282c2ff05645fe2?s=96&d=mm&r=g\",\"contentUrl\":\"https:\/\/secure.gravatar.com\/avatar\/4196ffa01e9ac5ef46888ac2c82ba7543ee2f63f9331c6e05282c2ff05645fe2?s=96&d=mm&r=g\",\"caption\":\"Valeria\"}}]}<\/script>\n<!-- \/ Yoast SEO plugin. -->","yoast_head_json":{"title":"Selfie e Depressione - ValeVz","robots":{"index":"index","follow":"follow","max-snippet":"max-snippet:-1","max-image-preview":"max-image-preview:large","max-video-preview":"max-video-preview:-1"},"canonical":"https:\/\/valeriazunino.it\/blog\/2017\/08\/12\/1909\/","og_locale":"it_IT","og_type":"article","og_title":"Selfie e Depressione - ValeVz","og_description":"Ieri su FB mi \u00e8 capitato di leggere un articolo interessante che trattava lo studio da parte di psicologi , psichiatri , sul significato di postare selfie e in numero abbondante sui social. Secondo questo studio fatto, \u00a0chi posta spesso selfie, specie che lo ritraggono sorridente, che ride o che mostra che si sta divertendo &hellip; Continua la lettura di Selfie e Depressione &rarr;","og_url":"https:\/\/valeriazunino.it\/blog\/2017\/08\/12\/1909\/","og_site_name":"ValeVz","article_publisher":"https:\/\/www.facebook.com\/valeria.zunino.7","article_published_time":"2017-08-12T08:53:59+00:00","article_modified_time":"2017-08-12T08:57:40+00:00","author":"Valeria","twitter_card":"summary_large_image","twitter_creator":"@valezunin","twitter_site":"@valezunin","twitter_misc":{"Scritto da":"Valeria","Tempo di lettura stimato":"1 minuto"},"schema":{"@context":"https:\/\/schema.org","@graph":[{"@type":"Article","@id":"https:\/\/valeriazunino.it\/blog\/2017\/08\/12\/1909\/#article","isPartOf":{"@id":"https:\/\/valeriazunino.it\/blog\/2017\/08\/12\/1909\/"},"author":{"name":"Valeria","@id":"https:\/\/valeriazunino.it\/blog\/#\/schema\/person\/8cdafe297c88eeb291db056286b0ae2a"},"headline":"Selfie e Depressione","datePublished":"2017-08-12T08:53:59+00:00","dateModified":"2017-08-12T08:57:40+00:00","mainEntityOfPage":{"@id":"https:\/\/valeriazunino.it\/blog\/2017\/08\/12\/1909\/"},"wordCount":284,"commentCount":0,"keywords":["Pensieri"],"articleSection":["pensieri"],"inLanguage":"it-IT","potentialAction":[{"@type":"CommentAction","name":"Comment","target":["https:\/\/valeriazunino.it\/blog\/2017\/08\/12\/1909\/#respond"]}]},{"@type":"WebPage","@id":"https:\/\/valeriazunino.it\/blog\/2017\/08\/12\/1909\/","url":"https:\/\/valeriazunino.it\/blog\/2017\/08\/12\/1909\/","name":"Selfie e Depressione - ValeVz","isPartOf":{"@id":"https:\/\/valeriazunino.it\/blog\/#website"},"datePublished":"2017-08-12T08:53:59+00:00","dateModified":"2017-08-12T08:57:40+00:00","author":{"@id":"https:\/\/valeriazunino.it\/blog\/#\/schema\/person\/8cdafe297c88eeb291db056286b0ae2a"},"breadcrumb":{"@id":"https:\/\/valeriazunino.it\/blog\/2017\/08\/12\/1909\/#breadcrumb"},"inLanguage":"it-IT","potentialAction":[{"@type":"ReadAction","target":["https:\/\/valeriazunino.it\/blog\/2017\/08\/12\/1909\/"]}]},{"@type":"BreadcrumbList","@id":"https:\/\/valeriazunino.it\/blog\/2017\/08\/12\/1909\/#breadcrumb","itemListElement":[{"@type":"ListItem","position":1,"name":"Home","item":"https:\/\/valeriazunino.it\/blog\/"},{"@type":"ListItem","position":2,"name":"Selfie e Depressione"}]},{"@type":"WebSite","@id":"https:\/\/valeriazunino.it\/blog\/#website","url":"https:\/\/valeriazunino.it\/blog\/","name":"ValeVz","description":"il mio sito","potentialAction":[{"@type":"SearchAction","target":{"@type":"EntryPoint","urlTemplate":"https:\/\/valeriazunino.it\/blog\/?s={search_term_string}"},"query-input":{"@type":"PropertyValueSpecification","valueRequired":true,"valueName":"search_term_string"}}],"inLanguage":"it-IT"},{"@type":"Person","@id":"https:\/\/valeriazunino.it\/blog\/#\/schema\/person\/8cdafe297c88eeb291db056286b0ae2a","name":"Valeria","image":{"@type":"ImageObject","inLanguage":"it-IT","@id":"https:\/\/valeriazunino.it\/blog\/#\/schema\/person\/image\/","url":"https:\/\/secure.gravatar.com\/avatar\/4196ffa01e9ac5ef46888ac2c82ba7543ee2f63f9331c6e05282c2ff05645fe2?s=96&d=mm&r=g","contentUrl":"https:\/\/secure.gravatar.com\/avatar\/4196ffa01e9ac5ef46888ac2c82ba7543ee2f63f9331c6e05282c2ff05645fe2?s=96&d=mm&r=g","caption":"Valeria"}}]}},"post_mailing_queue_ids":[],"_links":{"self":[{"href":"https:\/\/valeriazunino.it\/blog\/wp-json\/wp\/v2\/posts\/1909","targetHints":{"allow":["GET"]}}],"collection":[{"href":"https:\/\/valeriazunino.it\/blog\/wp-json\/wp\/v2\/posts"}],"about":[{"href":"https:\/\/valeriazunino.it\/blog\/wp-json\/wp\/v2\/types\/post"}],"author":[{"embeddable":true,"href":"https:\/\/valeriazunino.it\/blog\/wp-json\/wp\/v2\/users\/1"}],"replies":[{"embeddable":true,"href":"https:\/\/valeriazunino.it\/blog\/wp-json\/wp\/v2\/comments?post=1909"}],"version-history":[{"count":3,"href":"https:\/\/valeriazunino.it\/blog\/wp-json\/wp\/v2\/posts\/1909\/revisions"}],"predecessor-version":[{"id":1913,"href":"https:\/\/valeriazunino.it\/blog\/wp-json\/wp\/v2\/posts\/1909\/revisions\/1913"}],"wp:attachment":[{"href":"https:\/\/valeriazunino.it\/blog\/wp-json\/wp\/v2\/media?parent=1909"}],"wp:term":[{"taxonomy":"category","embeddable":true,"href":"https:\/\/valeriazunino.it\/blog\/wp-json\/wp\/v2\/categories?post=1909"},{"taxonomy":"post_tag","embeddable":true,"href":"https:\/\/valeriazunino.it\/blog\/wp-json\/wp\/v2\/tags?post=1909"}],"curies":[{"name":"wp","href":"https:\/\/api.w.org\/{rel}","templated":true}]}}