{"id":1920,"date":"2017-08-23T15:11:13","date_gmt":"2017-08-23T13:11:13","guid":{"rendered":"http:\/\/2.225.140.8\/wordpress2\/?p=1920"},"modified":"2017-08-23T15:16:10","modified_gmt":"2017-08-23T13:16:10","slug":"lindifferenza","status":"publish","type":"post","link":"https:\/\/valeriazunino.it\/blog\/2017\/08\/23\/lindifferenza\/","title":{"rendered":"L&#8217;Indifferenza"},"content":{"rendered":"<p>Ho letto l&#8217;articolo sotto linkato.. \u00e8 interessante anche se nn mi trova d&#8217;accordo con tutto quanto scritto.<\/p>\n<p>S&#8217;\u00e8 sempre detto meglio essere odiati che nn essere considerati&#8230;. \u00a0Non sono d&#8217;accordo&#8230; meglio essere oggetto di indifferenza piuttosto che \u00a0di odio, meglio l&#8217;oblio che essere obiettivo di distruzione &#8230; l &#8216;odio pu\u00f2 muovere azioni tali da nuocerti proprio .. fisicamente e psicologicamente.. l&#8217;indifferenza , non che faccia piacere, ma se una persona \u00e8 gi\u00e0 strutturata , pi\u00f9 di tanto non pu\u00f2 nuocere.. evidentemente, \u00a0nn si sar\u00e0 risultati interessanti o degni di nota \u00a0x quella determinata \u00a0persona, \u00a0che \u00e8 \u00a0 una persona o cmq poche persone&#8230; poi c&#8217;e&#8217; il resto del tuo mondo che ti manifesta affetto , interesse, stima e , a quest&#8217;eta&#8217;, visto \u00a0che sappiamo quale \u00e8 il nostro valore, \u00a0anche se qualcuno non lo riconosce o non vuole riconoscerlo, non ci fara&#8217; certo crollare l&#8217;autostima, anzi&#8230;.. \u00a0avr\u00e0 i suoi motivi.. sicuro&#8230;..avr\u00e0 la testa che funziona cos\u00ec.. \u00a0che \u00a0cosa si vuol \u00a0fare ? , cosa spiegare? \u00a0Non c \u00e8 niente da spiegare ma solo da prenderne atto e agire secondo il nostro sentire.. si prova&#8230; \u00a0poi conviene lasciare.. quindi non sono affatto d&#8217;accordo con l&#8217;articolo quando dice di provare a spiegare i propri \u00a0sentimenti e cosa \u00a0fa stare male.. mi sembra proprio una belinata.. e&#8217; come far leggere le nostre \u00a0istruzioni x l&#8217;uso in Russo &#8230; \u00a0due lingue diverse, non ci si potr\u00e0 mai capire&#8230; meno parole pi\u00f9 fatti.. questa dovrebbe essere la soluzione &#8230; \u00a0poi le nostre istruzioni x l&#8217;uso non dovrebbe conoscerle nessuno&#8230;. solo noi stessi&#8230;.<\/p>\n<p>&nbsp;<\/p>\n<p>&nbsp;<\/p>\n<p>http:\/\/lamenteemeravigliosa.it\/il-castigo-indifferenza\/<\/p>\n<p>&nbsp;<\/p>\n","protected":false},"excerpt":{"rendered":"<p>Ho letto l&#8217;articolo sotto linkato.. \u00e8 interessante anche se nn mi trova d&#8217;accordo con tutto quanto scritto. S&#8217;\u00e8 sempre detto meglio essere odiati che nn essere considerati&#8230;. \u00a0Non sono d&#8217;accordo&#8230; meglio essere oggetto di indifferenza piuttosto che \u00a0di odio, meglio l&#8217;oblio che essere obiettivo di distruzione &#8230; l &#8216;odio pu\u00f2 muovere azioni tali da nuocerti &hellip; <a href=\"https:\/\/valeriazunino.it\/blog\/2017\/08\/23\/lindifferenza\/\" class=\"more-link\">Continua la lettura di <span class=\"screen-reader-text\">L&#8217;Indifferenza<\/span> <span class=\"meta-nav\">&rarr;<\/span><\/a><\/p>\n","protected":false},"author":1,"featured_media":0,"comment_status":"open","ping_status":"open","sticky":false,"template":"","format":"standard","meta":{"footnotes":""},"categories":[2],"tags":[3],"class_list":["post-1920","post","type-post","status-publish","format-standard","hentry","category-pensieri","tag-pensieri"],"yoast_head":"<!-- This site is optimized with the Yoast SEO plugin v27.0 - https:\/\/yoast.com\/product\/yoast-seo-wordpress\/ -->\n<title>L&#039;Indifferenza - ValeVz<\/title>\n<meta name=\"robots\" content=\"index, follow, max-snippet:-1, max-image-preview:large, max-video-preview:-1\" \/>\n<link rel=\"canonical\" href=\"https:\/\/valeriazunino.it\/blog\/2017\/08\/23\/lindifferenza\/\" \/>\n<meta property=\"og:locale\" content=\"it_IT\" \/>\n<meta property=\"og:type\" content=\"article\" \/>\n<meta property=\"og:title\" content=\"L&#039;Indifferenza - ValeVz\" \/>\n<meta property=\"og:description\" content=\"Ho letto l&#8217;articolo sotto linkato.. \u00e8 interessante anche se nn mi trova d&#8217;accordo con tutto quanto scritto. S&#8217;\u00e8 sempre detto meglio essere odiati che nn essere considerati&#8230;. \u00a0Non sono d&#8217;accordo&#8230; meglio essere oggetto di indifferenza piuttosto che \u00a0di odio, meglio l&#8217;oblio che essere obiettivo di distruzione &#8230; l &#8216;odio pu\u00f2 muovere azioni tali da nuocerti &hellip; Continua la lettura di L&#8217;Indifferenza &rarr;\" \/>\n<meta property=\"og:url\" content=\"https:\/\/valeriazunino.it\/blog\/2017\/08\/23\/lindifferenza\/\" \/>\n<meta property=\"og:site_name\" content=\"ValeVz\" \/>\n<meta property=\"article:publisher\" content=\"https:\/\/www.facebook.com\/valeria.zunino.7\" \/>\n<meta property=\"article:published_time\" content=\"2017-08-23T13:11:13+00:00\" \/>\n<meta property=\"article:modified_time\" content=\"2017-08-23T13:16:10+00:00\" \/>\n<meta name=\"author\" content=\"Valeria\" \/>\n<meta name=\"twitter:card\" content=\"summary_large_image\" \/>\n<meta name=\"twitter:creator\" content=\"@valezunin\" \/>\n<meta name=\"twitter:site\" content=\"@valezunin\" \/>\n<meta name=\"twitter:label1\" content=\"Scritto da\" \/>\n\t<meta name=\"twitter:data1\" content=\"Valeria\" \/>\n\t<meta name=\"twitter:label2\" content=\"Tempo di lettura stimato\" \/>\n\t<meta name=\"twitter:data2\" content=\"1 minuto\" \/>\n<script type=\"application\/ld+json\" class=\"yoast-schema-graph\">{\"@context\":\"https:\/\/schema.org\",\"@graph\":[{\"@type\":\"Article\",\"@id\":\"https:\/\/valeriazunino.it\/blog\/2017\/08\/23\/lindifferenza\/#article\",\"isPartOf\":{\"@id\":\"https:\/\/valeriazunino.it\/blog\/2017\/08\/23\/lindifferenza\/\"},\"author\":{\"name\":\"Valeria\",\"@id\":\"https:\/\/valeriazunino.it\/blog\/#\/schema\/person\/8cdafe297c88eeb291db056286b0ae2a\"},\"headline\":\"L&#8217;Indifferenza\",\"datePublished\":\"2017-08-23T13:11:13+00:00\",\"dateModified\":\"2017-08-23T13:16:10+00:00\",\"mainEntityOfPage\":{\"@id\":\"https:\/\/valeriazunino.it\/blog\/2017\/08\/23\/lindifferenza\/\"},\"wordCount\":263,\"commentCount\":0,\"keywords\":[\"Pensieri\"],\"articleSection\":[\"pensieri\"],\"inLanguage\":\"it-IT\",\"potentialAction\":[{\"@type\":\"CommentAction\",\"name\":\"Comment\",\"target\":[\"https:\/\/valeriazunino.it\/blog\/2017\/08\/23\/lindifferenza\/#respond\"]}]},{\"@type\":\"WebPage\",\"@id\":\"https:\/\/valeriazunino.it\/blog\/2017\/08\/23\/lindifferenza\/\",\"url\":\"https:\/\/valeriazunino.it\/blog\/2017\/08\/23\/lindifferenza\/\",\"name\":\"L'Indifferenza - ValeVz\",\"isPartOf\":{\"@id\":\"https:\/\/valeriazunino.it\/blog\/#website\"},\"datePublished\":\"2017-08-23T13:11:13+00:00\",\"dateModified\":\"2017-08-23T13:16:10+00:00\",\"author\":{\"@id\":\"https:\/\/valeriazunino.it\/blog\/#\/schema\/person\/8cdafe297c88eeb291db056286b0ae2a\"},\"breadcrumb\":{\"@id\":\"https:\/\/valeriazunino.it\/blog\/2017\/08\/23\/lindifferenza\/#breadcrumb\"},\"inLanguage\":\"it-IT\",\"potentialAction\":[{\"@type\":\"ReadAction\",\"target\":[\"https:\/\/valeriazunino.it\/blog\/2017\/08\/23\/lindifferenza\/\"]}]},{\"@type\":\"BreadcrumbList\",\"@id\":\"https:\/\/valeriazunino.it\/blog\/2017\/08\/23\/lindifferenza\/#breadcrumb\",\"itemListElement\":[{\"@type\":\"ListItem\",\"position\":1,\"name\":\"Home\",\"item\":\"https:\/\/valeriazunino.it\/blog\/\"},{\"@type\":\"ListItem\",\"position\":2,\"name\":\"L&#8217;Indifferenza\"}]},{\"@type\":\"WebSite\",\"@id\":\"https:\/\/valeriazunino.it\/blog\/#website\",\"url\":\"https:\/\/valeriazunino.it\/blog\/\",\"name\":\"ValeVz\",\"description\":\"il mio sito\",\"potentialAction\":[{\"@type\":\"SearchAction\",\"target\":{\"@type\":\"EntryPoint\",\"urlTemplate\":\"https:\/\/valeriazunino.it\/blog\/?s={search_term_string}\"},\"query-input\":{\"@type\":\"PropertyValueSpecification\",\"valueRequired\":true,\"valueName\":\"search_term_string\"}}],\"inLanguage\":\"it-IT\"},{\"@type\":\"Person\",\"@id\":\"https:\/\/valeriazunino.it\/blog\/#\/schema\/person\/8cdafe297c88eeb291db056286b0ae2a\",\"name\":\"Valeria\",\"image\":{\"@type\":\"ImageObject\",\"inLanguage\":\"it-IT\",\"@id\":\"https:\/\/valeriazunino.it\/blog\/#\/schema\/person\/image\/\",\"url\":\"https:\/\/secure.gravatar.com\/avatar\/4196ffa01e9ac5ef46888ac2c82ba7543ee2f63f9331c6e05282c2ff05645fe2?s=96&d=mm&r=g\",\"contentUrl\":\"https:\/\/secure.gravatar.com\/avatar\/4196ffa01e9ac5ef46888ac2c82ba7543ee2f63f9331c6e05282c2ff05645fe2?s=96&d=mm&r=g\",\"caption\":\"Valeria\"}}]}<\/script>\n<!-- \/ Yoast SEO plugin. -->","yoast_head_json":{"title":"L'Indifferenza - ValeVz","robots":{"index":"index","follow":"follow","max-snippet":"max-snippet:-1","max-image-preview":"max-image-preview:large","max-video-preview":"max-video-preview:-1"},"canonical":"https:\/\/valeriazunino.it\/blog\/2017\/08\/23\/lindifferenza\/","og_locale":"it_IT","og_type":"article","og_title":"L'Indifferenza - ValeVz","og_description":"Ho letto l&#8217;articolo sotto linkato.. \u00e8 interessante anche se nn mi trova d&#8217;accordo con tutto quanto scritto. S&#8217;\u00e8 sempre detto meglio essere odiati che nn essere considerati&#8230;. \u00a0Non sono d&#8217;accordo&#8230; meglio essere oggetto di indifferenza piuttosto che \u00a0di odio, meglio l&#8217;oblio che essere obiettivo di distruzione &#8230; l &#8216;odio pu\u00f2 muovere azioni tali da nuocerti &hellip; Continua la lettura di L&#8217;Indifferenza &rarr;","og_url":"https:\/\/valeriazunino.it\/blog\/2017\/08\/23\/lindifferenza\/","og_site_name":"ValeVz","article_publisher":"https:\/\/www.facebook.com\/valeria.zunino.7","article_published_time":"2017-08-23T13:11:13+00:00","article_modified_time":"2017-08-23T13:16:10+00:00","author":"Valeria","twitter_card":"summary_large_image","twitter_creator":"@valezunin","twitter_site":"@valezunin","twitter_misc":{"Scritto da":"Valeria","Tempo di lettura stimato":"1 minuto"},"schema":{"@context":"https:\/\/schema.org","@graph":[{"@type":"Article","@id":"https:\/\/valeriazunino.it\/blog\/2017\/08\/23\/lindifferenza\/#article","isPartOf":{"@id":"https:\/\/valeriazunino.it\/blog\/2017\/08\/23\/lindifferenza\/"},"author":{"name":"Valeria","@id":"https:\/\/valeriazunino.it\/blog\/#\/schema\/person\/8cdafe297c88eeb291db056286b0ae2a"},"headline":"L&#8217;Indifferenza","datePublished":"2017-08-23T13:11:13+00:00","dateModified":"2017-08-23T13:16:10+00:00","mainEntityOfPage":{"@id":"https:\/\/valeriazunino.it\/blog\/2017\/08\/23\/lindifferenza\/"},"wordCount":263,"commentCount":0,"keywords":["Pensieri"],"articleSection":["pensieri"],"inLanguage":"it-IT","potentialAction":[{"@type":"CommentAction","name":"Comment","target":["https:\/\/valeriazunino.it\/blog\/2017\/08\/23\/lindifferenza\/#respond"]}]},{"@type":"WebPage","@id":"https:\/\/valeriazunino.it\/blog\/2017\/08\/23\/lindifferenza\/","url":"https:\/\/valeriazunino.it\/blog\/2017\/08\/23\/lindifferenza\/","name":"L'Indifferenza - ValeVz","isPartOf":{"@id":"https:\/\/valeriazunino.it\/blog\/#website"},"datePublished":"2017-08-23T13:11:13+00:00","dateModified":"2017-08-23T13:16:10+00:00","author":{"@id":"https:\/\/valeriazunino.it\/blog\/#\/schema\/person\/8cdafe297c88eeb291db056286b0ae2a"},"breadcrumb":{"@id":"https:\/\/valeriazunino.it\/blog\/2017\/08\/23\/lindifferenza\/#breadcrumb"},"inLanguage":"it-IT","potentialAction":[{"@type":"ReadAction","target":["https:\/\/valeriazunino.it\/blog\/2017\/08\/23\/lindifferenza\/"]}]},{"@type":"BreadcrumbList","@id":"https:\/\/valeriazunino.it\/blog\/2017\/08\/23\/lindifferenza\/#breadcrumb","itemListElement":[{"@type":"ListItem","position":1,"name":"Home","item":"https:\/\/valeriazunino.it\/blog\/"},{"@type":"ListItem","position":2,"name":"L&#8217;Indifferenza"}]},{"@type":"WebSite","@id":"https:\/\/valeriazunino.it\/blog\/#website","url":"https:\/\/valeriazunino.it\/blog\/","name":"ValeVz","description":"il mio sito","potentialAction":[{"@type":"SearchAction","target":{"@type":"EntryPoint","urlTemplate":"https:\/\/valeriazunino.it\/blog\/?s={search_term_string}"},"query-input":{"@type":"PropertyValueSpecification","valueRequired":true,"valueName":"search_term_string"}}],"inLanguage":"it-IT"},{"@type":"Person","@id":"https:\/\/valeriazunino.it\/blog\/#\/schema\/person\/8cdafe297c88eeb291db056286b0ae2a","name":"Valeria","image":{"@type":"ImageObject","inLanguage":"it-IT","@id":"https:\/\/valeriazunino.it\/blog\/#\/schema\/person\/image\/","url":"https:\/\/secure.gravatar.com\/avatar\/4196ffa01e9ac5ef46888ac2c82ba7543ee2f63f9331c6e05282c2ff05645fe2?s=96&d=mm&r=g","contentUrl":"https:\/\/secure.gravatar.com\/avatar\/4196ffa01e9ac5ef46888ac2c82ba7543ee2f63f9331c6e05282c2ff05645fe2?s=96&d=mm&r=g","caption":"Valeria"}}]}},"post_mailing_queue_ids":[],"_links":{"self":[{"href":"https:\/\/valeriazunino.it\/blog\/wp-json\/wp\/v2\/posts\/1920","targetHints":{"allow":["GET"]}}],"collection":[{"href":"https:\/\/valeriazunino.it\/blog\/wp-json\/wp\/v2\/posts"}],"about":[{"href":"https:\/\/valeriazunino.it\/blog\/wp-json\/wp\/v2\/types\/post"}],"author":[{"embeddable":true,"href":"https:\/\/valeriazunino.it\/blog\/wp-json\/wp\/v2\/users\/1"}],"replies":[{"embeddable":true,"href":"https:\/\/valeriazunino.it\/blog\/wp-json\/wp\/v2\/comments?post=1920"}],"version-history":[{"count":2,"href":"https:\/\/valeriazunino.it\/blog\/wp-json\/wp\/v2\/posts\/1920\/revisions"}],"predecessor-version":[{"id":1922,"href":"https:\/\/valeriazunino.it\/blog\/wp-json\/wp\/v2\/posts\/1920\/revisions\/1922"}],"wp:attachment":[{"href":"https:\/\/valeriazunino.it\/blog\/wp-json\/wp\/v2\/media?parent=1920"}],"wp:term":[{"taxonomy":"category","embeddable":true,"href":"https:\/\/valeriazunino.it\/blog\/wp-json\/wp\/v2\/categories?post=1920"},{"taxonomy":"post_tag","embeddable":true,"href":"https:\/\/valeriazunino.it\/blog\/wp-json\/wp\/v2\/tags?post=1920"}],"curies":[{"name":"wp","href":"https:\/\/api.w.org\/{rel}","templated":true}]}}