{"id":2077,"date":"2018-01-06T12:45:51","date_gmt":"2018-01-06T11:45:51","guid":{"rendered":"https:\/\/valeriazunino.it\/blog\/?p=2077"},"modified":"2018-01-06T13:03:52","modified_gmt":"2018-01-06T12:03:52","slug":"la-befana-vien-notte-le-scarpe-tutte-rotte","status":"publish","type":"post","link":"https:\/\/valeriazunino.it\/blog\/2018\/01\/06\/la-befana-vien-notte-le-scarpe-tutte-rotte\/","title":{"rendered":"La Befana vien di notte con le scarpe tutte rotte"},"content":{"rendered":"<p><!--more-->Nel momento in cui si diventa mamma automaticamente si assumono dei ruoli che \u00a0rimarranno per sempre addosso : uno \u00e8 quello \u00a0di Ges\u00f9 Bambino o Babbo Natale, in base alla tradizione di casa o Santa Lucia se sei toscana &#8230; un altro ruolo \u00e9 quello della Befana &#8230; a vita .. \u00a0 se sei mamma di un maschio diventi poi anche subito \u00a0suocera &#8230; ma x quello dedicherei un articolo dettagliato a parte ..??<\/p>\n<p>A differenza del collega Ges\u00f9 Bambino che \u00e8 magnanimo e perdona le eventuali marachelle fatte durante l&#8217;anno ,portando sempre quello che si desidera e che si richiede con apposita letterina , la Befana \u00e8 giudice insidincabile e irremovibile di tutti i componenti della famiglia.. Non ci sono scuse o buoni propositi che possa smuoverla dal responso dato.. \u00a0si capisce come sei stato in base alla \u00a0quantit\u00e0 di dolciumi, carbone , o cipolle ti porta &#8230;cipolle nel caso di comportamento nn adeguato&#8230;?? \u00a0tutto questo e&#8217; magia , da bambina attendevo sempre con grande ansia e senso di massimo rispetto l&#8217;arrivo di questo personaggio che un po&#8217; mi inqiuetava, \u00a0anche perch\u00e9 la immaginavo come \u00a0una vecchina bruttina (come viene riprodotta ovunque) e la cosa che maggiormente mi incuriosiva era capire come facesse a calarsi dalla cappa della cucina&#8230; \u00a0 che era cos\u00ec stretta e come facesse ad essere cosi atletica pur essendo cosi vecchia &#8230; aveva migliaia di anni neanche centinaia.. una roba pazzesca&#8230; va beh non mi \u00e8 mai arrivata una cipolla .. neanche piccola, piccola.. a mia sorella neanche .. la mamma era fuori dai giochi ..ovvero nn metteva la scarpa sui fornelli \u00a0(Noi nn usavamo la calza ma una scarpa) \u00a0mio padre invece riceveva sempre una o pi\u00f9 cipolle&#8230; e li , nella mente di bambina, andava a confermare che non era del tutto bravo , come gi\u00e0 un po&#8217; io pensavo, lui era quello severo , quello che ci sgridava se parlavamo sul telegiornale o se ridevamo di notte disturbando il suo sonno , era quello delle regole ferree, della tovaglia sempre messa a tavola , non si poteva mangiare senza, che a me sarebbe invece piaciuto (chiss\u00e0 perch\u00e9) , dello sguardo duro &#8230; \u00a0poi , per carita&#8217;, era anche dolce , dalle tenere carezze sulla testa , dalla risata se raccontavi una cosa spiritosa \u00a0.. insomma era il pap\u00e0&#8230; x naturale indole , lui era il &#8220;cattivo&#8221; ..??<\/p>\n<p>&#8230;. una mattina , bello presto, nel letto di mia sorella, vicina, vicina a lei , mi ricordo che sentimmo chiaramente il cadere x terra della sua scopa .. che emozione.. che paura&#8230;.esisteva davvero &#8230;<\/p>\n<p>Beh Poi da mamma mi sono assunta il ruolo di Befana che ho tuttora e che avr\u00f2 x sempre.. andando ad assomigliarle sempre di pi\u00f9..ahime&#8217;..? \u00a0come Befana non ho mai portato una cipolla a nessuno, perch\u00e9 non se le meritano, sono bravi.. o forse sono io brava a dimenticarmi le cose che durante l&#8217;anno nn mi sono piaciute del tutto&#8230;. cmq tra i ricordi dell&#8217;arrivo della Befana non posso nn ricordare due episodi &#8220;drammatici&#8221; &#8230; uno quando la vista del carbone dolce aveva messo in ansia bestiale la mia creatura, che essendo \u00a0piccolo, e oltre ad essere rimasto \u00a0avvilito perch\u00e9 lo calcolava come un rimprovero alla sua &#8220;ineccepibile &#8220;?? \u00a0condotta di bambino modello .. ?\u00a0 \u00a0era poi terrorizzato all&#8217;idea di doverlo mangiare pensando che fosse cattivo e non di zucchero come , in ogni modo , si cercava, io e suo padre, di spiegargli.. ?? \u00a0e nn \u00a0c &#8216;\u00e8 \u00a0stato verso di farglielo assaggiare.. nn si fidava di noi genitori, evidentemente ?? \u00a0l&#8217;altro \u00a0episodio \u00e8 quando, nn ricordo come , la mattina di una \u00a0Befana ha avuto il guizzo, e noi gli abbiamo dato la conferma, \u00a0della non esistenza della Befana&#8230; \u00a0ricordo che era \u00a0stata una vera e propria tragedia con tanto di rinfaccio che erano anni che lo si era ingannato impunemente ..??? \u00a0 ora rido , ma quella mattina avevo visto i sorci verdi &#8230;.<\/p>\n<p>Invece, \u00a0io devo dire , sono grata ai miei genitori per avermi fatto credere, pi\u00f9 a lungo possibile, l&#8217;esistenza di questi \u00a0due personaggi che hanno reso davvero magico il periodo natalizio, che cos\u00ec magico non \u00e8 mai \u00a0piu stato, ovviamente &#8230;. anzi mi ricordo che quando ormai avevo capito che era impossibile esistessero , \u00a0avevo fatto \u00a0finta di crederci ancora x qualche anno , proprio perch\u00e9 questo &#8220;gioco &#8221; \u00a0mi piaceva troppo&#8230; quindi un po&#8217; l ho \u00a0illusi anch io.. \u00a0in fondo&#8230; ma se \u00e8 a fin di bene .. perch\u00e9 no ? Illudiamoci pure .. se si ci fa stare bene &#8230; raccontiamocela un po&#8217; pi\u00f9 edulcorata&#8230; che male c&#8217;\u00e8?? \u00a0 Buona Befana a tutti .. da una Befana collaudata e di esperienza ormai!!?<\/p>\n<p>&nbsp;<\/p>\n<p>&nbsp;<\/p>\n<p>&nbsp;<\/p>\n","protected":false},"excerpt":{"rendered":"","protected":false},"author":1,"featured_media":0,"comment_status":"open","ping_status":"open","sticky":false,"template":"","format":"standard","meta":{"footnotes":""},"categories":[2,1],"tags":[3],"class_list":["post-2077","post","type-post","status-publish","format-standard","hentry","category-pensieri","category-senza-categoria","tag-pensieri"],"yoast_head":"<!-- This site is optimized with the Yoast SEO plugin v27.0 - https:\/\/yoast.com\/product\/yoast-seo-wordpress\/ -->\n<title>La Befana vien di notte con le scarpe tutte rotte - ValeVz<\/title>\n<meta name=\"robots\" content=\"index, follow, max-snippet:-1, max-image-preview:large, max-video-preview:-1\" \/>\n<link rel=\"canonical\" href=\"https:\/\/valeriazunino.it\/blog\/2018\/01\/06\/la-befana-vien-notte-le-scarpe-tutte-rotte\/\" \/>\n<meta property=\"og:locale\" content=\"it_IT\" \/>\n<meta property=\"og:type\" content=\"article\" \/>\n<meta property=\"og:title\" content=\"La Befana vien di notte con le scarpe tutte rotte - ValeVz\" \/>\n<meta property=\"og:url\" content=\"https:\/\/valeriazunino.it\/blog\/2018\/01\/06\/la-befana-vien-notte-le-scarpe-tutte-rotte\/\" \/>\n<meta property=\"og:site_name\" content=\"ValeVz\" \/>\n<meta property=\"article:publisher\" content=\"https:\/\/www.facebook.com\/valeria.zunino.7\" \/>\n<meta property=\"article:published_time\" content=\"2018-01-06T11:45:51+00:00\" \/>\n<meta property=\"article:modified_time\" content=\"2018-01-06T12:03:52+00:00\" \/>\n<meta name=\"author\" content=\"Valeria\" \/>\n<meta name=\"twitter:card\" content=\"summary_large_image\" \/>\n<meta name=\"twitter:creator\" content=\"@valezunin\" \/>\n<meta name=\"twitter:site\" content=\"@valezunin\" \/>\n<meta name=\"twitter:label1\" content=\"Scritto da\" \/>\n\t<meta name=\"twitter:data1\" content=\"Valeria\" \/>\n\t<meta name=\"twitter:label2\" content=\"Tempo di lettura stimato\" \/>\n\t<meta name=\"twitter:data2\" content=\"4 minuti\" \/>\n<script type=\"application\/ld+json\" class=\"yoast-schema-graph\">{\"@context\":\"https:\/\/schema.org\",\"@graph\":[{\"@type\":\"Article\",\"@id\":\"https:\/\/valeriazunino.it\/blog\/2018\/01\/06\/la-befana-vien-notte-le-scarpe-tutte-rotte\/#article\",\"isPartOf\":{\"@id\":\"https:\/\/valeriazunino.it\/blog\/2018\/01\/06\/la-befana-vien-notte-le-scarpe-tutte-rotte\/\"},\"author\":{\"name\":\"Valeria\",\"@id\":\"https:\/\/valeriazunino.it\/blog\/#\/schema\/person\/8cdafe297c88eeb291db056286b0ae2a\"},\"headline\":\"La Befana vien di notte con le scarpe tutte rotte\",\"datePublished\":\"2018-01-06T11:45:51+00:00\",\"dateModified\":\"2018-01-06T12:03:52+00:00\",\"mainEntityOfPage\":{\"@id\":\"https:\/\/valeriazunino.it\/blog\/2018\/01\/06\/la-befana-vien-notte-le-scarpe-tutte-rotte\/\"},\"wordCount\":739,\"commentCount\":0,\"keywords\":[\"Pensieri\"],\"articleSection\":[\"pensieri\"],\"inLanguage\":\"it-IT\",\"potentialAction\":[{\"@type\":\"CommentAction\",\"name\":\"Comment\",\"target\":[\"https:\/\/valeriazunino.it\/blog\/2018\/01\/06\/la-befana-vien-notte-le-scarpe-tutte-rotte\/#respond\"]}]},{\"@type\":\"WebPage\",\"@id\":\"https:\/\/valeriazunino.it\/blog\/2018\/01\/06\/la-befana-vien-notte-le-scarpe-tutte-rotte\/\",\"url\":\"https:\/\/valeriazunino.it\/blog\/2018\/01\/06\/la-befana-vien-notte-le-scarpe-tutte-rotte\/\",\"name\":\"La Befana vien di notte con le scarpe tutte rotte - ValeVz\",\"isPartOf\":{\"@id\":\"https:\/\/valeriazunino.it\/blog\/#website\"},\"datePublished\":\"2018-01-06T11:45:51+00:00\",\"dateModified\":\"2018-01-06T12:03:52+00:00\",\"author\":{\"@id\":\"https:\/\/valeriazunino.it\/blog\/#\/schema\/person\/8cdafe297c88eeb291db056286b0ae2a\"},\"breadcrumb\":{\"@id\":\"https:\/\/valeriazunino.it\/blog\/2018\/01\/06\/la-befana-vien-notte-le-scarpe-tutte-rotte\/#breadcrumb\"},\"inLanguage\":\"it-IT\",\"potentialAction\":[{\"@type\":\"ReadAction\",\"target\":[\"https:\/\/valeriazunino.it\/blog\/2018\/01\/06\/la-befana-vien-notte-le-scarpe-tutte-rotte\/\"]}]},{\"@type\":\"BreadcrumbList\",\"@id\":\"https:\/\/valeriazunino.it\/blog\/2018\/01\/06\/la-befana-vien-notte-le-scarpe-tutte-rotte\/#breadcrumb\",\"itemListElement\":[{\"@type\":\"ListItem\",\"position\":1,\"name\":\"Home\",\"item\":\"https:\/\/valeriazunino.it\/blog\/\"},{\"@type\":\"ListItem\",\"position\":2,\"name\":\"La Befana vien di notte con le scarpe tutte rotte\"}]},{\"@type\":\"WebSite\",\"@id\":\"https:\/\/valeriazunino.it\/blog\/#website\",\"url\":\"https:\/\/valeriazunino.it\/blog\/\",\"name\":\"ValeVz\",\"description\":\"il mio sito\",\"potentialAction\":[{\"@type\":\"SearchAction\",\"target\":{\"@type\":\"EntryPoint\",\"urlTemplate\":\"https:\/\/valeriazunino.it\/blog\/?s={search_term_string}\"},\"query-input\":{\"@type\":\"PropertyValueSpecification\",\"valueRequired\":true,\"valueName\":\"search_term_string\"}}],\"inLanguage\":\"it-IT\"},{\"@type\":\"Person\",\"@id\":\"https:\/\/valeriazunino.it\/blog\/#\/schema\/person\/8cdafe297c88eeb291db056286b0ae2a\",\"name\":\"Valeria\",\"image\":{\"@type\":\"ImageObject\",\"inLanguage\":\"it-IT\",\"@id\":\"https:\/\/valeriazunino.it\/blog\/#\/schema\/person\/image\/\",\"url\":\"https:\/\/secure.gravatar.com\/avatar\/4196ffa01e9ac5ef46888ac2c82ba7543ee2f63f9331c6e05282c2ff05645fe2?s=96&d=mm&r=g\",\"contentUrl\":\"https:\/\/secure.gravatar.com\/avatar\/4196ffa01e9ac5ef46888ac2c82ba7543ee2f63f9331c6e05282c2ff05645fe2?s=96&d=mm&r=g\",\"caption\":\"Valeria\"}}]}<\/script>\n<!-- \/ Yoast SEO plugin. -->","yoast_head_json":{"title":"La Befana vien di notte con le scarpe tutte rotte - ValeVz","robots":{"index":"index","follow":"follow","max-snippet":"max-snippet:-1","max-image-preview":"max-image-preview:large","max-video-preview":"max-video-preview:-1"},"canonical":"https:\/\/valeriazunino.it\/blog\/2018\/01\/06\/la-befana-vien-notte-le-scarpe-tutte-rotte\/","og_locale":"it_IT","og_type":"article","og_title":"La Befana vien di notte con le scarpe tutte rotte - ValeVz","og_url":"https:\/\/valeriazunino.it\/blog\/2018\/01\/06\/la-befana-vien-notte-le-scarpe-tutte-rotte\/","og_site_name":"ValeVz","article_publisher":"https:\/\/www.facebook.com\/valeria.zunino.7","article_published_time":"2018-01-06T11:45:51+00:00","article_modified_time":"2018-01-06T12:03:52+00:00","author":"Valeria","twitter_card":"summary_large_image","twitter_creator":"@valezunin","twitter_site":"@valezunin","twitter_misc":{"Scritto da":"Valeria","Tempo di lettura stimato":"4 minuti"},"schema":{"@context":"https:\/\/schema.org","@graph":[{"@type":"Article","@id":"https:\/\/valeriazunino.it\/blog\/2018\/01\/06\/la-befana-vien-notte-le-scarpe-tutte-rotte\/#article","isPartOf":{"@id":"https:\/\/valeriazunino.it\/blog\/2018\/01\/06\/la-befana-vien-notte-le-scarpe-tutte-rotte\/"},"author":{"name":"Valeria","@id":"https:\/\/valeriazunino.it\/blog\/#\/schema\/person\/8cdafe297c88eeb291db056286b0ae2a"},"headline":"La Befana vien di notte con le scarpe tutte rotte","datePublished":"2018-01-06T11:45:51+00:00","dateModified":"2018-01-06T12:03:52+00:00","mainEntityOfPage":{"@id":"https:\/\/valeriazunino.it\/blog\/2018\/01\/06\/la-befana-vien-notte-le-scarpe-tutte-rotte\/"},"wordCount":739,"commentCount":0,"keywords":["Pensieri"],"articleSection":["pensieri"],"inLanguage":"it-IT","potentialAction":[{"@type":"CommentAction","name":"Comment","target":["https:\/\/valeriazunino.it\/blog\/2018\/01\/06\/la-befana-vien-notte-le-scarpe-tutte-rotte\/#respond"]}]},{"@type":"WebPage","@id":"https:\/\/valeriazunino.it\/blog\/2018\/01\/06\/la-befana-vien-notte-le-scarpe-tutte-rotte\/","url":"https:\/\/valeriazunino.it\/blog\/2018\/01\/06\/la-befana-vien-notte-le-scarpe-tutte-rotte\/","name":"La Befana vien di notte con le scarpe tutte rotte - ValeVz","isPartOf":{"@id":"https:\/\/valeriazunino.it\/blog\/#website"},"datePublished":"2018-01-06T11:45:51+00:00","dateModified":"2018-01-06T12:03:52+00:00","author":{"@id":"https:\/\/valeriazunino.it\/blog\/#\/schema\/person\/8cdafe297c88eeb291db056286b0ae2a"},"breadcrumb":{"@id":"https:\/\/valeriazunino.it\/blog\/2018\/01\/06\/la-befana-vien-notte-le-scarpe-tutte-rotte\/#breadcrumb"},"inLanguage":"it-IT","potentialAction":[{"@type":"ReadAction","target":["https:\/\/valeriazunino.it\/blog\/2018\/01\/06\/la-befana-vien-notte-le-scarpe-tutte-rotte\/"]}]},{"@type":"BreadcrumbList","@id":"https:\/\/valeriazunino.it\/blog\/2018\/01\/06\/la-befana-vien-notte-le-scarpe-tutte-rotte\/#breadcrumb","itemListElement":[{"@type":"ListItem","position":1,"name":"Home","item":"https:\/\/valeriazunino.it\/blog\/"},{"@type":"ListItem","position":2,"name":"La Befana vien di notte con le scarpe tutte rotte"}]},{"@type":"WebSite","@id":"https:\/\/valeriazunino.it\/blog\/#website","url":"https:\/\/valeriazunino.it\/blog\/","name":"ValeVz","description":"il mio sito","potentialAction":[{"@type":"SearchAction","target":{"@type":"EntryPoint","urlTemplate":"https:\/\/valeriazunino.it\/blog\/?s={search_term_string}"},"query-input":{"@type":"PropertyValueSpecification","valueRequired":true,"valueName":"search_term_string"}}],"inLanguage":"it-IT"},{"@type":"Person","@id":"https:\/\/valeriazunino.it\/blog\/#\/schema\/person\/8cdafe297c88eeb291db056286b0ae2a","name":"Valeria","image":{"@type":"ImageObject","inLanguage":"it-IT","@id":"https:\/\/valeriazunino.it\/blog\/#\/schema\/person\/image\/","url":"https:\/\/secure.gravatar.com\/avatar\/4196ffa01e9ac5ef46888ac2c82ba7543ee2f63f9331c6e05282c2ff05645fe2?s=96&d=mm&r=g","contentUrl":"https:\/\/secure.gravatar.com\/avatar\/4196ffa01e9ac5ef46888ac2c82ba7543ee2f63f9331c6e05282c2ff05645fe2?s=96&d=mm&r=g","caption":"Valeria"}}]}},"post_mailing_queue_ids":[],"_links":{"self":[{"href":"https:\/\/valeriazunino.it\/blog\/wp-json\/wp\/v2\/posts\/2077","targetHints":{"allow":["GET"]}}],"collection":[{"href":"https:\/\/valeriazunino.it\/blog\/wp-json\/wp\/v2\/posts"}],"about":[{"href":"https:\/\/valeriazunino.it\/blog\/wp-json\/wp\/v2\/types\/post"}],"author":[{"embeddable":true,"href":"https:\/\/valeriazunino.it\/blog\/wp-json\/wp\/v2\/users\/1"}],"replies":[{"embeddable":true,"href":"https:\/\/valeriazunino.it\/blog\/wp-json\/wp\/v2\/comments?post=2077"}],"version-history":[{"count":6,"href":"https:\/\/valeriazunino.it\/blog\/wp-json\/wp\/v2\/posts\/2077\/revisions"}],"predecessor-version":[{"id":2083,"href":"https:\/\/valeriazunino.it\/blog\/wp-json\/wp\/v2\/posts\/2077\/revisions\/2083"}],"wp:attachment":[{"href":"https:\/\/valeriazunino.it\/blog\/wp-json\/wp\/v2\/media?parent=2077"}],"wp:term":[{"taxonomy":"category","embeddable":true,"href":"https:\/\/valeriazunino.it\/blog\/wp-json\/wp\/v2\/categories?post=2077"},{"taxonomy":"post_tag","embeddable":true,"href":"https:\/\/valeriazunino.it\/blog\/wp-json\/wp\/v2\/tags?post=2077"}],"curies":[{"name":"wp","href":"https:\/\/api.w.org\/{rel}","templated":true}]}}