{"id":2097,"date":"2018-02-04T23:08:43","date_gmt":"2018-02-04T22:08:43","guid":{"rendered":"https:\/\/valeriazunino.it\/blog\/?p=2097"},"modified":"2018-02-04T23:08:43","modified_gmt":"2018-02-04T22:08:43","slug":"basta-diventa-veramente-basta","status":"publish","type":"post","link":"https:\/\/valeriazunino.it\/blog\/2018\/02\/04\/basta-diventa-veramente-basta\/","title":{"rendered":"Quando basta diventa veramente basta ?"},"content":{"rendered":"<p>Quando basta diventa veramente basta?? Ognuno avr\u00e0 una sua risposta a questa domanda. \u00a0Non tutti funzioniamo allo stesso modo :magari ! Sarebbe facile fosse cos\u00ec. \u00a0Per me il vero basta arriva all&#8217;improvviso, quando meno me lo aspetto, non lo so nenche io bene quando arriva, talvolta , sono un po&#8217; come sulle onde .. oscillo , tra affermare me stessa, il mio amor proprio \u00a0e il voler dare ancora una chance , e quindi l&#8217;amore per il prossimo &#8230; \u00a0dopo una lunga e protratta \u00a0 sedimentazione di fatti fastidiosi che per\u00f2 tollero \u00a0e giustifico, \u00a0poi arriva il fatidico &#8220;basta&#8221; &#8230; \u00a0e c&#8217;\u00e8 chi ne rimane anche stupito . \u00a0 Si , perch\u00e9 quando si dimostra tolleranza e comprensione sembra \u00a0di essere accondiscendenti all&#8217;infinito , ti danno per scontata e , invece, cos\u00ec nn \u00e8.. \u00a0Non diamo mai nessuno per scontato, tutti quanti abbiamo un punto di non ritorno, e quando arriva nn c&#8217;\u00e8 davvero pi\u00f9 nulla da fare. \u00a0Finora , nella mia vita , ho detto solo a tre persone &#8220;basta &#8221; \u00a0 ma non c \u00e8 piu&#8217; stato \u00a0verso di riuscire a metterci una pietra sopra . Non sento pi\u00f9 ragione, n\u00e9 \u00a0senso di colpa.. \u00a0&#8220;nessun dolore&#8221; direbbe Battisti. \u00a0Quando nn c&#8217;\u00e8 feeling inutile insistere&#8230; \u00a0frequentiamo chi ci rispetta, la reciprocit\u00e0 \u00e8 alla base di qualsiasi relazione, cos\u00ec come anche sentirsi allo stesso livello , chi si sente superiore non potr\u00e0 avere una buona relazione con noi e ci far\u00e0 stare male in quella che sar\u00e0 \u00a0una \u00a0relazione tossica \u00a0che avvelenera&#8217; e basta.<\/p>\n<p>Io sono ok , tu sei ok \u00a0 (Eric Berne) la base di una sana relazione , unica strada per arrivare ad una vera intimit\u00e0. \u00a0 Il resto \u00e8 teatro e gioco.<\/p>\n<p>https:\/\/youtu.be\/IABjvxWW2Ug<\/p>\n<p>&nbsp;<\/p>\n","protected":false},"excerpt":{"rendered":"<p>Quando basta diventa veramente basta?? Ognuno avr\u00e0 una sua risposta a questa domanda. \u00a0Non tutti funzioniamo allo stesso modo :magari ! Sarebbe facile fosse cos\u00ec. \u00a0Per me il vero basta arriva all&#8217;improvviso, quando meno me lo aspetto, non lo so nenche io bene quando arriva, talvolta , sono un po&#8217; come sulle onde .. oscillo &hellip; <a href=\"https:\/\/valeriazunino.it\/blog\/2018\/02\/04\/basta-diventa-veramente-basta\/\" class=\"more-link\">Continua la lettura di <span class=\"screen-reader-text\">Quando basta diventa veramente basta ?<\/span> <span class=\"meta-nav\">&rarr;<\/span><\/a><\/p>\n","protected":false},"author":1,"featured_media":0,"comment_status":"open","ping_status":"open","sticky":false,"template":"","format":"standard","meta":{"footnotes":""},"categories":[10,2],"tags":[11,3],"class_list":["post-2097","post","type-post","status-publish","format-standard","hentry","category-musica","category-pensieri","tag-musica","tag-pensieri"],"yoast_head":"<!-- This site is optimized with the Yoast SEO plugin v27.0 - https:\/\/yoast.com\/product\/yoast-seo-wordpress\/ -->\n<title>Quando basta diventa veramente basta ? - ValeVz<\/title>\n<meta name=\"robots\" content=\"index, follow, max-snippet:-1, max-image-preview:large, max-video-preview:-1\" \/>\n<link rel=\"canonical\" href=\"https:\/\/valeriazunino.it\/blog\/2018\/02\/04\/basta-diventa-veramente-basta\/\" \/>\n<meta property=\"og:locale\" content=\"it_IT\" \/>\n<meta property=\"og:type\" content=\"article\" \/>\n<meta property=\"og:title\" content=\"Quando basta diventa veramente basta ? - ValeVz\" \/>\n<meta property=\"og:description\" content=\"Quando basta diventa veramente basta?? Ognuno avr\u00e0 una sua risposta a questa domanda. \u00a0Non tutti funzioniamo allo stesso modo :magari ! Sarebbe facile fosse cos\u00ec. \u00a0Per me il vero basta arriva all&#8217;improvviso, quando meno me lo aspetto, non lo so nenche io bene quando arriva, talvolta , sono un po&#8217; come sulle onde .. oscillo &hellip; Continua la lettura di Quando basta diventa veramente basta ? &rarr;\" \/>\n<meta property=\"og:url\" content=\"https:\/\/valeriazunino.it\/blog\/2018\/02\/04\/basta-diventa-veramente-basta\/\" \/>\n<meta property=\"og:site_name\" content=\"ValeVz\" \/>\n<meta property=\"article:publisher\" content=\"https:\/\/www.facebook.com\/valeria.zunino.7\" \/>\n<meta property=\"article:published_time\" content=\"2018-02-04T22:08:43+00:00\" \/>\n<meta name=\"author\" content=\"Valeria\" \/>\n<meta name=\"twitter:card\" content=\"summary_large_image\" \/>\n<meta name=\"twitter:creator\" content=\"@valezunin\" \/>\n<meta name=\"twitter:site\" content=\"@valezunin\" \/>\n<meta name=\"twitter:label1\" content=\"Scritto da\" \/>\n\t<meta name=\"twitter:data1\" content=\"Valeria\" \/>\n\t<meta name=\"twitter:label2\" content=\"Tempo di lettura stimato\" \/>\n\t<meta name=\"twitter:data2\" content=\"1 minuto\" \/>\n<script type=\"application\/ld+json\" class=\"yoast-schema-graph\">{\"@context\":\"https:\/\/schema.org\",\"@graph\":[{\"@type\":\"Article\",\"@id\":\"https:\/\/valeriazunino.it\/blog\/2018\/02\/04\/basta-diventa-veramente-basta\/#article\",\"isPartOf\":{\"@id\":\"https:\/\/valeriazunino.it\/blog\/2018\/02\/04\/basta-diventa-veramente-basta\/\"},\"author\":{\"name\":\"Valeria\",\"@id\":\"https:\/\/valeriazunino.it\/blog\/#\/schema\/person\/8cdafe297c88eeb291db056286b0ae2a\"},\"headline\":\"Quando basta diventa veramente basta ?\",\"datePublished\":\"2018-02-04T22:08:43+00:00\",\"mainEntityOfPage\":{\"@id\":\"https:\/\/valeriazunino.it\/blog\/2018\/02\/04\/basta-diventa-veramente-basta\/\"},\"wordCount\":273,\"commentCount\":0,\"keywords\":[\"Musica\",\"Pensieri\"],\"articleSection\":[\"Musica\",\"pensieri\"],\"inLanguage\":\"it-IT\",\"potentialAction\":[{\"@type\":\"CommentAction\",\"name\":\"Comment\",\"target\":[\"https:\/\/valeriazunino.it\/blog\/2018\/02\/04\/basta-diventa-veramente-basta\/#respond\"]}]},{\"@type\":\"WebPage\",\"@id\":\"https:\/\/valeriazunino.it\/blog\/2018\/02\/04\/basta-diventa-veramente-basta\/\",\"url\":\"https:\/\/valeriazunino.it\/blog\/2018\/02\/04\/basta-diventa-veramente-basta\/\",\"name\":\"Quando basta diventa veramente basta ? - ValeVz\",\"isPartOf\":{\"@id\":\"https:\/\/valeriazunino.it\/blog\/#website\"},\"datePublished\":\"2018-02-04T22:08:43+00:00\",\"author\":{\"@id\":\"https:\/\/valeriazunino.it\/blog\/#\/schema\/person\/8cdafe297c88eeb291db056286b0ae2a\"},\"breadcrumb\":{\"@id\":\"https:\/\/valeriazunino.it\/blog\/2018\/02\/04\/basta-diventa-veramente-basta\/#breadcrumb\"},\"inLanguage\":\"it-IT\",\"potentialAction\":[{\"@type\":\"ReadAction\",\"target\":[\"https:\/\/valeriazunino.it\/blog\/2018\/02\/04\/basta-diventa-veramente-basta\/\"]}]},{\"@type\":\"BreadcrumbList\",\"@id\":\"https:\/\/valeriazunino.it\/blog\/2018\/02\/04\/basta-diventa-veramente-basta\/#breadcrumb\",\"itemListElement\":[{\"@type\":\"ListItem\",\"position\":1,\"name\":\"Home\",\"item\":\"https:\/\/valeriazunino.it\/blog\/\"},{\"@type\":\"ListItem\",\"position\":2,\"name\":\"Quando basta diventa veramente basta ?\"}]},{\"@type\":\"WebSite\",\"@id\":\"https:\/\/valeriazunino.it\/blog\/#website\",\"url\":\"https:\/\/valeriazunino.it\/blog\/\",\"name\":\"ValeVz\",\"description\":\"il mio sito\",\"potentialAction\":[{\"@type\":\"SearchAction\",\"target\":{\"@type\":\"EntryPoint\",\"urlTemplate\":\"https:\/\/valeriazunino.it\/blog\/?s={search_term_string}\"},\"query-input\":{\"@type\":\"PropertyValueSpecification\",\"valueRequired\":true,\"valueName\":\"search_term_string\"}}],\"inLanguage\":\"it-IT\"},{\"@type\":\"Person\",\"@id\":\"https:\/\/valeriazunino.it\/blog\/#\/schema\/person\/8cdafe297c88eeb291db056286b0ae2a\",\"name\":\"Valeria\",\"image\":{\"@type\":\"ImageObject\",\"inLanguage\":\"it-IT\",\"@id\":\"https:\/\/valeriazunino.it\/blog\/#\/schema\/person\/image\/\",\"url\":\"https:\/\/secure.gravatar.com\/avatar\/4196ffa01e9ac5ef46888ac2c82ba7543ee2f63f9331c6e05282c2ff05645fe2?s=96&d=mm&r=g\",\"contentUrl\":\"https:\/\/secure.gravatar.com\/avatar\/4196ffa01e9ac5ef46888ac2c82ba7543ee2f63f9331c6e05282c2ff05645fe2?s=96&d=mm&r=g\",\"caption\":\"Valeria\"}}]}<\/script>\n<!-- \/ Yoast SEO plugin. -->","yoast_head_json":{"title":"Quando basta diventa veramente basta ? - ValeVz","robots":{"index":"index","follow":"follow","max-snippet":"max-snippet:-1","max-image-preview":"max-image-preview:large","max-video-preview":"max-video-preview:-1"},"canonical":"https:\/\/valeriazunino.it\/blog\/2018\/02\/04\/basta-diventa-veramente-basta\/","og_locale":"it_IT","og_type":"article","og_title":"Quando basta diventa veramente basta ? - ValeVz","og_description":"Quando basta diventa veramente basta?? Ognuno avr\u00e0 una sua risposta a questa domanda. \u00a0Non tutti funzioniamo allo stesso modo :magari ! Sarebbe facile fosse cos\u00ec. \u00a0Per me il vero basta arriva all&#8217;improvviso, quando meno me lo aspetto, non lo so nenche io bene quando arriva, talvolta , sono un po&#8217; come sulle onde .. oscillo &hellip; Continua la lettura di Quando basta diventa veramente basta ? &rarr;","og_url":"https:\/\/valeriazunino.it\/blog\/2018\/02\/04\/basta-diventa-veramente-basta\/","og_site_name":"ValeVz","article_publisher":"https:\/\/www.facebook.com\/valeria.zunino.7","article_published_time":"2018-02-04T22:08:43+00:00","author":"Valeria","twitter_card":"summary_large_image","twitter_creator":"@valezunin","twitter_site":"@valezunin","twitter_misc":{"Scritto da":"Valeria","Tempo di lettura stimato":"1 minuto"},"schema":{"@context":"https:\/\/schema.org","@graph":[{"@type":"Article","@id":"https:\/\/valeriazunino.it\/blog\/2018\/02\/04\/basta-diventa-veramente-basta\/#article","isPartOf":{"@id":"https:\/\/valeriazunino.it\/blog\/2018\/02\/04\/basta-diventa-veramente-basta\/"},"author":{"name":"Valeria","@id":"https:\/\/valeriazunino.it\/blog\/#\/schema\/person\/8cdafe297c88eeb291db056286b0ae2a"},"headline":"Quando basta diventa veramente basta ?","datePublished":"2018-02-04T22:08:43+00:00","mainEntityOfPage":{"@id":"https:\/\/valeriazunino.it\/blog\/2018\/02\/04\/basta-diventa-veramente-basta\/"},"wordCount":273,"commentCount":0,"keywords":["Musica","Pensieri"],"articleSection":["Musica","pensieri"],"inLanguage":"it-IT","potentialAction":[{"@type":"CommentAction","name":"Comment","target":["https:\/\/valeriazunino.it\/blog\/2018\/02\/04\/basta-diventa-veramente-basta\/#respond"]}]},{"@type":"WebPage","@id":"https:\/\/valeriazunino.it\/blog\/2018\/02\/04\/basta-diventa-veramente-basta\/","url":"https:\/\/valeriazunino.it\/blog\/2018\/02\/04\/basta-diventa-veramente-basta\/","name":"Quando basta diventa veramente basta ? - ValeVz","isPartOf":{"@id":"https:\/\/valeriazunino.it\/blog\/#website"},"datePublished":"2018-02-04T22:08:43+00:00","author":{"@id":"https:\/\/valeriazunino.it\/blog\/#\/schema\/person\/8cdafe297c88eeb291db056286b0ae2a"},"breadcrumb":{"@id":"https:\/\/valeriazunino.it\/blog\/2018\/02\/04\/basta-diventa-veramente-basta\/#breadcrumb"},"inLanguage":"it-IT","potentialAction":[{"@type":"ReadAction","target":["https:\/\/valeriazunino.it\/blog\/2018\/02\/04\/basta-diventa-veramente-basta\/"]}]},{"@type":"BreadcrumbList","@id":"https:\/\/valeriazunino.it\/blog\/2018\/02\/04\/basta-diventa-veramente-basta\/#breadcrumb","itemListElement":[{"@type":"ListItem","position":1,"name":"Home","item":"https:\/\/valeriazunino.it\/blog\/"},{"@type":"ListItem","position":2,"name":"Quando basta diventa veramente basta ?"}]},{"@type":"WebSite","@id":"https:\/\/valeriazunino.it\/blog\/#website","url":"https:\/\/valeriazunino.it\/blog\/","name":"ValeVz","description":"il mio sito","potentialAction":[{"@type":"SearchAction","target":{"@type":"EntryPoint","urlTemplate":"https:\/\/valeriazunino.it\/blog\/?s={search_term_string}"},"query-input":{"@type":"PropertyValueSpecification","valueRequired":true,"valueName":"search_term_string"}}],"inLanguage":"it-IT"},{"@type":"Person","@id":"https:\/\/valeriazunino.it\/blog\/#\/schema\/person\/8cdafe297c88eeb291db056286b0ae2a","name":"Valeria","image":{"@type":"ImageObject","inLanguage":"it-IT","@id":"https:\/\/valeriazunino.it\/blog\/#\/schema\/person\/image\/","url":"https:\/\/secure.gravatar.com\/avatar\/4196ffa01e9ac5ef46888ac2c82ba7543ee2f63f9331c6e05282c2ff05645fe2?s=96&d=mm&r=g","contentUrl":"https:\/\/secure.gravatar.com\/avatar\/4196ffa01e9ac5ef46888ac2c82ba7543ee2f63f9331c6e05282c2ff05645fe2?s=96&d=mm&r=g","caption":"Valeria"}}]}},"post_mailing_queue_ids":[],"_links":{"self":[{"href":"https:\/\/valeriazunino.it\/blog\/wp-json\/wp\/v2\/posts\/2097","targetHints":{"allow":["GET"]}}],"collection":[{"href":"https:\/\/valeriazunino.it\/blog\/wp-json\/wp\/v2\/posts"}],"about":[{"href":"https:\/\/valeriazunino.it\/blog\/wp-json\/wp\/v2\/types\/post"}],"author":[{"embeddable":true,"href":"https:\/\/valeriazunino.it\/blog\/wp-json\/wp\/v2\/users\/1"}],"replies":[{"embeddable":true,"href":"https:\/\/valeriazunino.it\/blog\/wp-json\/wp\/v2\/comments?post=2097"}],"version-history":[{"count":1,"href":"https:\/\/valeriazunino.it\/blog\/wp-json\/wp\/v2\/posts\/2097\/revisions"}],"predecessor-version":[{"id":2098,"href":"https:\/\/valeriazunino.it\/blog\/wp-json\/wp\/v2\/posts\/2097\/revisions\/2098"}],"wp:attachment":[{"href":"https:\/\/valeriazunino.it\/blog\/wp-json\/wp\/v2\/media?parent=2097"}],"wp:term":[{"taxonomy":"category","embeddable":true,"href":"https:\/\/valeriazunino.it\/blog\/wp-json\/wp\/v2\/categories?post=2097"},{"taxonomy":"post_tag","embeddable":true,"href":"https:\/\/valeriazunino.it\/blog\/wp-json\/wp\/v2\/tags?post=2097"}],"curies":[{"name":"wp","href":"https:\/\/api.w.org\/{rel}","templated":true}]}}