{"id":2117,"date":"2018-02-14T22:50:10","date_gmt":"2018-02-14T21:50:10","guid":{"rendered":"https:\/\/valeriazunino.it\/blog\/?p=2117"},"modified":"2018-02-14T23:02:52","modified_gmt":"2018-02-14T22:02:52","slug":"la-forza-imprevedibile-delle-parole-clara-sanchez","status":"publish","type":"post","link":"https:\/\/valeriazunino.it\/blog\/2018\/02\/14\/la-forza-imprevedibile-delle-parole-clara-sanchez\/","title":{"rendered":"&#8220;La forza imprevedibile delle parole&#8221;  di Clara Sanchez"},"content":{"rendered":"<p>Questa sotto \u00e8 parte della nota finale dell&#8217;autrice al suo romanzo, un romanzo breve, coinvolgente che consiglio di leggere , fa riflettere su come le parole possano avere veramente una forza imprevedibile, una forza che ci pu\u00f2 manipolare e plasmare fino a plagiarci, specie se , come nel caso della protagonista Natalia, si \u00e8 in una condizione psicologica di debolezza che , nella vita, ahim\u00e8, pu\u00f2 capitare &#8230; nn permettiamo di dirci e di raccontarci qualsiasi cosa, si trovi il coraggio di bloccare chiunque stia invadendo il nostro animo, dicendoci chi siamo, cosa desideriamo o cosa dovremmo fare. \u00a0Non si abbia vergogna di dire basta. \u00a0E valutiamo, cmq, prima, chi si ha davanti &#8230;.<\/p>\n<p>&nbsp;<\/p>\n<p>&#8220;Prima di qualunque \u00a0altro suono, di milioni di suoni , e&#8217; la voce a marchiarci davvero a fuoco. La voce \u00e8 il filtro del nostro spirito , dell&#8217; allegria o della tristezza . Non c&#8217;\u00e8 niente di pi\u00f9 profondo di una madre che ti parla . Non c&#8217;\u00e8 niente di pi\u00f9 desiderato che qualcuno ti dica &#8220;ti amo&#8221;. \u00a0Si dice che un&#8217;immagine vale di pi\u00f9 di mille parole, ma non \u00e8 vero.\u00a0<strong> Le parole sono come missili \u00a0che scoppiano nel cervello, le parole sono caricate dal diavolo. Una sola parola pu\u00f2 ferirci e farci vacillare . L&#8217;insulto o la lusinga sono fatti di parole . L&#8217;amore \u00e8 una parola come anche l&#8217;odio .<\/strong> La vista possiamo eluderla, possiamo chiudere gli occhi. A volte ai bambini li copriamo perch\u00e9 non vedano cose brutte , ma difficilmente possiamo tappare loro le orecchie. \u00a0I lamenti e le risate finiscono per infilarsi in qualche fessura. \u00a0La voce vibra, rimbomba e occupa tutto il pensiero. \u00a0Mi fa pi\u00f9 paura il tuono rispetto al fulmine . Forse sono particolarmente sensibile alla voce umana. \u00a0&#8230;.. \u00a0 Non voglio sapere \u00a0ci\u00f2 che si pensa di me. \u00a0 &#8230;.. \u00a0 La memoria dei bambini \u00e8 fatta di ci\u00f2 che crediamo non sentano e del tono della voce dei loro cari, dei loro insegnanti, delle persone pi\u00f9 vicine . Una voce triste crea un&#8217;impronta indelebile, cos\u00ec come una voce allegra. Quale delle \u00a0due \u00e8 pi\u00f9 importante ?<strong> \u00a0Dovremmo anche stare attenti a ci\u00f2 che ci raccontano, a <em>ci\u00f2 che permettiamo ci venga detto, perch\u00e9 quello che entra non esce pi\u00f9.<\/em>\u00a0&#8216;<\/strong><\/p>\n<p>&nbsp;<\/p>\n<p style=\"padding-left: 30px; text-align: left;\">Che aggiungere ? \u00c9 tutto gi\u00e0 cos\u00ec detto bene e in modo chiaro che nn c&#8217;\u00e8 proprio nulla da dire \u00a0&#8230; \u00e8 proprio cos\u00ec.. una cosa detta non torna indietro &#8230; e anche se detta senza pensarla del tutto , una volta detta nn si pu\u00f2 pi\u00f9 rimangiare, pu\u00f2 segnare per sempre il destinatario &#8230; in fondo una parte di verit\u00e0 anche se esasperata, anche se si e&#8217; nei momenti di rabbia , esce &#8230; e dire che nn si pensava affatto diventa poco credibile.. o quantomeno in quel momento si pensava proprio cos\u00ec&#8230; io , poi, che sono abbastanza impulsiva, un sacco di volte mi sono poi pentita di aver dato fiato alla bocca, perdendo un&#8217;occasione per tacere&#8230; talvolta il silenzio \u00e8 proprio d&#8217;oro &#8230; \u00a0e l ho capito a mie spese.. ma e&#8217; difficile cambiare atteggiamento anche se ci si prova, e ci si prova ancora&#8230; ?<\/p>\n","protected":false},"excerpt":{"rendered":"<p>Questa sotto \u00e8 parte della nota finale dell&#8217;autrice al suo romanzo, un romanzo breve, coinvolgente che consiglio di leggere , fa riflettere su come le parole possano avere veramente una forza imprevedibile, una forza che ci pu\u00f2 manipolare e plasmare fino a plagiarci, specie se , come nel caso della protagonista Natalia, si \u00e8 in &hellip; <a href=\"https:\/\/valeriazunino.it\/blog\/2018\/02\/14\/la-forza-imprevedibile-delle-parole-clara-sanchez\/\" class=\"more-link\">Continua la lettura di <span class=\"screen-reader-text\">&#8220;La forza imprevedibile delle parole&#8221;  di Clara Sanchez<\/span> <span class=\"meta-nav\">&rarr;<\/span><\/a><\/p>\n","protected":false},"author":1,"featured_media":0,"comment_status":"open","ping_status":"open","sticky":false,"template":"","format":"standard","meta":{"footnotes":""},"categories":[15,2],"tags":[16,3],"class_list":["post-2117","post","type-post","status-publish","format-standard","hentry","category-libri","category-pensieri","tag-libri","tag-pensieri"],"yoast_head":"<!-- This site is optimized with the Yoast SEO plugin v27.0 - https:\/\/yoast.com\/product\/yoast-seo-wordpress\/ -->\n<title>&quot;La forza imprevedibile delle parole&quot; di Clara Sanchez - ValeVz<\/title>\n<meta name=\"robots\" content=\"index, follow, max-snippet:-1, max-image-preview:large, max-video-preview:-1\" \/>\n<link rel=\"canonical\" href=\"https:\/\/valeriazunino.it\/blog\/2018\/02\/14\/la-forza-imprevedibile-delle-parole-clara-sanchez\/\" \/>\n<meta property=\"og:locale\" content=\"it_IT\" \/>\n<meta property=\"og:type\" content=\"article\" \/>\n<meta property=\"og:title\" content=\"&quot;La forza imprevedibile delle parole&quot; di Clara Sanchez - ValeVz\" \/>\n<meta property=\"og:description\" content=\"Questa sotto \u00e8 parte della nota finale dell&#8217;autrice al suo romanzo, un romanzo breve, coinvolgente che consiglio di leggere , fa riflettere su come le parole possano avere veramente una forza imprevedibile, una forza che ci pu\u00f2 manipolare e plasmare fino a plagiarci, specie se , come nel caso della protagonista Natalia, si \u00e8 in &hellip; Continua la lettura di &#8220;La forza imprevedibile delle parole&#8221; di Clara Sanchez &rarr;\" \/>\n<meta property=\"og:url\" content=\"https:\/\/valeriazunino.it\/blog\/2018\/02\/14\/la-forza-imprevedibile-delle-parole-clara-sanchez\/\" \/>\n<meta property=\"og:site_name\" content=\"ValeVz\" \/>\n<meta property=\"article:publisher\" content=\"https:\/\/www.facebook.com\/valeria.zunino.7\" \/>\n<meta property=\"article:published_time\" content=\"2018-02-14T21:50:10+00:00\" \/>\n<meta property=\"article:modified_time\" content=\"2018-02-14T22:02:52+00:00\" \/>\n<meta name=\"author\" content=\"Valeria\" \/>\n<meta name=\"twitter:card\" content=\"summary_large_image\" \/>\n<meta name=\"twitter:creator\" content=\"@valezunin\" \/>\n<meta name=\"twitter:site\" content=\"@valezunin\" \/>\n<meta name=\"twitter:label1\" content=\"Scritto da\" \/>\n\t<meta name=\"twitter:data1\" content=\"Valeria\" \/>\n\t<meta name=\"twitter:label2\" content=\"Tempo di lettura stimato\" \/>\n\t<meta name=\"twitter:data2\" content=\"2 minuti\" \/>\n<script type=\"application\/ld+json\" class=\"yoast-schema-graph\">{\"@context\":\"https:\/\/schema.org\",\"@graph\":[{\"@type\":\"Article\",\"@id\":\"https:\/\/valeriazunino.it\/blog\/2018\/02\/14\/la-forza-imprevedibile-delle-parole-clara-sanchez\/#article\",\"isPartOf\":{\"@id\":\"https:\/\/valeriazunino.it\/blog\/2018\/02\/14\/la-forza-imprevedibile-delle-parole-clara-sanchez\/\"},\"author\":{\"name\":\"Valeria\",\"@id\":\"https:\/\/valeriazunino.it\/blog\/#\/schema\/person\/8cdafe297c88eeb291db056286b0ae2a\"},\"headline\":\"&#8220;La forza imprevedibile delle parole&#8221; di Clara Sanchez\",\"datePublished\":\"2018-02-14T21:50:10+00:00\",\"dateModified\":\"2018-02-14T22:02:52+00:00\",\"mainEntityOfPage\":{\"@id\":\"https:\/\/valeriazunino.it\/blog\/2018\/02\/14\/la-forza-imprevedibile-delle-parole-clara-sanchez\/\"},\"wordCount\":500,\"commentCount\":0,\"keywords\":[\"libri\",\"Pensieri\"],\"articleSection\":[\"libri\",\"pensieri\"],\"inLanguage\":\"it-IT\",\"potentialAction\":[{\"@type\":\"CommentAction\",\"name\":\"Comment\",\"target\":[\"https:\/\/valeriazunino.it\/blog\/2018\/02\/14\/la-forza-imprevedibile-delle-parole-clara-sanchez\/#respond\"]}]},{\"@type\":\"WebPage\",\"@id\":\"https:\/\/valeriazunino.it\/blog\/2018\/02\/14\/la-forza-imprevedibile-delle-parole-clara-sanchez\/\",\"url\":\"https:\/\/valeriazunino.it\/blog\/2018\/02\/14\/la-forza-imprevedibile-delle-parole-clara-sanchez\/\",\"name\":\"\\\"La forza imprevedibile delle parole\\\" di Clara Sanchez - ValeVz\",\"isPartOf\":{\"@id\":\"https:\/\/valeriazunino.it\/blog\/#website\"},\"datePublished\":\"2018-02-14T21:50:10+00:00\",\"dateModified\":\"2018-02-14T22:02:52+00:00\",\"author\":{\"@id\":\"https:\/\/valeriazunino.it\/blog\/#\/schema\/person\/8cdafe297c88eeb291db056286b0ae2a\"},\"breadcrumb\":{\"@id\":\"https:\/\/valeriazunino.it\/blog\/2018\/02\/14\/la-forza-imprevedibile-delle-parole-clara-sanchez\/#breadcrumb\"},\"inLanguage\":\"it-IT\",\"potentialAction\":[{\"@type\":\"ReadAction\",\"target\":[\"https:\/\/valeriazunino.it\/blog\/2018\/02\/14\/la-forza-imprevedibile-delle-parole-clara-sanchez\/\"]}]},{\"@type\":\"BreadcrumbList\",\"@id\":\"https:\/\/valeriazunino.it\/blog\/2018\/02\/14\/la-forza-imprevedibile-delle-parole-clara-sanchez\/#breadcrumb\",\"itemListElement\":[{\"@type\":\"ListItem\",\"position\":1,\"name\":\"Home\",\"item\":\"https:\/\/valeriazunino.it\/blog\/\"},{\"@type\":\"ListItem\",\"position\":2,\"name\":\"&#8220;La forza imprevedibile delle parole&#8221; di Clara Sanchez\"}]},{\"@type\":\"WebSite\",\"@id\":\"https:\/\/valeriazunino.it\/blog\/#website\",\"url\":\"https:\/\/valeriazunino.it\/blog\/\",\"name\":\"ValeVz\",\"description\":\"il mio sito\",\"potentialAction\":[{\"@type\":\"SearchAction\",\"target\":{\"@type\":\"EntryPoint\",\"urlTemplate\":\"https:\/\/valeriazunino.it\/blog\/?s={search_term_string}\"},\"query-input\":{\"@type\":\"PropertyValueSpecification\",\"valueRequired\":true,\"valueName\":\"search_term_string\"}}],\"inLanguage\":\"it-IT\"},{\"@type\":\"Person\",\"@id\":\"https:\/\/valeriazunino.it\/blog\/#\/schema\/person\/8cdafe297c88eeb291db056286b0ae2a\",\"name\":\"Valeria\",\"image\":{\"@type\":\"ImageObject\",\"inLanguage\":\"it-IT\",\"@id\":\"https:\/\/valeriazunino.it\/blog\/#\/schema\/person\/image\/\",\"url\":\"https:\/\/secure.gravatar.com\/avatar\/4196ffa01e9ac5ef46888ac2c82ba7543ee2f63f9331c6e05282c2ff05645fe2?s=96&d=mm&r=g\",\"contentUrl\":\"https:\/\/secure.gravatar.com\/avatar\/4196ffa01e9ac5ef46888ac2c82ba7543ee2f63f9331c6e05282c2ff05645fe2?s=96&d=mm&r=g\",\"caption\":\"Valeria\"}}]}<\/script>\n<!-- \/ Yoast SEO plugin. -->","yoast_head_json":{"title":"\"La forza imprevedibile delle parole\" di Clara Sanchez - ValeVz","robots":{"index":"index","follow":"follow","max-snippet":"max-snippet:-1","max-image-preview":"max-image-preview:large","max-video-preview":"max-video-preview:-1"},"canonical":"https:\/\/valeriazunino.it\/blog\/2018\/02\/14\/la-forza-imprevedibile-delle-parole-clara-sanchez\/","og_locale":"it_IT","og_type":"article","og_title":"\"La forza imprevedibile delle parole\" di Clara Sanchez - ValeVz","og_description":"Questa sotto \u00e8 parte della nota finale dell&#8217;autrice al suo romanzo, un romanzo breve, coinvolgente che consiglio di leggere , fa riflettere su come le parole possano avere veramente una forza imprevedibile, una forza che ci pu\u00f2 manipolare e plasmare fino a plagiarci, specie se , come nel caso della protagonista Natalia, si \u00e8 in &hellip; Continua la lettura di &#8220;La forza imprevedibile delle parole&#8221; di Clara Sanchez &rarr;","og_url":"https:\/\/valeriazunino.it\/blog\/2018\/02\/14\/la-forza-imprevedibile-delle-parole-clara-sanchez\/","og_site_name":"ValeVz","article_publisher":"https:\/\/www.facebook.com\/valeria.zunino.7","article_published_time":"2018-02-14T21:50:10+00:00","article_modified_time":"2018-02-14T22:02:52+00:00","author":"Valeria","twitter_card":"summary_large_image","twitter_creator":"@valezunin","twitter_site":"@valezunin","twitter_misc":{"Scritto da":"Valeria","Tempo di lettura stimato":"2 minuti"},"schema":{"@context":"https:\/\/schema.org","@graph":[{"@type":"Article","@id":"https:\/\/valeriazunino.it\/blog\/2018\/02\/14\/la-forza-imprevedibile-delle-parole-clara-sanchez\/#article","isPartOf":{"@id":"https:\/\/valeriazunino.it\/blog\/2018\/02\/14\/la-forza-imprevedibile-delle-parole-clara-sanchez\/"},"author":{"name":"Valeria","@id":"https:\/\/valeriazunino.it\/blog\/#\/schema\/person\/8cdafe297c88eeb291db056286b0ae2a"},"headline":"&#8220;La forza imprevedibile delle parole&#8221; di Clara Sanchez","datePublished":"2018-02-14T21:50:10+00:00","dateModified":"2018-02-14T22:02:52+00:00","mainEntityOfPage":{"@id":"https:\/\/valeriazunino.it\/blog\/2018\/02\/14\/la-forza-imprevedibile-delle-parole-clara-sanchez\/"},"wordCount":500,"commentCount":0,"keywords":["libri","Pensieri"],"articleSection":["libri","pensieri"],"inLanguage":"it-IT","potentialAction":[{"@type":"CommentAction","name":"Comment","target":["https:\/\/valeriazunino.it\/blog\/2018\/02\/14\/la-forza-imprevedibile-delle-parole-clara-sanchez\/#respond"]}]},{"@type":"WebPage","@id":"https:\/\/valeriazunino.it\/blog\/2018\/02\/14\/la-forza-imprevedibile-delle-parole-clara-sanchez\/","url":"https:\/\/valeriazunino.it\/blog\/2018\/02\/14\/la-forza-imprevedibile-delle-parole-clara-sanchez\/","name":"\"La forza imprevedibile delle parole\" di Clara Sanchez - ValeVz","isPartOf":{"@id":"https:\/\/valeriazunino.it\/blog\/#website"},"datePublished":"2018-02-14T21:50:10+00:00","dateModified":"2018-02-14T22:02:52+00:00","author":{"@id":"https:\/\/valeriazunino.it\/blog\/#\/schema\/person\/8cdafe297c88eeb291db056286b0ae2a"},"breadcrumb":{"@id":"https:\/\/valeriazunino.it\/blog\/2018\/02\/14\/la-forza-imprevedibile-delle-parole-clara-sanchez\/#breadcrumb"},"inLanguage":"it-IT","potentialAction":[{"@type":"ReadAction","target":["https:\/\/valeriazunino.it\/blog\/2018\/02\/14\/la-forza-imprevedibile-delle-parole-clara-sanchez\/"]}]},{"@type":"BreadcrumbList","@id":"https:\/\/valeriazunino.it\/blog\/2018\/02\/14\/la-forza-imprevedibile-delle-parole-clara-sanchez\/#breadcrumb","itemListElement":[{"@type":"ListItem","position":1,"name":"Home","item":"https:\/\/valeriazunino.it\/blog\/"},{"@type":"ListItem","position":2,"name":"&#8220;La forza imprevedibile delle parole&#8221; di Clara Sanchez"}]},{"@type":"WebSite","@id":"https:\/\/valeriazunino.it\/blog\/#website","url":"https:\/\/valeriazunino.it\/blog\/","name":"ValeVz","description":"il mio sito","potentialAction":[{"@type":"SearchAction","target":{"@type":"EntryPoint","urlTemplate":"https:\/\/valeriazunino.it\/blog\/?s={search_term_string}"},"query-input":{"@type":"PropertyValueSpecification","valueRequired":true,"valueName":"search_term_string"}}],"inLanguage":"it-IT"},{"@type":"Person","@id":"https:\/\/valeriazunino.it\/blog\/#\/schema\/person\/8cdafe297c88eeb291db056286b0ae2a","name":"Valeria","image":{"@type":"ImageObject","inLanguage":"it-IT","@id":"https:\/\/valeriazunino.it\/blog\/#\/schema\/person\/image\/","url":"https:\/\/secure.gravatar.com\/avatar\/4196ffa01e9ac5ef46888ac2c82ba7543ee2f63f9331c6e05282c2ff05645fe2?s=96&d=mm&r=g","contentUrl":"https:\/\/secure.gravatar.com\/avatar\/4196ffa01e9ac5ef46888ac2c82ba7543ee2f63f9331c6e05282c2ff05645fe2?s=96&d=mm&r=g","caption":"Valeria"}}]}},"post_mailing_queue_ids":[],"_links":{"self":[{"href":"https:\/\/valeriazunino.it\/blog\/wp-json\/wp\/v2\/posts\/2117","targetHints":{"allow":["GET"]}}],"collection":[{"href":"https:\/\/valeriazunino.it\/blog\/wp-json\/wp\/v2\/posts"}],"about":[{"href":"https:\/\/valeriazunino.it\/blog\/wp-json\/wp\/v2\/types\/post"}],"author":[{"embeddable":true,"href":"https:\/\/valeriazunino.it\/blog\/wp-json\/wp\/v2\/users\/1"}],"replies":[{"embeddable":true,"href":"https:\/\/valeriazunino.it\/blog\/wp-json\/wp\/v2\/comments?post=2117"}],"version-history":[{"count":7,"href":"https:\/\/valeriazunino.it\/blog\/wp-json\/wp\/v2\/posts\/2117\/revisions"}],"predecessor-version":[{"id":2124,"href":"https:\/\/valeriazunino.it\/blog\/wp-json\/wp\/v2\/posts\/2117\/revisions\/2124"}],"wp:attachment":[{"href":"https:\/\/valeriazunino.it\/blog\/wp-json\/wp\/v2\/media?parent=2117"}],"wp:term":[{"taxonomy":"category","embeddable":true,"href":"https:\/\/valeriazunino.it\/blog\/wp-json\/wp\/v2\/categories?post=2117"},{"taxonomy":"post_tag","embeddable":true,"href":"https:\/\/valeriazunino.it\/blog\/wp-json\/wp\/v2\/tags?post=2117"}],"curies":[{"name":"wp","href":"https:\/\/api.w.org\/{rel}","templated":true}]}}