{"id":2142,"date":"2018-02-24T23:29:00","date_gmt":"2018-02-24T22:29:00","guid":{"rendered":"https:\/\/valeriazunino.it\/blog\/?p=2142"},"modified":"2018-02-24T23:44:53","modified_gmt":"2018-02-24T22:44:53","slug":"vino-e-aceto","status":"publish","type":"post","link":"https:\/\/valeriazunino.it\/blog\/2018\/02\/24\/vino-e-aceto\/","title":{"rendered":"Aceto e Vino"},"content":{"rendered":"<p style=\"padding-left: 30px; text-align: left;\">Molti , molti anni fa , sar\u00e0 stato il 1993 circa, ebbi una conversazione molto interessante con un tipo altrettanto interessante, nn figo eh?, un signore , anche bruttino , che allora avra&#8217; avuto una 50ina d&#8217;anni , forse pi\u00f9, che aveva idee particolari , ora nn voglio entrare nel dettaglio anche perch\u00e9 nn \u00e8 che ricordi tutto alla perfezione, ovviamente , ma la cosa che ho sempre trattenuto a mente \u00a0di questa conversazione e che , in questo periodo , \u00a0ho ripescato , ovvero trovo una sua collocazione \u00e8 la seguente cosa che mi disse &#8230; \u00a0&#8221; Vede, se lei mette una goccia di vino nell&#8217;aceto, l&#8217;aceto rimane aceto , esattamente come era prima, invece se lei mette una goccia di aceto nel vino buono questo diventa aceto. \u00c8 cos\u00ec con le persone &#8230; se una persona positiva sta con una persona negativa, quest&#8217;ultima nn \u00e8 che migliorer\u00e0 tanto , invece, sar\u00e0 facile che la persona positiva assorbira&#8217; negativit\u00e0 diventando a sua volta negativa pure essa . quindi , mi dia retta, stia lontana dalle persone che avverte negative.&#8221; \u00a0Io , allora, che ero molto giovane nn diedi pi\u00f9 di tanta importanza a questo esempio anche se , devo dire, \u00e8 una di quelle conversazioni \u00a0alle quali ,talvolta , sono ritornata a pensare perche mi era rimasta scolpita nella mente \u00a0.. ogni tanto mi succede .. mi rimangono impresse frasi o pensieri tali e quali come se li avessi sentite o elaborati \u00a0il giorno prima&#8230; e penso ci sia un preciso motivo se accade , motivo \u00a0che nn conosco anche se ,flebilmente, \u00a0intuisco &#8230;. \u00a0 ora, \u00a0con qualche anno ed esperienza in pi\u00f9, \u00a0devo dire che quel signore aveva proprio ragione .. Nn c&#8217;\u00e8 nulla da fare , l&#8217;unica cosa da fare \u00a0\u00e8 tenersi alla larga dai personaggi tossici perch\u00e9, pi\u00f9 che inquinarti , non possono fare e \u00a0nn ci sar\u00e0 mai il modo x far loro modificare l&#8217;atteggiamento perch\u00e9 ,di base, \u00a0nn vogliono cambiarsi, si piacciono cos\u00ec, in perpetua recita di un \u00a0copione che si sono affibbiati o che hanno affibbiato loro \u00a0dai tempi dei tempi . Si rischia, invece, solo di accumulare negativit\u00e0, rancore , svilimento, umiliazioni, perdita di energia e tutto quanto di piu&#8217; nefasto si possa pensare . Quindi , aria !<\/p>\n<p><iframe loading=\"lazy\" title=\"Samuele Bersani - Psyco (Official Video)\" width=\"474\" height=\"267\" src=\"https:\/\/www.youtube.com\/embed\/0eVjyil-xDE?feature=oembed\" frameborder=\"0\" allow=\"accelerometer; autoplay; clipboard-write; encrypted-media; gyroscope; picture-in-picture; web-share\" referrerpolicy=\"strict-origin-when-cross-origin\" allowfullscreen><\/iframe><\/p>\n<p>La canzone nn c&#8217;entra tantissimo ma x qualche frase c&#8217;azzecca ..<\/p>\n","protected":false},"excerpt":{"rendered":"<p>Molti , molti anni fa , sar\u00e0 stato il 1993 circa, ebbi una conversazione molto interessante con un tipo altrettanto interessante, nn figo eh?, un signore , anche bruttino , che allora avra&#8217; avuto una 50ina d&#8217;anni , forse pi\u00f9, che aveva idee particolari , ora nn voglio entrare nel dettaglio anche perch\u00e9 nn \u00e8 &hellip; <a href=\"https:\/\/valeriazunino.it\/blog\/2018\/02\/24\/vino-e-aceto\/\" class=\"more-link\">Continua la lettura di <span class=\"screen-reader-text\">Aceto e Vino<\/span> <span class=\"meta-nav\">&rarr;<\/span><\/a><\/p>\n","protected":false},"author":1,"featured_media":0,"comment_status":"open","ping_status":"open","sticky":false,"template":"","format":"standard","meta":{"footnotes":""},"categories":[10,2],"tags":[11,3],"class_list":["post-2142","post","type-post","status-publish","format-standard","hentry","category-musica","category-pensieri","tag-musica","tag-pensieri"],"yoast_head":"<!-- This site is optimized with the Yoast SEO plugin v27.0 - https:\/\/yoast.com\/product\/yoast-seo-wordpress\/ -->\n<title>Aceto e Vino - ValeVz<\/title>\n<meta name=\"robots\" content=\"index, follow, max-snippet:-1, max-image-preview:large, max-video-preview:-1\" \/>\n<link rel=\"canonical\" href=\"https:\/\/valeriazunino.it\/blog\/2018\/02\/24\/vino-e-aceto\/\" \/>\n<meta property=\"og:locale\" content=\"it_IT\" \/>\n<meta property=\"og:type\" content=\"article\" \/>\n<meta property=\"og:title\" content=\"Aceto e Vino - ValeVz\" \/>\n<meta property=\"og:description\" content=\"Molti , molti anni fa , sar\u00e0 stato il 1993 circa, ebbi una conversazione molto interessante con un tipo altrettanto interessante, nn figo eh?, un signore , anche bruttino , che allora avra&#8217; avuto una 50ina d&#8217;anni , forse pi\u00f9, che aveva idee particolari , ora nn voglio entrare nel dettaglio anche perch\u00e9 nn \u00e8 &hellip; Continua la lettura di Aceto e Vino &rarr;\" \/>\n<meta property=\"og:url\" content=\"https:\/\/valeriazunino.it\/blog\/2018\/02\/24\/vino-e-aceto\/\" \/>\n<meta property=\"og:site_name\" content=\"ValeVz\" \/>\n<meta property=\"article:publisher\" content=\"https:\/\/www.facebook.com\/valeria.zunino.7\" \/>\n<meta property=\"article:published_time\" content=\"2018-02-24T22:29:00+00:00\" \/>\n<meta property=\"article:modified_time\" content=\"2018-02-24T22:44:53+00:00\" \/>\n<meta name=\"author\" content=\"Valeria\" \/>\n<meta name=\"twitter:card\" content=\"summary_large_image\" \/>\n<meta name=\"twitter:creator\" content=\"@valezunin\" \/>\n<meta name=\"twitter:site\" content=\"@valezunin\" \/>\n<meta name=\"twitter:label1\" content=\"Scritto da\" \/>\n\t<meta name=\"twitter:data1\" content=\"Valeria\" \/>\n\t<meta name=\"twitter:label2\" content=\"Tempo di lettura stimato\" \/>\n\t<meta name=\"twitter:data2\" content=\"2 minuti\" \/>\n<script type=\"application\/ld+json\" class=\"yoast-schema-graph\">{\"@context\":\"https:\/\/schema.org\",\"@graph\":[{\"@type\":\"Article\",\"@id\":\"https:\/\/valeriazunino.it\/blog\/2018\/02\/24\/vino-e-aceto\/#article\",\"isPartOf\":{\"@id\":\"https:\/\/valeriazunino.it\/blog\/2018\/02\/24\/vino-e-aceto\/\"},\"author\":{\"name\":\"Valeria\",\"@id\":\"https:\/\/valeriazunino.it\/blog\/#\/schema\/person\/8cdafe297c88eeb291db056286b0ae2a\"},\"headline\":\"Aceto e Vino\",\"datePublished\":\"2018-02-24T22:29:00+00:00\",\"dateModified\":\"2018-02-24T22:44:53+00:00\",\"mainEntityOfPage\":{\"@id\":\"https:\/\/valeriazunino.it\/blog\/2018\/02\/24\/vino-e-aceto\/\"},\"wordCount\":362,\"commentCount\":0,\"keywords\":[\"Musica\",\"Pensieri\"],\"articleSection\":[\"Musica\",\"pensieri\"],\"inLanguage\":\"it-IT\",\"potentialAction\":[{\"@type\":\"CommentAction\",\"name\":\"Comment\",\"target\":[\"https:\/\/valeriazunino.it\/blog\/2018\/02\/24\/vino-e-aceto\/#respond\"]}]},{\"@type\":\"WebPage\",\"@id\":\"https:\/\/valeriazunino.it\/blog\/2018\/02\/24\/vino-e-aceto\/\",\"url\":\"https:\/\/valeriazunino.it\/blog\/2018\/02\/24\/vino-e-aceto\/\",\"name\":\"Aceto e Vino - ValeVz\",\"isPartOf\":{\"@id\":\"https:\/\/valeriazunino.it\/blog\/#website\"},\"datePublished\":\"2018-02-24T22:29:00+00:00\",\"dateModified\":\"2018-02-24T22:44:53+00:00\",\"author\":{\"@id\":\"https:\/\/valeriazunino.it\/blog\/#\/schema\/person\/8cdafe297c88eeb291db056286b0ae2a\"},\"breadcrumb\":{\"@id\":\"https:\/\/valeriazunino.it\/blog\/2018\/02\/24\/vino-e-aceto\/#breadcrumb\"},\"inLanguage\":\"it-IT\",\"potentialAction\":[{\"@type\":\"ReadAction\",\"target\":[\"https:\/\/valeriazunino.it\/blog\/2018\/02\/24\/vino-e-aceto\/\"]}]},{\"@type\":\"BreadcrumbList\",\"@id\":\"https:\/\/valeriazunino.it\/blog\/2018\/02\/24\/vino-e-aceto\/#breadcrumb\",\"itemListElement\":[{\"@type\":\"ListItem\",\"position\":1,\"name\":\"Home\",\"item\":\"https:\/\/valeriazunino.it\/blog\/\"},{\"@type\":\"ListItem\",\"position\":2,\"name\":\"Aceto e Vino\"}]},{\"@type\":\"WebSite\",\"@id\":\"https:\/\/valeriazunino.it\/blog\/#website\",\"url\":\"https:\/\/valeriazunino.it\/blog\/\",\"name\":\"ValeVz\",\"description\":\"il mio sito\",\"potentialAction\":[{\"@type\":\"SearchAction\",\"target\":{\"@type\":\"EntryPoint\",\"urlTemplate\":\"https:\/\/valeriazunino.it\/blog\/?s={search_term_string}\"},\"query-input\":{\"@type\":\"PropertyValueSpecification\",\"valueRequired\":true,\"valueName\":\"search_term_string\"}}],\"inLanguage\":\"it-IT\"},{\"@type\":\"Person\",\"@id\":\"https:\/\/valeriazunino.it\/blog\/#\/schema\/person\/8cdafe297c88eeb291db056286b0ae2a\",\"name\":\"Valeria\",\"image\":{\"@type\":\"ImageObject\",\"inLanguage\":\"it-IT\",\"@id\":\"https:\/\/valeriazunino.it\/blog\/#\/schema\/person\/image\/\",\"url\":\"https:\/\/secure.gravatar.com\/avatar\/4196ffa01e9ac5ef46888ac2c82ba7543ee2f63f9331c6e05282c2ff05645fe2?s=96&d=mm&r=g\",\"contentUrl\":\"https:\/\/secure.gravatar.com\/avatar\/4196ffa01e9ac5ef46888ac2c82ba7543ee2f63f9331c6e05282c2ff05645fe2?s=96&d=mm&r=g\",\"caption\":\"Valeria\"}}]}<\/script>\n<!-- \/ Yoast SEO plugin. -->","yoast_head_json":{"title":"Aceto e Vino - ValeVz","robots":{"index":"index","follow":"follow","max-snippet":"max-snippet:-1","max-image-preview":"max-image-preview:large","max-video-preview":"max-video-preview:-1"},"canonical":"https:\/\/valeriazunino.it\/blog\/2018\/02\/24\/vino-e-aceto\/","og_locale":"it_IT","og_type":"article","og_title":"Aceto e Vino - ValeVz","og_description":"Molti , molti anni fa , sar\u00e0 stato il 1993 circa, ebbi una conversazione molto interessante con un tipo altrettanto interessante, nn figo eh?, un signore , anche bruttino , che allora avra&#8217; avuto una 50ina d&#8217;anni , forse pi\u00f9, che aveva idee particolari , ora nn voglio entrare nel dettaglio anche perch\u00e9 nn \u00e8 &hellip; Continua la lettura di Aceto e Vino &rarr;","og_url":"https:\/\/valeriazunino.it\/blog\/2018\/02\/24\/vino-e-aceto\/","og_site_name":"ValeVz","article_publisher":"https:\/\/www.facebook.com\/valeria.zunino.7","article_published_time":"2018-02-24T22:29:00+00:00","article_modified_time":"2018-02-24T22:44:53+00:00","author":"Valeria","twitter_card":"summary_large_image","twitter_creator":"@valezunin","twitter_site":"@valezunin","twitter_misc":{"Scritto da":"Valeria","Tempo di lettura stimato":"2 minuti"},"schema":{"@context":"https:\/\/schema.org","@graph":[{"@type":"Article","@id":"https:\/\/valeriazunino.it\/blog\/2018\/02\/24\/vino-e-aceto\/#article","isPartOf":{"@id":"https:\/\/valeriazunino.it\/blog\/2018\/02\/24\/vino-e-aceto\/"},"author":{"name":"Valeria","@id":"https:\/\/valeriazunino.it\/blog\/#\/schema\/person\/8cdafe297c88eeb291db056286b0ae2a"},"headline":"Aceto e Vino","datePublished":"2018-02-24T22:29:00+00:00","dateModified":"2018-02-24T22:44:53+00:00","mainEntityOfPage":{"@id":"https:\/\/valeriazunino.it\/blog\/2018\/02\/24\/vino-e-aceto\/"},"wordCount":362,"commentCount":0,"keywords":["Musica","Pensieri"],"articleSection":["Musica","pensieri"],"inLanguage":"it-IT","potentialAction":[{"@type":"CommentAction","name":"Comment","target":["https:\/\/valeriazunino.it\/blog\/2018\/02\/24\/vino-e-aceto\/#respond"]}]},{"@type":"WebPage","@id":"https:\/\/valeriazunino.it\/blog\/2018\/02\/24\/vino-e-aceto\/","url":"https:\/\/valeriazunino.it\/blog\/2018\/02\/24\/vino-e-aceto\/","name":"Aceto e Vino - ValeVz","isPartOf":{"@id":"https:\/\/valeriazunino.it\/blog\/#website"},"datePublished":"2018-02-24T22:29:00+00:00","dateModified":"2018-02-24T22:44:53+00:00","author":{"@id":"https:\/\/valeriazunino.it\/blog\/#\/schema\/person\/8cdafe297c88eeb291db056286b0ae2a"},"breadcrumb":{"@id":"https:\/\/valeriazunino.it\/blog\/2018\/02\/24\/vino-e-aceto\/#breadcrumb"},"inLanguage":"it-IT","potentialAction":[{"@type":"ReadAction","target":["https:\/\/valeriazunino.it\/blog\/2018\/02\/24\/vino-e-aceto\/"]}]},{"@type":"BreadcrumbList","@id":"https:\/\/valeriazunino.it\/blog\/2018\/02\/24\/vino-e-aceto\/#breadcrumb","itemListElement":[{"@type":"ListItem","position":1,"name":"Home","item":"https:\/\/valeriazunino.it\/blog\/"},{"@type":"ListItem","position":2,"name":"Aceto e Vino"}]},{"@type":"WebSite","@id":"https:\/\/valeriazunino.it\/blog\/#website","url":"https:\/\/valeriazunino.it\/blog\/","name":"ValeVz","description":"il mio sito","potentialAction":[{"@type":"SearchAction","target":{"@type":"EntryPoint","urlTemplate":"https:\/\/valeriazunino.it\/blog\/?s={search_term_string}"},"query-input":{"@type":"PropertyValueSpecification","valueRequired":true,"valueName":"search_term_string"}}],"inLanguage":"it-IT"},{"@type":"Person","@id":"https:\/\/valeriazunino.it\/blog\/#\/schema\/person\/8cdafe297c88eeb291db056286b0ae2a","name":"Valeria","image":{"@type":"ImageObject","inLanguage":"it-IT","@id":"https:\/\/valeriazunino.it\/blog\/#\/schema\/person\/image\/","url":"https:\/\/secure.gravatar.com\/avatar\/4196ffa01e9ac5ef46888ac2c82ba7543ee2f63f9331c6e05282c2ff05645fe2?s=96&d=mm&r=g","contentUrl":"https:\/\/secure.gravatar.com\/avatar\/4196ffa01e9ac5ef46888ac2c82ba7543ee2f63f9331c6e05282c2ff05645fe2?s=96&d=mm&r=g","caption":"Valeria"}}]}},"post_mailing_queue_ids":[],"_links":{"self":[{"href":"https:\/\/valeriazunino.it\/blog\/wp-json\/wp\/v2\/posts\/2142","targetHints":{"allow":["GET"]}}],"collection":[{"href":"https:\/\/valeriazunino.it\/blog\/wp-json\/wp\/v2\/posts"}],"about":[{"href":"https:\/\/valeriazunino.it\/blog\/wp-json\/wp\/v2\/types\/post"}],"author":[{"embeddable":true,"href":"https:\/\/valeriazunino.it\/blog\/wp-json\/wp\/v2\/users\/1"}],"replies":[{"embeddable":true,"href":"https:\/\/valeriazunino.it\/blog\/wp-json\/wp\/v2\/comments?post=2142"}],"version-history":[{"count":8,"href":"https:\/\/valeriazunino.it\/blog\/wp-json\/wp\/v2\/posts\/2142\/revisions"}],"predecessor-version":[{"id":2150,"href":"https:\/\/valeriazunino.it\/blog\/wp-json\/wp\/v2\/posts\/2142\/revisions\/2150"}],"wp:attachment":[{"href":"https:\/\/valeriazunino.it\/blog\/wp-json\/wp\/v2\/media?parent=2142"}],"wp:term":[{"taxonomy":"category","embeddable":true,"href":"https:\/\/valeriazunino.it\/blog\/wp-json\/wp\/v2\/categories?post=2142"},{"taxonomy":"post_tag","embeddable":true,"href":"https:\/\/valeriazunino.it\/blog\/wp-json\/wp\/v2\/tags?post=2142"}],"curies":[{"name":"wp","href":"https:\/\/api.w.org\/{rel}","templated":true}]}}