{"id":2156,"date":"2018-03-08T15:24:38","date_gmt":"2018-03-08T14:24:38","guid":{"rendered":"https:\/\/valeriazunino.it\/blog\/?p=2156"},"modified":"2022-03-09T00:15:10","modified_gmt":"2022-03-08T23:15:10","slug":"8-marzo","status":"publish","type":"post","link":"https:\/\/valeriazunino.it\/blog\/2018\/03\/08\/8-marzo\/","title":{"rendered":"8 Marzo"},"content":{"rendered":"<p style=\"text-align: left;\">8 Marzo : Festa della Donna &#8230; nn mi interessa se sia la ricorrenza di una disgrazia dove sono morte delle donne .. \u00e8 naturale che nn si festeggi per quel drammatico fatto , ma dallo spunto di un qualcosa che riguarda noi donne si celebra la donna in quanto tale . A parte tutti i sacrosanti diritti x cui si \u00e8 lottato e per cui oggi si sono ottenuti \u00a0quasi pari diritti ed e&#8217;, ripeto, \u00a0giustissimo, la donna \u00e8 mooolto diversa dall&#8217;uomo e questa \u00e8 una ovviet\u00e0 ma lo rivendico sempre, nel bene e nel male.<\/p>\n<p>La donna e&#8217; sensualit\u00e0 ma anche mamma , dolcezza ma anche intransigenza, durezza quando si sente ferita, \u00a0romanticismo , disponibilit\u00e0 , comprensione, lavoro , fragilit\u00e0, debolezza ma anche forza d&#8217;animo e coraggio quando occorre &#8230;. la donna \u00e8 tutto questo \u00e8 molto di pi\u00f9<\/p>\n<p>La donna si esprime \u00a0attraverso la sua femminilit\u00e0 che nn \u00e8 cos\u00ec scontata \u00a0sempre o ai massimi livelli&#8230;.<\/p>\n<p>la femminilit\u00e0 sono i suoi capelli , il suo \u00a0seno tondo e simmetrico \u00a0, il modo di parlare , di muoversi, di danzare, di ridere , \u00a0la sua intelligenza, \u00a0il modo di vestire che nn \u00a0necessariamente deve essere sexy in senso stretto .. \u00a0la donna sa essere \u00a0sexy , benissimo ,e anche meglio, \u00a0in jeans e maglietta , perch\u00e9 la sensualit\u00e0 si \u00a0ha dentro e nn la si pu\u00f2 delegare ad un paio di calze a rete .. anzi ..<\/p>\n<p>Va beh oggi sono andata in palestra, ho lavorato parecchio, per il mio benessere, per migliorare il mio aspetto fisico, sono stata bene \u00a0 , al ritorno, in macchina , c&#8217;era caldo , ho tirato gi\u00f9 il finestrino , ho sporto la testa a farmi arrivare l&#8217;aria tra i capelli: questa \u00e8 stata per me felicit\u00e0, un piacere che ho sentito fino nel profondo dell&#8217;animo , questo \u00e8 stato il mio modo di festeggiare la festa della Donna&#8230;.. \u00a0poi doccia , creme , e anche anche indossare un vestitino caruccio &#8230;. ?<\/p>\n<p>Ligabue anche x \u00a0il mio blog&#8230;<\/p>\n<p>Per\u00f2 \u00a0una canzone diversa quella posta su facebook<\/p>\n<p><iframe loading=\"lazy\" title=\"Ligabue - Il giorno dei giorni (Official Video)\" width=\"474\" height=\"267\" src=\"https:\/\/www.youtube.com\/embed\/vQxOuZH5PkI?feature=oembed\" frameborder=\"0\" allow=\"accelerometer; autoplay; clipboard-write; encrypted-media; gyroscope; picture-in-picture; web-share\" referrerpolicy=\"strict-origin-when-cross-origin\" allowfullscreen><\/iframe><\/p>\n","protected":false},"excerpt":{"rendered":"<p>8 Marzo : Festa della Donna &#8230; nn mi interessa se sia la ricorrenza di una disgrazia dove sono morte delle donne .. \u00e8 naturale che nn si festeggi per quel drammatico fatto , ma dallo spunto di un qualcosa che riguarda noi donne si celebra la donna in quanto tale . A parte tutti &hellip; <a href=\"https:\/\/valeriazunino.it\/blog\/2018\/03\/08\/8-marzo\/\" class=\"more-link\">Continua la lettura di <span class=\"screen-reader-text\">8 Marzo<\/span> <span class=\"meta-nav\">&rarr;<\/span><\/a><\/p>\n","protected":false},"author":1,"featured_media":0,"comment_status":"open","ping_status":"open","sticky":false,"template":"","format":"standard","meta":{"footnotes":""},"categories":[10,2,1],"tags":[11,3],"class_list":["post-2156","post","type-post","status-publish","format-standard","hentry","category-musica","category-pensieri","category-senza-categoria","tag-musica","tag-pensieri"],"yoast_head":"<!-- This site is optimized with the Yoast SEO plugin v27.0 - https:\/\/yoast.com\/product\/yoast-seo-wordpress\/ -->\n<title>8 Marzo - ValeVz<\/title>\n<meta name=\"robots\" content=\"index, follow, max-snippet:-1, max-image-preview:large, max-video-preview:-1\" \/>\n<link rel=\"canonical\" href=\"https:\/\/valeriazunino.it\/blog\/2018\/03\/08\/8-marzo\/\" \/>\n<meta property=\"og:locale\" content=\"it_IT\" \/>\n<meta property=\"og:type\" content=\"article\" \/>\n<meta property=\"og:title\" content=\"8 Marzo - ValeVz\" \/>\n<meta property=\"og:description\" content=\"8 Marzo : Festa della Donna &#8230; nn mi interessa se sia la ricorrenza di una disgrazia dove sono morte delle donne .. \u00e8 naturale che nn si festeggi per quel drammatico fatto , ma dallo spunto di un qualcosa che riguarda noi donne si celebra la donna in quanto tale . A parte tutti &hellip; Continua la lettura di 8 Marzo &rarr;\" \/>\n<meta property=\"og:url\" content=\"https:\/\/valeriazunino.it\/blog\/2018\/03\/08\/8-marzo\/\" \/>\n<meta property=\"og:site_name\" content=\"ValeVz\" \/>\n<meta property=\"article:publisher\" content=\"https:\/\/www.facebook.com\/valeria.zunino.7\" \/>\n<meta property=\"article:published_time\" content=\"2018-03-08T14:24:38+00:00\" \/>\n<meta property=\"article:modified_time\" content=\"2022-03-08T23:15:10+00:00\" \/>\n<meta name=\"author\" content=\"Valeria\" \/>\n<meta name=\"twitter:card\" content=\"summary_large_image\" \/>\n<meta name=\"twitter:creator\" content=\"@valezunin\" \/>\n<meta name=\"twitter:site\" content=\"@valezunin\" \/>\n<meta name=\"twitter:label1\" content=\"Scritto da\" \/>\n\t<meta name=\"twitter:data1\" content=\"Valeria\" \/>\n\t<meta name=\"twitter:label2\" content=\"Tempo di lettura stimato\" \/>\n\t<meta name=\"twitter:data2\" content=\"2 minuti\" \/>\n<script type=\"application\/ld+json\" class=\"yoast-schema-graph\">{\"@context\":\"https:\/\/schema.org\",\"@graph\":[{\"@type\":\"Article\",\"@id\":\"https:\/\/valeriazunino.it\/blog\/2018\/03\/08\/8-marzo\/#article\",\"isPartOf\":{\"@id\":\"https:\/\/valeriazunino.it\/blog\/2018\/03\/08\/8-marzo\/\"},\"author\":{\"name\":\"Valeria\",\"@id\":\"https:\/\/valeriazunino.it\/blog\/#\/schema\/person\/8cdafe297c88eeb291db056286b0ae2a\"},\"headline\":\"8 Marzo\",\"datePublished\":\"2018-03-08T14:24:38+00:00\",\"dateModified\":\"2022-03-08T23:15:10+00:00\",\"mainEntityOfPage\":{\"@id\":\"https:\/\/valeriazunino.it\/blog\/2018\/03\/08\/8-marzo\/\"},\"wordCount\":317,\"commentCount\":0,\"keywords\":[\"Musica\",\"Pensieri\"],\"articleSection\":[\"Musica\",\"pensieri\"],\"inLanguage\":\"it-IT\",\"potentialAction\":[{\"@type\":\"CommentAction\",\"name\":\"Comment\",\"target\":[\"https:\/\/valeriazunino.it\/blog\/2018\/03\/08\/8-marzo\/#respond\"]}]},{\"@type\":\"WebPage\",\"@id\":\"https:\/\/valeriazunino.it\/blog\/2018\/03\/08\/8-marzo\/\",\"url\":\"https:\/\/valeriazunino.it\/blog\/2018\/03\/08\/8-marzo\/\",\"name\":\"8 Marzo - ValeVz\",\"isPartOf\":{\"@id\":\"https:\/\/valeriazunino.it\/blog\/#website\"},\"datePublished\":\"2018-03-08T14:24:38+00:00\",\"dateModified\":\"2022-03-08T23:15:10+00:00\",\"author\":{\"@id\":\"https:\/\/valeriazunino.it\/blog\/#\/schema\/person\/8cdafe297c88eeb291db056286b0ae2a\"},\"breadcrumb\":{\"@id\":\"https:\/\/valeriazunino.it\/blog\/2018\/03\/08\/8-marzo\/#breadcrumb\"},\"inLanguage\":\"it-IT\",\"potentialAction\":[{\"@type\":\"ReadAction\",\"target\":[\"https:\/\/valeriazunino.it\/blog\/2018\/03\/08\/8-marzo\/\"]}]},{\"@type\":\"BreadcrumbList\",\"@id\":\"https:\/\/valeriazunino.it\/blog\/2018\/03\/08\/8-marzo\/#breadcrumb\",\"itemListElement\":[{\"@type\":\"ListItem\",\"position\":1,\"name\":\"Home\",\"item\":\"https:\/\/valeriazunino.it\/blog\/\"},{\"@type\":\"ListItem\",\"position\":2,\"name\":\"8 Marzo\"}]},{\"@type\":\"WebSite\",\"@id\":\"https:\/\/valeriazunino.it\/blog\/#website\",\"url\":\"https:\/\/valeriazunino.it\/blog\/\",\"name\":\"ValeVz\",\"description\":\"il mio sito\",\"potentialAction\":[{\"@type\":\"SearchAction\",\"target\":{\"@type\":\"EntryPoint\",\"urlTemplate\":\"https:\/\/valeriazunino.it\/blog\/?s={search_term_string}\"},\"query-input\":{\"@type\":\"PropertyValueSpecification\",\"valueRequired\":true,\"valueName\":\"search_term_string\"}}],\"inLanguage\":\"it-IT\"},{\"@type\":\"Person\",\"@id\":\"https:\/\/valeriazunino.it\/blog\/#\/schema\/person\/8cdafe297c88eeb291db056286b0ae2a\",\"name\":\"Valeria\",\"image\":{\"@type\":\"ImageObject\",\"inLanguage\":\"it-IT\",\"@id\":\"https:\/\/valeriazunino.it\/blog\/#\/schema\/person\/image\/\",\"url\":\"https:\/\/secure.gravatar.com\/avatar\/4196ffa01e9ac5ef46888ac2c82ba7543ee2f63f9331c6e05282c2ff05645fe2?s=96&d=mm&r=g\",\"contentUrl\":\"https:\/\/secure.gravatar.com\/avatar\/4196ffa01e9ac5ef46888ac2c82ba7543ee2f63f9331c6e05282c2ff05645fe2?s=96&d=mm&r=g\",\"caption\":\"Valeria\"}}]}<\/script>\n<!-- \/ Yoast SEO plugin. -->","yoast_head_json":{"title":"8 Marzo - ValeVz","robots":{"index":"index","follow":"follow","max-snippet":"max-snippet:-1","max-image-preview":"max-image-preview:large","max-video-preview":"max-video-preview:-1"},"canonical":"https:\/\/valeriazunino.it\/blog\/2018\/03\/08\/8-marzo\/","og_locale":"it_IT","og_type":"article","og_title":"8 Marzo - ValeVz","og_description":"8 Marzo : Festa della Donna &#8230; nn mi interessa se sia la ricorrenza di una disgrazia dove sono morte delle donne .. \u00e8 naturale che nn si festeggi per quel drammatico fatto , ma dallo spunto di un qualcosa che riguarda noi donne si celebra la donna in quanto tale . A parte tutti &hellip; Continua la lettura di 8 Marzo &rarr;","og_url":"https:\/\/valeriazunino.it\/blog\/2018\/03\/08\/8-marzo\/","og_site_name":"ValeVz","article_publisher":"https:\/\/www.facebook.com\/valeria.zunino.7","article_published_time":"2018-03-08T14:24:38+00:00","article_modified_time":"2022-03-08T23:15:10+00:00","author":"Valeria","twitter_card":"summary_large_image","twitter_creator":"@valezunin","twitter_site":"@valezunin","twitter_misc":{"Scritto da":"Valeria","Tempo di lettura stimato":"2 minuti"},"schema":{"@context":"https:\/\/schema.org","@graph":[{"@type":"Article","@id":"https:\/\/valeriazunino.it\/blog\/2018\/03\/08\/8-marzo\/#article","isPartOf":{"@id":"https:\/\/valeriazunino.it\/blog\/2018\/03\/08\/8-marzo\/"},"author":{"name":"Valeria","@id":"https:\/\/valeriazunino.it\/blog\/#\/schema\/person\/8cdafe297c88eeb291db056286b0ae2a"},"headline":"8 Marzo","datePublished":"2018-03-08T14:24:38+00:00","dateModified":"2022-03-08T23:15:10+00:00","mainEntityOfPage":{"@id":"https:\/\/valeriazunino.it\/blog\/2018\/03\/08\/8-marzo\/"},"wordCount":317,"commentCount":0,"keywords":["Musica","Pensieri"],"articleSection":["Musica","pensieri"],"inLanguage":"it-IT","potentialAction":[{"@type":"CommentAction","name":"Comment","target":["https:\/\/valeriazunino.it\/blog\/2018\/03\/08\/8-marzo\/#respond"]}]},{"@type":"WebPage","@id":"https:\/\/valeriazunino.it\/blog\/2018\/03\/08\/8-marzo\/","url":"https:\/\/valeriazunino.it\/blog\/2018\/03\/08\/8-marzo\/","name":"8 Marzo - ValeVz","isPartOf":{"@id":"https:\/\/valeriazunino.it\/blog\/#website"},"datePublished":"2018-03-08T14:24:38+00:00","dateModified":"2022-03-08T23:15:10+00:00","author":{"@id":"https:\/\/valeriazunino.it\/blog\/#\/schema\/person\/8cdafe297c88eeb291db056286b0ae2a"},"breadcrumb":{"@id":"https:\/\/valeriazunino.it\/blog\/2018\/03\/08\/8-marzo\/#breadcrumb"},"inLanguage":"it-IT","potentialAction":[{"@type":"ReadAction","target":["https:\/\/valeriazunino.it\/blog\/2018\/03\/08\/8-marzo\/"]}]},{"@type":"BreadcrumbList","@id":"https:\/\/valeriazunino.it\/blog\/2018\/03\/08\/8-marzo\/#breadcrumb","itemListElement":[{"@type":"ListItem","position":1,"name":"Home","item":"https:\/\/valeriazunino.it\/blog\/"},{"@type":"ListItem","position":2,"name":"8 Marzo"}]},{"@type":"WebSite","@id":"https:\/\/valeriazunino.it\/blog\/#website","url":"https:\/\/valeriazunino.it\/blog\/","name":"ValeVz","description":"il mio sito","potentialAction":[{"@type":"SearchAction","target":{"@type":"EntryPoint","urlTemplate":"https:\/\/valeriazunino.it\/blog\/?s={search_term_string}"},"query-input":{"@type":"PropertyValueSpecification","valueRequired":true,"valueName":"search_term_string"}}],"inLanguage":"it-IT"},{"@type":"Person","@id":"https:\/\/valeriazunino.it\/blog\/#\/schema\/person\/8cdafe297c88eeb291db056286b0ae2a","name":"Valeria","image":{"@type":"ImageObject","inLanguage":"it-IT","@id":"https:\/\/valeriazunino.it\/blog\/#\/schema\/person\/image\/","url":"https:\/\/secure.gravatar.com\/avatar\/4196ffa01e9ac5ef46888ac2c82ba7543ee2f63f9331c6e05282c2ff05645fe2?s=96&d=mm&r=g","contentUrl":"https:\/\/secure.gravatar.com\/avatar\/4196ffa01e9ac5ef46888ac2c82ba7543ee2f63f9331c6e05282c2ff05645fe2?s=96&d=mm&r=g","caption":"Valeria"}}]}},"post_mailing_queue_ids":[],"_links":{"self":[{"href":"https:\/\/valeriazunino.it\/blog\/wp-json\/wp\/v2\/posts\/2156","targetHints":{"allow":["GET"]}}],"collection":[{"href":"https:\/\/valeriazunino.it\/blog\/wp-json\/wp\/v2\/posts"}],"about":[{"href":"https:\/\/valeriazunino.it\/blog\/wp-json\/wp\/v2\/types\/post"}],"author":[{"embeddable":true,"href":"https:\/\/valeriazunino.it\/blog\/wp-json\/wp\/v2\/users\/1"}],"replies":[{"embeddable":true,"href":"https:\/\/valeriazunino.it\/blog\/wp-json\/wp\/v2\/comments?post=2156"}],"version-history":[{"count":4,"href":"https:\/\/valeriazunino.it\/blog\/wp-json\/wp\/v2\/posts\/2156\/revisions"}],"predecessor-version":[{"id":2505,"href":"https:\/\/valeriazunino.it\/blog\/wp-json\/wp\/v2\/posts\/2156\/revisions\/2505"}],"wp:attachment":[{"href":"https:\/\/valeriazunino.it\/blog\/wp-json\/wp\/v2\/media?parent=2156"}],"wp:term":[{"taxonomy":"category","embeddable":true,"href":"https:\/\/valeriazunino.it\/blog\/wp-json\/wp\/v2\/categories?post=2156"},{"taxonomy":"post_tag","embeddable":true,"href":"https:\/\/valeriazunino.it\/blog\/wp-json\/wp\/v2\/tags?post=2156"}],"curies":[{"name":"wp","href":"https:\/\/api.w.org\/{rel}","templated":true}]}}