{"id":2171,"date":"2018-03-19T15:45:07","date_gmt":"2018-03-19T14:45:07","guid":{"rendered":"https:\/\/valeriazunino.it\/blog\/?p=2171"},"modified":"2018-03-19T15:45:07","modified_gmt":"2018-03-19T14:45:07","slug":"i-colloqui-con-i-professori","status":"publish","type":"post","link":"https:\/\/valeriazunino.it\/blog\/2018\/03\/19\/i-colloqui-con-i-professori\/","title":{"rendered":"I colloqui con i Professori."},"content":{"rendered":"<p>Dopo anni ed anni di esperienza mi sento di dire che la cosa pi\u00f9 inutile , se nn addirittura deleteria , \u00e9 il colloquio con i professori&#8230; \u00a0ma proprio inutile&#8230; \u00a0salvo nn si tratti di essere messi al corrente di fattori che indichino comportamenti nn consoni al rispetto delle regole o di aspetti emotivi&#8230; ma dal punto di vista didattico che cazzo ci dobbiamo dire ? Nulla . A parte che l&#8217;atteggamento dei Professori nei confronti di noi Genitori \u00e8 l&#8217;atteggiamento nn di pari considerazione \u00a0, ma spesso non scendono dalla cattedra e ti trattano come un alunno solo cresciuto troppo &#8230; specie se il prof ha tre capelli bianchi &#8230; poi di cosa si deve parlare ? Non abbiamo gi\u00e0 i voti inequivocabili? Se vanno bene \u00e8 uno scambio di convenevoli e sdolcinati complimenti , se vanno male&#8230;. quale sar\u00e0 il motivo? \u00a0E se fosse che nn sanno spiegare la loro materia? \u00a0cosa facciamo? Noi genitori possiamo mettere in dubbio che con nostro figlio hanno un modo o un atteggiamento che li fa addormentare? Possiamo dirglielo eventualmente?? No .. \u00a0Per\u00f2, \u00a0loro possono dirci che i ns figli stanno facendo, ad esempio , troppe assenze &#8230; allora mettono in dubbio la nostra capacit\u00e0 di fare i genitori ?? perch\u00e9 se un&#8217;assenza \u00e8 giustificata da noi &#8230; \u00a0nn dovremmo parlarne esattamente come nn se ne parla della loro capacit\u00e0 a trasmettere il loro sapere nella loro materia &#8230;. o No? .. quindi, alla fine , o ingoi, o tieni testa , dicendo il tuo parere, magari x il bene .. \u00a0ma nn verr\u00e0 mai presa in senso costruttivo perch\u00e9 si metteranno, ci metteremo sempre sulle difensive x proteggere il nostro \u00a0ruolo di professori o genitori che nn deve essere messi \u00a0in discussione&#8230; giusto?? Ergo che cazzo ci andiamo a fare?? Scusate&#8230; ma nn se ne pu\u00f2 pi\u00f9&#8230;. \u00a0 ah se non ti fai vedere nn \u00e8 che limiti i danni, no, anzi \u00a0.. perch\u00e9 sei etichettato come un genitore che se ne frega e che, per forza, \u00a0allora il figlio \u00e8 cos\u00ec&#8230;. insomma nn se ne esce vivi.. \u00a0 ecco perch\u00e9 ritengo , che in ogni caso, sia che vadano bene o sia che vadano \u00a0male sia che vadano cosi, cos\u00ec&#8230;. i colloqui siano perfettamente inutili&#8230; tempo rubato a tutti!!!!<\/p>\n<p>Ah: \u00a0la matematica non sar\u00e0 il mio mestiere<\/p>\n<p><iframe loading=\"lazy\" title=\"Antonello Venditti - Notte prima degli esami\" width=\"474\" height=\"267\" src=\"https:\/\/www.youtube.com\/embed\/KwPG6HvY9PQ?feature=oembed\" frameborder=\"0\" allow=\"accelerometer; autoplay; clipboard-write; encrypted-media; gyroscope; picture-in-picture; web-share\" referrerpolicy=\"strict-origin-when-cross-origin\" allowfullscreen><\/iframe><\/p>\n","protected":false},"excerpt":{"rendered":"<p>Dopo anni ed anni di esperienza mi sento di dire che la cosa pi\u00f9 inutile , se nn addirittura deleteria , \u00e9 il colloquio con i professori&#8230; \u00a0ma proprio inutile&#8230; \u00a0salvo nn si tratti di essere messi al corrente di fattori che indichino comportamenti nn consoni al rispetto delle regole o di aspetti emotivi&#8230; ma &hellip; <a href=\"https:\/\/valeriazunino.it\/blog\/2018\/03\/19\/i-colloqui-con-i-professori\/\" class=\"more-link\">Continua la lettura di <span class=\"screen-reader-text\">I colloqui con i Professori.<\/span> <span class=\"meta-nav\">&rarr;<\/span><\/a><\/p>\n","protected":false},"author":1,"featured_media":0,"comment_status":"open","ping_status":"open","sticky":false,"template":"","format":"standard","meta":{"footnotes":""},"categories":[10,2],"tags":[11,3],"class_list":["post-2171","post","type-post","status-publish","format-standard","hentry","category-musica","category-pensieri","tag-musica","tag-pensieri"],"yoast_head":"<!-- This site is optimized with the Yoast SEO plugin v27.0 - https:\/\/yoast.com\/product\/yoast-seo-wordpress\/ -->\n<title>I colloqui con i Professori. - ValeVz<\/title>\n<meta name=\"robots\" content=\"index, follow, max-snippet:-1, max-image-preview:large, max-video-preview:-1\" \/>\n<link rel=\"canonical\" href=\"https:\/\/valeriazunino.it\/blog\/2018\/03\/19\/i-colloqui-con-i-professori\/\" \/>\n<meta property=\"og:locale\" content=\"it_IT\" \/>\n<meta property=\"og:type\" content=\"article\" \/>\n<meta property=\"og:title\" content=\"I colloqui con i Professori. - ValeVz\" \/>\n<meta property=\"og:description\" content=\"Dopo anni ed anni di esperienza mi sento di dire che la cosa pi\u00f9 inutile , se nn addirittura deleteria , \u00e9 il colloquio con i professori&#8230; \u00a0ma proprio inutile&#8230; \u00a0salvo nn si tratti di essere messi al corrente di fattori che indichino comportamenti nn consoni al rispetto delle regole o di aspetti emotivi&#8230; ma &hellip; Continua la lettura di I colloqui con i Professori. &rarr;\" \/>\n<meta property=\"og:url\" content=\"https:\/\/valeriazunino.it\/blog\/2018\/03\/19\/i-colloqui-con-i-professori\/\" \/>\n<meta property=\"og:site_name\" content=\"ValeVz\" \/>\n<meta property=\"article:publisher\" content=\"https:\/\/www.facebook.com\/valeria.zunino.7\" \/>\n<meta property=\"article:published_time\" content=\"2018-03-19T14:45:07+00:00\" \/>\n<meta name=\"author\" content=\"Valeria\" \/>\n<meta name=\"twitter:card\" content=\"summary_large_image\" \/>\n<meta name=\"twitter:creator\" content=\"@valezunin\" \/>\n<meta name=\"twitter:site\" content=\"@valezunin\" \/>\n<meta name=\"twitter:label1\" content=\"Scritto da\" \/>\n\t<meta name=\"twitter:data1\" content=\"Valeria\" \/>\n\t<meta name=\"twitter:label2\" content=\"Tempo di lettura stimato\" \/>\n\t<meta name=\"twitter:data2\" content=\"2 minuti\" \/>\n<script type=\"application\/ld+json\" class=\"yoast-schema-graph\">{\"@context\":\"https:\/\/schema.org\",\"@graph\":[{\"@type\":\"Article\",\"@id\":\"https:\/\/valeriazunino.it\/blog\/2018\/03\/19\/i-colloqui-con-i-professori\/#article\",\"isPartOf\":{\"@id\":\"https:\/\/valeriazunino.it\/blog\/2018\/03\/19\/i-colloqui-con-i-professori\/\"},\"author\":{\"name\":\"Valeria\",\"@id\":\"https:\/\/valeriazunino.it\/blog\/#\/schema\/person\/8cdafe297c88eeb291db056286b0ae2a\"},\"headline\":\"I colloqui con i Professori.\",\"datePublished\":\"2018-03-19T14:45:07+00:00\",\"mainEntityOfPage\":{\"@id\":\"https:\/\/valeriazunino.it\/blog\/2018\/03\/19\/i-colloqui-con-i-professori\/\"},\"wordCount\":372,\"commentCount\":0,\"keywords\":[\"Musica\",\"Pensieri\"],\"articleSection\":[\"Musica\",\"pensieri\"],\"inLanguage\":\"it-IT\",\"potentialAction\":[{\"@type\":\"CommentAction\",\"name\":\"Comment\",\"target\":[\"https:\/\/valeriazunino.it\/blog\/2018\/03\/19\/i-colloqui-con-i-professori\/#respond\"]}]},{\"@type\":\"WebPage\",\"@id\":\"https:\/\/valeriazunino.it\/blog\/2018\/03\/19\/i-colloqui-con-i-professori\/\",\"url\":\"https:\/\/valeriazunino.it\/blog\/2018\/03\/19\/i-colloqui-con-i-professori\/\",\"name\":\"I colloqui con i Professori. - ValeVz\",\"isPartOf\":{\"@id\":\"https:\/\/valeriazunino.it\/blog\/#website\"},\"datePublished\":\"2018-03-19T14:45:07+00:00\",\"author\":{\"@id\":\"https:\/\/valeriazunino.it\/blog\/#\/schema\/person\/8cdafe297c88eeb291db056286b0ae2a\"},\"breadcrumb\":{\"@id\":\"https:\/\/valeriazunino.it\/blog\/2018\/03\/19\/i-colloqui-con-i-professori\/#breadcrumb\"},\"inLanguage\":\"it-IT\",\"potentialAction\":[{\"@type\":\"ReadAction\",\"target\":[\"https:\/\/valeriazunino.it\/blog\/2018\/03\/19\/i-colloqui-con-i-professori\/\"]}]},{\"@type\":\"BreadcrumbList\",\"@id\":\"https:\/\/valeriazunino.it\/blog\/2018\/03\/19\/i-colloqui-con-i-professori\/#breadcrumb\",\"itemListElement\":[{\"@type\":\"ListItem\",\"position\":1,\"name\":\"Home\",\"item\":\"https:\/\/valeriazunino.it\/blog\/\"},{\"@type\":\"ListItem\",\"position\":2,\"name\":\"I colloqui con i Professori.\"}]},{\"@type\":\"WebSite\",\"@id\":\"https:\/\/valeriazunino.it\/blog\/#website\",\"url\":\"https:\/\/valeriazunino.it\/blog\/\",\"name\":\"ValeVz\",\"description\":\"il mio sito\",\"potentialAction\":[{\"@type\":\"SearchAction\",\"target\":{\"@type\":\"EntryPoint\",\"urlTemplate\":\"https:\/\/valeriazunino.it\/blog\/?s={search_term_string}\"},\"query-input\":{\"@type\":\"PropertyValueSpecification\",\"valueRequired\":true,\"valueName\":\"search_term_string\"}}],\"inLanguage\":\"it-IT\"},{\"@type\":\"Person\",\"@id\":\"https:\/\/valeriazunino.it\/blog\/#\/schema\/person\/8cdafe297c88eeb291db056286b0ae2a\",\"name\":\"Valeria\",\"image\":{\"@type\":\"ImageObject\",\"inLanguage\":\"it-IT\",\"@id\":\"https:\/\/valeriazunino.it\/blog\/#\/schema\/person\/image\/\",\"url\":\"https:\/\/secure.gravatar.com\/avatar\/4196ffa01e9ac5ef46888ac2c82ba7543ee2f63f9331c6e05282c2ff05645fe2?s=96&d=mm&r=g\",\"contentUrl\":\"https:\/\/secure.gravatar.com\/avatar\/4196ffa01e9ac5ef46888ac2c82ba7543ee2f63f9331c6e05282c2ff05645fe2?s=96&d=mm&r=g\",\"caption\":\"Valeria\"}}]}<\/script>\n<!-- \/ Yoast SEO plugin. -->","yoast_head_json":{"title":"I colloqui con i Professori. - ValeVz","robots":{"index":"index","follow":"follow","max-snippet":"max-snippet:-1","max-image-preview":"max-image-preview:large","max-video-preview":"max-video-preview:-1"},"canonical":"https:\/\/valeriazunino.it\/blog\/2018\/03\/19\/i-colloqui-con-i-professori\/","og_locale":"it_IT","og_type":"article","og_title":"I colloqui con i Professori. - ValeVz","og_description":"Dopo anni ed anni di esperienza mi sento di dire che la cosa pi\u00f9 inutile , se nn addirittura deleteria , \u00e9 il colloquio con i professori&#8230; \u00a0ma proprio inutile&#8230; \u00a0salvo nn si tratti di essere messi al corrente di fattori che indichino comportamenti nn consoni al rispetto delle regole o di aspetti emotivi&#8230; ma &hellip; Continua la lettura di I colloqui con i Professori. &rarr;","og_url":"https:\/\/valeriazunino.it\/blog\/2018\/03\/19\/i-colloqui-con-i-professori\/","og_site_name":"ValeVz","article_publisher":"https:\/\/www.facebook.com\/valeria.zunino.7","article_published_time":"2018-03-19T14:45:07+00:00","author":"Valeria","twitter_card":"summary_large_image","twitter_creator":"@valezunin","twitter_site":"@valezunin","twitter_misc":{"Scritto da":"Valeria","Tempo di lettura stimato":"2 minuti"},"schema":{"@context":"https:\/\/schema.org","@graph":[{"@type":"Article","@id":"https:\/\/valeriazunino.it\/blog\/2018\/03\/19\/i-colloqui-con-i-professori\/#article","isPartOf":{"@id":"https:\/\/valeriazunino.it\/blog\/2018\/03\/19\/i-colloqui-con-i-professori\/"},"author":{"name":"Valeria","@id":"https:\/\/valeriazunino.it\/blog\/#\/schema\/person\/8cdafe297c88eeb291db056286b0ae2a"},"headline":"I colloqui con i Professori.","datePublished":"2018-03-19T14:45:07+00:00","mainEntityOfPage":{"@id":"https:\/\/valeriazunino.it\/blog\/2018\/03\/19\/i-colloqui-con-i-professori\/"},"wordCount":372,"commentCount":0,"keywords":["Musica","Pensieri"],"articleSection":["Musica","pensieri"],"inLanguage":"it-IT","potentialAction":[{"@type":"CommentAction","name":"Comment","target":["https:\/\/valeriazunino.it\/blog\/2018\/03\/19\/i-colloqui-con-i-professori\/#respond"]}]},{"@type":"WebPage","@id":"https:\/\/valeriazunino.it\/blog\/2018\/03\/19\/i-colloqui-con-i-professori\/","url":"https:\/\/valeriazunino.it\/blog\/2018\/03\/19\/i-colloqui-con-i-professori\/","name":"I colloqui con i Professori. - ValeVz","isPartOf":{"@id":"https:\/\/valeriazunino.it\/blog\/#website"},"datePublished":"2018-03-19T14:45:07+00:00","author":{"@id":"https:\/\/valeriazunino.it\/blog\/#\/schema\/person\/8cdafe297c88eeb291db056286b0ae2a"},"breadcrumb":{"@id":"https:\/\/valeriazunino.it\/blog\/2018\/03\/19\/i-colloqui-con-i-professori\/#breadcrumb"},"inLanguage":"it-IT","potentialAction":[{"@type":"ReadAction","target":["https:\/\/valeriazunino.it\/blog\/2018\/03\/19\/i-colloqui-con-i-professori\/"]}]},{"@type":"BreadcrumbList","@id":"https:\/\/valeriazunino.it\/blog\/2018\/03\/19\/i-colloqui-con-i-professori\/#breadcrumb","itemListElement":[{"@type":"ListItem","position":1,"name":"Home","item":"https:\/\/valeriazunino.it\/blog\/"},{"@type":"ListItem","position":2,"name":"I colloqui con i Professori."}]},{"@type":"WebSite","@id":"https:\/\/valeriazunino.it\/blog\/#website","url":"https:\/\/valeriazunino.it\/blog\/","name":"ValeVz","description":"il mio sito","potentialAction":[{"@type":"SearchAction","target":{"@type":"EntryPoint","urlTemplate":"https:\/\/valeriazunino.it\/blog\/?s={search_term_string}"},"query-input":{"@type":"PropertyValueSpecification","valueRequired":true,"valueName":"search_term_string"}}],"inLanguage":"it-IT"},{"@type":"Person","@id":"https:\/\/valeriazunino.it\/blog\/#\/schema\/person\/8cdafe297c88eeb291db056286b0ae2a","name":"Valeria","image":{"@type":"ImageObject","inLanguage":"it-IT","@id":"https:\/\/valeriazunino.it\/blog\/#\/schema\/person\/image\/","url":"https:\/\/secure.gravatar.com\/avatar\/4196ffa01e9ac5ef46888ac2c82ba7543ee2f63f9331c6e05282c2ff05645fe2?s=96&d=mm&r=g","contentUrl":"https:\/\/secure.gravatar.com\/avatar\/4196ffa01e9ac5ef46888ac2c82ba7543ee2f63f9331c6e05282c2ff05645fe2?s=96&d=mm&r=g","caption":"Valeria"}}]}},"post_mailing_queue_ids":[],"_links":{"self":[{"href":"https:\/\/valeriazunino.it\/blog\/wp-json\/wp\/v2\/posts\/2171","targetHints":{"allow":["GET"]}}],"collection":[{"href":"https:\/\/valeriazunino.it\/blog\/wp-json\/wp\/v2\/posts"}],"about":[{"href":"https:\/\/valeriazunino.it\/blog\/wp-json\/wp\/v2\/types\/post"}],"author":[{"embeddable":true,"href":"https:\/\/valeriazunino.it\/blog\/wp-json\/wp\/v2\/users\/1"}],"replies":[{"embeddable":true,"href":"https:\/\/valeriazunino.it\/blog\/wp-json\/wp\/v2\/comments?post=2171"}],"version-history":[{"count":4,"href":"https:\/\/valeriazunino.it\/blog\/wp-json\/wp\/v2\/posts\/2171\/revisions"}],"predecessor-version":[{"id":2175,"href":"https:\/\/valeriazunino.it\/blog\/wp-json\/wp\/v2\/posts\/2171\/revisions\/2175"}],"wp:attachment":[{"href":"https:\/\/valeriazunino.it\/blog\/wp-json\/wp\/v2\/media?parent=2171"}],"wp:term":[{"taxonomy":"category","embeddable":true,"href":"https:\/\/valeriazunino.it\/blog\/wp-json\/wp\/v2\/categories?post=2171"},{"taxonomy":"post_tag","embeddable":true,"href":"https:\/\/valeriazunino.it\/blog\/wp-json\/wp\/v2\/tags?post=2171"}],"curies":[{"name":"wp","href":"https:\/\/api.w.org\/{rel}","templated":true}]}}