{"id":2210,"date":"2018-04-17T21:41:06","date_gmt":"2018-04-17T19:41:06","guid":{"rendered":"https:\/\/valeriazunino.it\/blog\/?p=2210"},"modified":"2018-04-17T21:49:28","modified_gmt":"2018-04-17T19:49:28","slug":"2210","status":"publish","type":"post","link":"https:\/\/valeriazunino.it\/blog\/2018\/04\/17\/2210\/","title":{"rendered":"Scende la notte e sono stanco"},"content":{"rendered":"<p>&#8220;<em><strong>Scende la notte<\/strong><\/em><br \/>\n<em><strong>Quando mi guardo nello specchio e sono stanco<\/strong><\/em><br \/>\n<em><strong>E il sangue mi ribolle addosso quando piango<\/strong><\/em><br \/>\n<em><strong>O scorro foto solo per passare il tempo e sono stanco&#8221;&#8230;&#8230;<\/strong><\/em><\/p>\n<p><em><strong>&#8220;Ma il cuore mio lo so<\/strong><\/em><br \/>\n<em><strong>\u00c8 solo una puttana<\/strong><\/em><br \/>\n<em><strong>E la mia testa fragile come la porcellana<\/strong><\/em><br \/>\n<em><strong>Che non scende mai per strada<\/strong><\/em><br \/>\n<em><strong>E vive dei suoi sogni<\/strong><\/em><br \/>\n<em><strong>Che sono buchi neri e ci sprofondi&#8221;&#8230;.<\/strong><\/em><\/p>\n<p><em><strong>..&#8221;Scende la notte<\/strong><\/em><br \/>\n<em><strong>Quando regalo a sconosciuti il mio passato<\/strong><\/em><br \/>\n<em><strong>E metto il naso rosso e faccio lo spassoso<\/strong><\/em><br \/>\n<em><strong>Di colpo cado nell&#8217;ovatta accartocciato e resto muto&#8221;&#8230;<\/strong><\/em><\/p>\n<p>Alcune parti del testo della nuovissima canzone di Noemi &#8230;.. quanto mi piace&#8230; \u00a0alcune parole me le sento cucite addosso! \u00a0&#8220;Sono stanco&#8221; \u00a0anch io sono stanca ma tanto .. \u00a0i motivi non si possono ovviamente dire .. ma che \u00a0cosa stanca ? a pensarci bene? Ci stanca la resistenza che opponiamo alle cose che ci capitano e che nn vorremmo o vorremmo diverse.. e&#8217; la lotta continua che ci stanca, la sedimentazione di fatti e comportamenti che nn ci aggradano e che subiamo \u00a0perch\u00e9 nn \u00a0si sa dare un freno, uno stop .. \u00e8 li&#8217; \u00a0che si bruciano le energie &#8230;.. il non saper lasciare fluire, andare, la voglia di controllo su tutto ci stanca da morire \u00a0&#8230;. l&#8217;incapacit\u00e0 di amarci veramente e per prima cosa al mondo. \u00a0 Questo ci stanca &#8230; eppur capendolo e avendone una certa consapevolezza&#8230; nn si riesce ancora ad agire e pensare di conseguenza&#8230;. \u00a0ma , con impegno e volont\u00e0, sono certa che ci si riuscir\u00e0&#8230; e intanto il tempo passa.. mannaggia e passa e va&#8230; \u00a0 \u00a0 e quante volte mi sono sentita fragile come una porcellana&#8230; \u00a0anzi mi considero proprio una porcellana caduta rovinosamente, rotta in mille pezzi e riincollati con la colla .. piena di venature &#8230; i giapponesi dicono che le porcellane rotte \u00a0siano pi\u00f9 pregiate , \u00a0vengono riparate e \u00a0messe insieme con l&#8217;oro, \u00a0dicono che abbiamo \u00a0il fascino di \u00a0avere una storia \u00a0.. io nn so se siano pi\u00f9 belle, piu&#8217; particolari o meno , so solo che sono pi\u00f9 fragili , questo \u00e8 certo &#8230; e&#8217; pi\u00f9 difficile cadere \u00a0nuovamente, forse, \u00a0 , perch\u00e9 si e&#8217; imparato a stare maggiormente \u00a0in equilibrio , ma se dovesse succedere , se si dovesse cadere , ci saranno mille punti di frattura pronti a cedere e a far frantumare tutto di nuovo &#8230; \u00a0seratina no&#8230;. direi stasera .. \u00a0va beh capita &#8230; domani sar\u00e0 meglio &#8230; sicuro !!&#8230;.<\/p>\n<p>&nbsp;<\/p>\n<p>&nbsp;<\/p>\n<p>&nbsp;<\/p>\n<p><iframe loading=\"lazy\" title=\"Noemi - Porcellana\" width=\"474\" height=\"356\" src=\"https:\/\/www.youtube.com\/embed\/kvQPiPZgmvA?feature=oembed\" frameborder=\"0\" allow=\"accelerometer; autoplay; clipboard-write; encrypted-media; gyroscope; picture-in-picture; web-share\" referrerpolicy=\"strict-origin-when-cross-origin\" allowfullscreen><\/iframe><\/p>\n<p>&nbsp;<\/p>\n","protected":false},"excerpt":{"rendered":"<p>&#8220;Scende la notte Quando mi guardo nello specchio e sono stanco E il sangue mi ribolle addosso quando piango O scorro foto solo per passare il tempo e sono stanco&#8221;&#8230;&#8230; &#8220;Ma il cuore mio lo so \u00c8 solo una puttana E la mia testa fragile come la porcellana Che non scende mai per strada E &hellip; <a href=\"https:\/\/valeriazunino.it\/blog\/2018\/04\/17\/2210\/\" class=\"more-link\">Continua la lettura di <span class=\"screen-reader-text\">Scende la notte e sono stanco<\/span> <span class=\"meta-nav\">&rarr;<\/span><\/a><\/p>\n","protected":false},"author":1,"featured_media":0,"comment_status":"open","ping_status":"open","sticky":false,"template":"","format":"standard","meta":{"footnotes":""},"categories":[10,2],"tags":[11,3],"class_list":["post-2210","post","type-post","status-publish","format-standard","hentry","category-musica","category-pensieri","tag-musica","tag-pensieri"],"yoast_head":"<!-- This site is optimized with the Yoast SEO plugin v27.0 - https:\/\/yoast.com\/product\/yoast-seo-wordpress\/ -->\n<title>Scende la notte e sono stanco - ValeVz<\/title>\n<meta name=\"robots\" content=\"index, follow, max-snippet:-1, max-image-preview:large, max-video-preview:-1\" \/>\n<link rel=\"canonical\" href=\"https:\/\/valeriazunino.it\/blog\/2018\/04\/17\/2210\/\" \/>\n<meta property=\"og:locale\" content=\"it_IT\" \/>\n<meta property=\"og:type\" content=\"article\" \/>\n<meta property=\"og:title\" content=\"Scende la notte e sono stanco - ValeVz\" \/>\n<meta property=\"og:description\" content=\"&#8220;Scende la notte Quando mi guardo nello specchio e sono stanco E il sangue mi ribolle addosso quando piango O scorro foto solo per passare il tempo e sono stanco&#8221;&#8230;&#8230; &#8220;Ma il cuore mio lo so \u00c8 solo una puttana E la mia testa fragile come la porcellana Che non scende mai per strada E &hellip; Continua la lettura di Scende la notte e sono stanco &rarr;\" \/>\n<meta property=\"og:url\" content=\"https:\/\/valeriazunino.it\/blog\/2018\/04\/17\/2210\/\" \/>\n<meta property=\"og:site_name\" content=\"ValeVz\" \/>\n<meta property=\"article:publisher\" content=\"https:\/\/www.facebook.com\/valeria.zunino.7\" \/>\n<meta property=\"article:published_time\" content=\"2018-04-17T19:41:06+00:00\" \/>\n<meta property=\"article:modified_time\" content=\"2018-04-17T19:49:28+00:00\" \/>\n<meta name=\"author\" content=\"Valeria\" \/>\n<meta name=\"twitter:card\" content=\"summary_large_image\" \/>\n<meta name=\"twitter:creator\" content=\"@valezunin\" \/>\n<meta name=\"twitter:site\" content=\"@valezunin\" \/>\n<meta name=\"twitter:label1\" content=\"Scritto da\" \/>\n\t<meta name=\"twitter:data1\" content=\"Valeria\" \/>\n\t<meta name=\"twitter:label2\" content=\"Tempo di lettura stimato\" \/>\n\t<meta name=\"twitter:data2\" content=\"2 minuti\" \/>\n<script type=\"application\/ld+json\" class=\"yoast-schema-graph\">{\"@context\":\"https:\/\/schema.org\",\"@graph\":[{\"@type\":\"Article\",\"@id\":\"https:\/\/valeriazunino.it\/blog\/2018\/04\/17\/2210\/#article\",\"isPartOf\":{\"@id\":\"https:\/\/valeriazunino.it\/blog\/2018\/04\/17\/2210\/\"},\"author\":{\"name\":\"Valeria\",\"@id\":\"https:\/\/valeriazunino.it\/blog\/#\/schema\/person\/8cdafe297c88eeb291db056286b0ae2a\"},\"headline\":\"Scende la notte e sono stanco\",\"datePublished\":\"2018-04-17T19:41:06+00:00\",\"dateModified\":\"2018-04-17T19:49:28+00:00\",\"mainEntityOfPage\":{\"@id\":\"https:\/\/valeriazunino.it\/blog\/2018\/04\/17\/2210\/\"},\"wordCount\":401,\"commentCount\":0,\"keywords\":[\"Musica\",\"Pensieri\"],\"articleSection\":[\"Musica\",\"pensieri\"],\"inLanguage\":\"it-IT\",\"potentialAction\":[{\"@type\":\"CommentAction\",\"name\":\"Comment\",\"target\":[\"https:\/\/valeriazunino.it\/blog\/2018\/04\/17\/2210\/#respond\"]}]},{\"@type\":\"WebPage\",\"@id\":\"https:\/\/valeriazunino.it\/blog\/2018\/04\/17\/2210\/\",\"url\":\"https:\/\/valeriazunino.it\/blog\/2018\/04\/17\/2210\/\",\"name\":\"Scende la notte e sono stanco - ValeVz\",\"isPartOf\":{\"@id\":\"https:\/\/valeriazunino.it\/blog\/#website\"},\"datePublished\":\"2018-04-17T19:41:06+00:00\",\"dateModified\":\"2018-04-17T19:49:28+00:00\",\"author\":{\"@id\":\"https:\/\/valeriazunino.it\/blog\/#\/schema\/person\/8cdafe297c88eeb291db056286b0ae2a\"},\"breadcrumb\":{\"@id\":\"https:\/\/valeriazunino.it\/blog\/2018\/04\/17\/2210\/#breadcrumb\"},\"inLanguage\":\"it-IT\",\"potentialAction\":[{\"@type\":\"ReadAction\",\"target\":[\"https:\/\/valeriazunino.it\/blog\/2018\/04\/17\/2210\/\"]}]},{\"@type\":\"BreadcrumbList\",\"@id\":\"https:\/\/valeriazunino.it\/blog\/2018\/04\/17\/2210\/#breadcrumb\",\"itemListElement\":[{\"@type\":\"ListItem\",\"position\":1,\"name\":\"Home\",\"item\":\"https:\/\/valeriazunino.it\/blog\/\"},{\"@type\":\"ListItem\",\"position\":2,\"name\":\"Scende la notte e sono stanco\"}]},{\"@type\":\"WebSite\",\"@id\":\"https:\/\/valeriazunino.it\/blog\/#website\",\"url\":\"https:\/\/valeriazunino.it\/blog\/\",\"name\":\"ValeVz\",\"description\":\"il mio sito\",\"potentialAction\":[{\"@type\":\"SearchAction\",\"target\":{\"@type\":\"EntryPoint\",\"urlTemplate\":\"https:\/\/valeriazunino.it\/blog\/?s={search_term_string}\"},\"query-input\":{\"@type\":\"PropertyValueSpecification\",\"valueRequired\":true,\"valueName\":\"search_term_string\"}}],\"inLanguage\":\"it-IT\"},{\"@type\":\"Person\",\"@id\":\"https:\/\/valeriazunino.it\/blog\/#\/schema\/person\/8cdafe297c88eeb291db056286b0ae2a\",\"name\":\"Valeria\",\"image\":{\"@type\":\"ImageObject\",\"inLanguage\":\"it-IT\",\"@id\":\"https:\/\/valeriazunino.it\/blog\/#\/schema\/person\/image\/\",\"url\":\"https:\/\/secure.gravatar.com\/avatar\/4196ffa01e9ac5ef46888ac2c82ba7543ee2f63f9331c6e05282c2ff05645fe2?s=96&d=mm&r=g\",\"contentUrl\":\"https:\/\/secure.gravatar.com\/avatar\/4196ffa01e9ac5ef46888ac2c82ba7543ee2f63f9331c6e05282c2ff05645fe2?s=96&d=mm&r=g\",\"caption\":\"Valeria\"}}]}<\/script>\n<!-- \/ Yoast SEO plugin. -->","yoast_head_json":{"title":"Scende la notte e sono stanco - ValeVz","robots":{"index":"index","follow":"follow","max-snippet":"max-snippet:-1","max-image-preview":"max-image-preview:large","max-video-preview":"max-video-preview:-1"},"canonical":"https:\/\/valeriazunino.it\/blog\/2018\/04\/17\/2210\/","og_locale":"it_IT","og_type":"article","og_title":"Scende la notte e sono stanco - ValeVz","og_description":"&#8220;Scende la notte Quando mi guardo nello specchio e sono stanco E il sangue mi ribolle addosso quando piango O scorro foto solo per passare il tempo e sono stanco&#8221;&#8230;&#8230; &#8220;Ma il cuore mio lo so \u00c8 solo una puttana E la mia testa fragile come la porcellana Che non scende mai per strada E &hellip; Continua la lettura di Scende la notte e sono stanco &rarr;","og_url":"https:\/\/valeriazunino.it\/blog\/2018\/04\/17\/2210\/","og_site_name":"ValeVz","article_publisher":"https:\/\/www.facebook.com\/valeria.zunino.7","article_published_time":"2018-04-17T19:41:06+00:00","article_modified_time":"2018-04-17T19:49:28+00:00","author":"Valeria","twitter_card":"summary_large_image","twitter_creator":"@valezunin","twitter_site":"@valezunin","twitter_misc":{"Scritto da":"Valeria","Tempo di lettura stimato":"2 minuti"},"schema":{"@context":"https:\/\/schema.org","@graph":[{"@type":"Article","@id":"https:\/\/valeriazunino.it\/blog\/2018\/04\/17\/2210\/#article","isPartOf":{"@id":"https:\/\/valeriazunino.it\/blog\/2018\/04\/17\/2210\/"},"author":{"name":"Valeria","@id":"https:\/\/valeriazunino.it\/blog\/#\/schema\/person\/8cdafe297c88eeb291db056286b0ae2a"},"headline":"Scende la notte e sono stanco","datePublished":"2018-04-17T19:41:06+00:00","dateModified":"2018-04-17T19:49:28+00:00","mainEntityOfPage":{"@id":"https:\/\/valeriazunino.it\/blog\/2018\/04\/17\/2210\/"},"wordCount":401,"commentCount":0,"keywords":["Musica","Pensieri"],"articleSection":["Musica","pensieri"],"inLanguage":"it-IT","potentialAction":[{"@type":"CommentAction","name":"Comment","target":["https:\/\/valeriazunino.it\/blog\/2018\/04\/17\/2210\/#respond"]}]},{"@type":"WebPage","@id":"https:\/\/valeriazunino.it\/blog\/2018\/04\/17\/2210\/","url":"https:\/\/valeriazunino.it\/blog\/2018\/04\/17\/2210\/","name":"Scende la notte e sono stanco - ValeVz","isPartOf":{"@id":"https:\/\/valeriazunino.it\/blog\/#website"},"datePublished":"2018-04-17T19:41:06+00:00","dateModified":"2018-04-17T19:49:28+00:00","author":{"@id":"https:\/\/valeriazunino.it\/blog\/#\/schema\/person\/8cdafe297c88eeb291db056286b0ae2a"},"breadcrumb":{"@id":"https:\/\/valeriazunino.it\/blog\/2018\/04\/17\/2210\/#breadcrumb"},"inLanguage":"it-IT","potentialAction":[{"@type":"ReadAction","target":["https:\/\/valeriazunino.it\/blog\/2018\/04\/17\/2210\/"]}]},{"@type":"BreadcrumbList","@id":"https:\/\/valeriazunino.it\/blog\/2018\/04\/17\/2210\/#breadcrumb","itemListElement":[{"@type":"ListItem","position":1,"name":"Home","item":"https:\/\/valeriazunino.it\/blog\/"},{"@type":"ListItem","position":2,"name":"Scende la notte e sono stanco"}]},{"@type":"WebSite","@id":"https:\/\/valeriazunino.it\/blog\/#website","url":"https:\/\/valeriazunino.it\/blog\/","name":"ValeVz","description":"il mio sito","potentialAction":[{"@type":"SearchAction","target":{"@type":"EntryPoint","urlTemplate":"https:\/\/valeriazunino.it\/blog\/?s={search_term_string}"},"query-input":{"@type":"PropertyValueSpecification","valueRequired":true,"valueName":"search_term_string"}}],"inLanguage":"it-IT"},{"@type":"Person","@id":"https:\/\/valeriazunino.it\/blog\/#\/schema\/person\/8cdafe297c88eeb291db056286b0ae2a","name":"Valeria","image":{"@type":"ImageObject","inLanguage":"it-IT","@id":"https:\/\/valeriazunino.it\/blog\/#\/schema\/person\/image\/","url":"https:\/\/secure.gravatar.com\/avatar\/4196ffa01e9ac5ef46888ac2c82ba7543ee2f63f9331c6e05282c2ff05645fe2?s=96&d=mm&r=g","contentUrl":"https:\/\/secure.gravatar.com\/avatar\/4196ffa01e9ac5ef46888ac2c82ba7543ee2f63f9331c6e05282c2ff05645fe2?s=96&d=mm&r=g","caption":"Valeria"}}]}},"post_mailing_queue_ids":[],"_links":{"self":[{"href":"https:\/\/valeriazunino.it\/blog\/wp-json\/wp\/v2\/posts\/2210","targetHints":{"allow":["GET"]}}],"collection":[{"href":"https:\/\/valeriazunino.it\/blog\/wp-json\/wp\/v2\/posts"}],"about":[{"href":"https:\/\/valeriazunino.it\/blog\/wp-json\/wp\/v2\/types\/post"}],"author":[{"embeddable":true,"href":"https:\/\/valeriazunino.it\/blog\/wp-json\/wp\/v2\/users\/1"}],"replies":[{"embeddable":true,"href":"https:\/\/valeriazunino.it\/blog\/wp-json\/wp\/v2\/comments?post=2210"}],"version-history":[{"count":4,"href":"https:\/\/valeriazunino.it\/blog\/wp-json\/wp\/v2\/posts\/2210\/revisions"}],"predecessor-version":[{"id":2215,"href":"https:\/\/valeriazunino.it\/blog\/wp-json\/wp\/v2\/posts\/2210\/revisions\/2215"}],"wp:attachment":[{"href":"https:\/\/valeriazunino.it\/blog\/wp-json\/wp\/v2\/media?parent=2210"}],"wp:term":[{"taxonomy":"category","embeddable":true,"href":"https:\/\/valeriazunino.it\/blog\/wp-json\/wp\/v2\/categories?post=2210"},{"taxonomy":"post_tag","embeddable":true,"href":"https:\/\/valeriazunino.it\/blog\/wp-json\/wp\/v2\/tags?post=2210"}],"curies":[{"name":"wp","href":"https:\/\/api.w.org\/{rel}","templated":true}]}}