{"id":2241,"date":"2018-06-20T03:11:58","date_gmt":"2018-06-20T01:11:58","guid":{"rendered":"https:\/\/valeriazunino.it\/blog\/?p=2241"},"modified":"2018-06-20T03:27:22","modified_gmt":"2018-06-20T01:27:22","slug":"notte-prima-degli-esami","status":"publish","type":"post","link":"https:\/\/valeriazunino.it\/blog\/2018\/06\/20\/notte-prima-degli-esami\/","title":{"rendered":"Notte prima degli esami"},"content":{"rendered":"<p>Titolo banale , Facebook impazza con frasi del genere , con la famosa canzone di Venditti che ha fatto da colonna sonora anche ad un altrettanto famoso omonimo \u00a0film \u00a0dove sempre di Maturit\u00e0 si parla &#8230; poi, x chi come me , ha vissuto nel pieno degli anni 80 la propria giovinezza, \u00a0questa canzone \u00e9 proprio stampata nel cuore.. come Cuore era il titolo del 33 giri che la conteneva.. eh gi\u00e0 stanotte \u00e8 una notte prima degli esami.. quelli di mio figlio che sta x confrontarsi con il primo importante esame scolastico , quello conclusivo una serie di studi importanti , che lo hanno portato a quello che \u00e8 oggi e a quello che sar\u00e0 domani . Il motivo per cui mi ritrovo a scrivere insonne alle 2 e 24 del mattino nn \u00e8 l&#8217;agitazione o i pensieri preoccupati x ci\u00f2 che sar\u00e0 domani.. no ! Pi\u00f9 banalmente mi ha svegliata il ronzio e le ripetute pizzicate di una bastarda zanzara che ha deciso di succhiarmi il sangue come se nn ci fosse un domani.. .. e tra cialacche e vani tentativi di ucciderla sono qui a pensare e scrivere ..eh s\u00ec perch\u00e9 era un peccato nn soffermarmi e dedicare un pensiero a quella che sar\u00e0 la giornata di domani.. giornata che poi verr\u00e0 archiviata come una tra le pi\u00f9 temute e cariche d&#8217;aspettativa e ansia della sua vita. \u00a0 \u00a0Un pensiero va alla mia notte prima degli esami che ricordo avevo vissuto con grande paura &#8230; agitazione , consapevole \u00a0pi\u00f9 delle lacune che nn del sapere e delle capacit\u00e0.che avevo e in cui nn ho mai creduto del tutto (peccato), a quelle sigarette fumate di nascosto , nel pieno della notte , sul poggiolo in una calda notte di prima estate , ricordo ancora il sapore, il lumicino che illuminava il viso , il potere calmante che esercitavano sulla mia mente stressata &#8230; \u00a0 quanto mi piaceva fumare , che compagnia che mi faceva fumare .. Nn rinnego assolutamente \u00a0quelle malsane sigarette che hanno accompagnato tanti bei e brutti ( s\u00ec fa x dire ..perch\u00e9 di brutto , brutto allora nn c era un bel niente se nn la sensazione errata di avere dei problemi che problemi non erano) momenti di ragazza e poi giovane donna . Stanotte mi fa venire anche in mente la notte prima che Edo nascesse .. lui \u00e8 nato il 21 giugno ed \u00e8 da allora che so che avrebbe speso un suo compleanno ad affrontare \u00a0&#8216;sta \u00a0Maturit\u00e0 e quel compleanno \u00e8 questo prossimo . Come passa il tempo &#8230; inutile dirlo .. lo sappiamo tutti &#8230; sembrava impossibile, sembrava lontano .. e , invece, in un battito d&#8221;ali eccoci qui , alla sua maturit\u00e0&#8230;. sembra ieri che la notte tra il 20 e il 21 mi ritrovavo mamma d&#8217;emblee &#8216; \u00a0senza averne coscienza piena , dubbiosa su ci\u00f2 che sarei stata in grado di fare e di essere e poi tutto \u00e8 venuto abbastanza naturale &#8230; Nn ho detto facile.. ma naturale .. \u00a0 per fortuna .. auguro a mio figlio di credere in se&#8217; stesso pi\u00f9 di quanto abbia mai fatto io , di impegnarsi e trovare una strada che lo riempia di orgoglio e sempre voglia di fare e di migliorarsi, di vivere una vita piena senza ansia di arrivare \u00a0, senza bruciare le tappe ma godendosi ogni singolo attimo della sua giovinezza dedicando del tempo anche allo svago e alla coltivazione di relazioni , di amici che sono il sale della vita, un bene prezioso a cui , nonostante le eventuali delusioni, vanno dedicate tempo e risorse . Lo dico davvero, io l ho capito pi\u00f9 da grande.. perch\u00e9 ho avuto la &#8220;sfiga &#8221; di avere un&#8217;amica x un botto di anni veramente incapace di amare e di esserci come un&#8217;amica dovrebbe fare e , quindi, per un bel po &#8216; di anni nn ho dato molto spazio ad altre persone, nn credendo pi\u00f9 di tanto all&#8217; amicizia come valore da curare .. va beh passando di palo in frasca , non aggiungo altro in questa \u00a0Notte Prima degli Esami &#8230; che ricorder\u00f2 non per l&#8217;ansia o la paura o l&#8217;agitazione di ragazza , ma per la serenit\u00e0, la voglia di vivere, di godere della vita che forse solo certe esperienze e certa \u00a0et\u00e0 ti possono fare assaporare.. \u00a0ora come mai . \u00a0Buona Notte Prima degli Esami a tutti .<\/p>\n<p><iframe loading=\"lazy\" title=\"Antonello Venditti - Notte prima degli esami\" width=\"474\" height=\"267\" src=\"https:\/\/www.youtube.com\/embed\/KwPG6HvY9PQ?feature=oembed\" frameborder=\"0\" allow=\"accelerometer; autoplay; clipboard-write; encrypted-media; gyroscope; picture-in-picture; web-share\" referrerpolicy=\"strict-origin-when-cross-origin\" allowfullscreen><\/iframe><\/p>\n<p>&nbsp;<\/p>\n<p>&nbsp;<\/p>\n","protected":false},"excerpt":{"rendered":"<p>Titolo banale , Facebook impazza con frasi del genere , con la famosa canzone di Venditti che ha fatto da colonna sonora anche ad un altrettanto famoso omonimo \u00a0film \u00a0dove sempre di Maturit\u00e0 si parla &#8230; poi, x chi come me , ha vissuto nel pieno degli anni 80 la propria giovinezza, \u00a0questa canzone \u00e9 &hellip; <a href=\"https:\/\/valeriazunino.it\/blog\/2018\/06\/20\/notte-prima-degli-esami\/\" class=\"more-link\">Continua la lettura di <span class=\"screen-reader-text\">Notte prima degli esami<\/span> <span class=\"meta-nav\">&rarr;<\/span><\/a><\/p>\n","protected":false},"author":1,"featured_media":0,"comment_status":"open","ping_status":"open","sticky":false,"template":"","format":"standard","meta":{"footnotes":""},"categories":[10,2],"tags":[11,3],"class_list":["post-2241","post","type-post","status-publish","format-standard","hentry","category-musica","category-pensieri","tag-musica","tag-pensieri"],"yoast_head":"<!-- This site is optimized with the Yoast SEO plugin v27.0 - https:\/\/yoast.com\/product\/yoast-seo-wordpress\/ -->\n<title>Notte prima degli esami - ValeVz<\/title>\n<meta name=\"robots\" content=\"index, follow, max-snippet:-1, max-image-preview:large, max-video-preview:-1\" \/>\n<link rel=\"canonical\" href=\"https:\/\/valeriazunino.it\/blog\/2018\/06\/20\/notte-prima-degli-esami\/\" \/>\n<meta property=\"og:locale\" content=\"it_IT\" \/>\n<meta property=\"og:type\" content=\"article\" \/>\n<meta property=\"og:title\" content=\"Notte prima degli esami - ValeVz\" \/>\n<meta property=\"og:description\" content=\"Titolo banale , Facebook impazza con frasi del genere , con la famosa canzone di Venditti che ha fatto da colonna sonora anche ad un altrettanto famoso omonimo \u00a0film \u00a0dove sempre di Maturit\u00e0 si parla &#8230; poi, x chi come me , ha vissuto nel pieno degli anni 80 la propria giovinezza, \u00a0questa canzone \u00e9 &hellip; Continua la lettura di Notte prima degli esami &rarr;\" \/>\n<meta property=\"og:url\" content=\"https:\/\/valeriazunino.it\/blog\/2018\/06\/20\/notte-prima-degli-esami\/\" \/>\n<meta property=\"og:site_name\" content=\"ValeVz\" \/>\n<meta property=\"article:publisher\" content=\"https:\/\/www.facebook.com\/valeria.zunino.7\" \/>\n<meta property=\"article:published_time\" content=\"2018-06-20T01:11:58+00:00\" \/>\n<meta property=\"article:modified_time\" content=\"2018-06-20T01:27:22+00:00\" \/>\n<meta name=\"author\" content=\"Valeria\" \/>\n<meta name=\"twitter:card\" content=\"summary_large_image\" \/>\n<meta name=\"twitter:creator\" content=\"@valezunin\" \/>\n<meta name=\"twitter:site\" content=\"@valezunin\" \/>\n<meta name=\"twitter:label1\" content=\"Scritto da\" \/>\n\t<meta name=\"twitter:data1\" content=\"Valeria\" \/>\n\t<meta name=\"twitter:label2\" content=\"Tempo di lettura stimato\" \/>\n\t<meta name=\"twitter:data2\" content=\"3 minuti\" \/>\n<script type=\"application\/ld+json\" class=\"yoast-schema-graph\">{\"@context\":\"https:\/\/schema.org\",\"@graph\":[{\"@type\":\"Article\",\"@id\":\"https:\/\/valeriazunino.it\/blog\/2018\/06\/20\/notte-prima-degli-esami\/#article\",\"isPartOf\":{\"@id\":\"https:\/\/valeriazunino.it\/blog\/2018\/06\/20\/notte-prima-degli-esami\/\"},\"author\":{\"name\":\"Valeria\",\"@id\":\"https:\/\/valeriazunino.it\/blog\/#\/schema\/person\/8cdafe297c88eeb291db056286b0ae2a\"},\"headline\":\"Notte prima degli esami\",\"datePublished\":\"2018-06-20T01:11:58+00:00\",\"dateModified\":\"2018-06-20T01:27:22+00:00\",\"mainEntityOfPage\":{\"@id\":\"https:\/\/valeriazunino.it\/blog\/2018\/06\/20\/notte-prima-degli-esami\/\"},\"wordCount\":686,\"commentCount\":0,\"keywords\":[\"Musica\",\"Pensieri\"],\"articleSection\":[\"Musica\",\"pensieri\"],\"inLanguage\":\"it-IT\",\"potentialAction\":[{\"@type\":\"CommentAction\",\"name\":\"Comment\",\"target\":[\"https:\/\/valeriazunino.it\/blog\/2018\/06\/20\/notte-prima-degli-esami\/#respond\"]}]},{\"@type\":\"WebPage\",\"@id\":\"https:\/\/valeriazunino.it\/blog\/2018\/06\/20\/notte-prima-degli-esami\/\",\"url\":\"https:\/\/valeriazunino.it\/blog\/2018\/06\/20\/notte-prima-degli-esami\/\",\"name\":\"Notte prima degli esami - ValeVz\",\"isPartOf\":{\"@id\":\"https:\/\/valeriazunino.it\/blog\/#website\"},\"datePublished\":\"2018-06-20T01:11:58+00:00\",\"dateModified\":\"2018-06-20T01:27:22+00:00\",\"author\":{\"@id\":\"https:\/\/valeriazunino.it\/blog\/#\/schema\/person\/8cdafe297c88eeb291db056286b0ae2a\"},\"breadcrumb\":{\"@id\":\"https:\/\/valeriazunino.it\/blog\/2018\/06\/20\/notte-prima-degli-esami\/#breadcrumb\"},\"inLanguage\":\"it-IT\",\"potentialAction\":[{\"@type\":\"ReadAction\",\"target\":[\"https:\/\/valeriazunino.it\/blog\/2018\/06\/20\/notte-prima-degli-esami\/\"]}]},{\"@type\":\"BreadcrumbList\",\"@id\":\"https:\/\/valeriazunino.it\/blog\/2018\/06\/20\/notte-prima-degli-esami\/#breadcrumb\",\"itemListElement\":[{\"@type\":\"ListItem\",\"position\":1,\"name\":\"Home\",\"item\":\"https:\/\/valeriazunino.it\/blog\/\"},{\"@type\":\"ListItem\",\"position\":2,\"name\":\"Notte prima degli esami\"}]},{\"@type\":\"WebSite\",\"@id\":\"https:\/\/valeriazunino.it\/blog\/#website\",\"url\":\"https:\/\/valeriazunino.it\/blog\/\",\"name\":\"ValeVz\",\"description\":\"il mio sito\",\"potentialAction\":[{\"@type\":\"SearchAction\",\"target\":{\"@type\":\"EntryPoint\",\"urlTemplate\":\"https:\/\/valeriazunino.it\/blog\/?s={search_term_string}\"},\"query-input\":{\"@type\":\"PropertyValueSpecification\",\"valueRequired\":true,\"valueName\":\"search_term_string\"}}],\"inLanguage\":\"it-IT\"},{\"@type\":\"Person\",\"@id\":\"https:\/\/valeriazunino.it\/blog\/#\/schema\/person\/8cdafe297c88eeb291db056286b0ae2a\",\"name\":\"Valeria\",\"image\":{\"@type\":\"ImageObject\",\"inLanguage\":\"it-IT\",\"@id\":\"https:\/\/valeriazunino.it\/blog\/#\/schema\/person\/image\/\",\"url\":\"https:\/\/secure.gravatar.com\/avatar\/4196ffa01e9ac5ef46888ac2c82ba7543ee2f63f9331c6e05282c2ff05645fe2?s=96&d=mm&r=g\",\"contentUrl\":\"https:\/\/secure.gravatar.com\/avatar\/4196ffa01e9ac5ef46888ac2c82ba7543ee2f63f9331c6e05282c2ff05645fe2?s=96&d=mm&r=g\",\"caption\":\"Valeria\"}}]}<\/script>\n<!-- \/ Yoast SEO plugin. -->","yoast_head_json":{"title":"Notte prima degli esami - ValeVz","robots":{"index":"index","follow":"follow","max-snippet":"max-snippet:-1","max-image-preview":"max-image-preview:large","max-video-preview":"max-video-preview:-1"},"canonical":"https:\/\/valeriazunino.it\/blog\/2018\/06\/20\/notte-prima-degli-esami\/","og_locale":"it_IT","og_type":"article","og_title":"Notte prima degli esami - ValeVz","og_description":"Titolo banale , Facebook impazza con frasi del genere , con la famosa canzone di Venditti che ha fatto da colonna sonora anche ad un altrettanto famoso omonimo \u00a0film \u00a0dove sempre di Maturit\u00e0 si parla &#8230; poi, x chi come me , ha vissuto nel pieno degli anni 80 la propria giovinezza, \u00a0questa canzone \u00e9 &hellip; Continua la lettura di Notte prima degli esami &rarr;","og_url":"https:\/\/valeriazunino.it\/blog\/2018\/06\/20\/notte-prima-degli-esami\/","og_site_name":"ValeVz","article_publisher":"https:\/\/www.facebook.com\/valeria.zunino.7","article_published_time":"2018-06-20T01:11:58+00:00","article_modified_time":"2018-06-20T01:27:22+00:00","author":"Valeria","twitter_card":"summary_large_image","twitter_creator":"@valezunin","twitter_site":"@valezunin","twitter_misc":{"Scritto da":"Valeria","Tempo di lettura stimato":"3 minuti"},"schema":{"@context":"https:\/\/schema.org","@graph":[{"@type":"Article","@id":"https:\/\/valeriazunino.it\/blog\/2018\/06\/20\/notte-prima-degli-esami\/#article","isPartOf":{"@id":"https:\/\/valeriazunino.it\/blog\/2018\/06\/20\/notte-prima-degli-esami\/"},"author":{"name":"Valeria","@id":"https:\/\/valeriazunino.it\/blog\/#\/schema\/person\/8cdafe297c88eeb291db056286b0ae2a"},"headline":"Notte prima degli esami","datePublished":"2018-06-20T01:11:58+00:00","dateModified":"2018-06-20T01:27:22+00:00","mainEntityOfPage":{"@id":"https:\/\/valeriazunino.it\/blog\/2018\/06\/20\/notte-prima-degli-esami\/"},"wordCount":686,"commentCount":0,"keywords":["Musica","Pensieri"],"articleSection":["Musica","pensieri"],"inLanguage":"it-IT","potentialAction":[{"@type":"CommentAction","name":"Comment","target":["https:\/\/valeriazunino.it\/blog\/2018\/06\/20\/notte-prima-degli-esami\/#respond"]}]},{"@type":"WebPage","@id":"https:\/\/valeriazunino.it\/blog\/2018\/06\/20\/notte-prima-degli-esami\/","url":"https:\/\/valeriazunino.it\/blog\/2018\/06\/20\/notte-prima-degli-esami\/","name":"Notte prima degli esami - ValeVz","isPartOf":{"@id":"https:\/\/valeriazunino.it\/blog\/#website"},"datePublished":"2018-06-20T01:11:58+00:00","dateModified":"2018-06-20T01:27:22+00:00","author":{"@id":"https:\/\/valeriazunino.it\/blog\/#\/schema\/person\/8cdafe297c88eeb291db056286b0ae2a"},"breadcrumb":{"@id":"https:\/\/valeriazunino.it\/blog\/2018\/06\/20\/notte-prima-degli-esami\/#breadcrumb"},"inLanguage":"it-IT","potentialAction":[{"@type":"ReadAction","target":["https:\/\/valeriazunino.it\/blog\/2018\/06\/20\/notte-prima-degli-esami\/"]}]},{"@type":"BreadcrumbList","@id":"https:\/\/valeriazunino.it\/blog\/2018\/06\/20\/notte-prima-degli-esami\/#breadcrumb","itemListElement":[{"@type":"ListItem","position":1,"name":"Home","item":"https:\/\/valeriazunino.it\/blog\/"},{"@type":"ListItem","position":2,"name":"Notte prima degli esami"}]},{"@type":"WebSite","@id":"https:\/\/valeriazunino.it\/blog\/#website","url":"https:\/\/valeriazunino.it\/blog\/","name":"ValeVz","description":"il mio sito","potentialAction":[{"@type":"SearchAction","target":{"@type":"EntryPoint","urlTemplate":"https:\/\/valeriazunino.it\/blog\/?s={search_term_string}"},"query-input":{"@type":"PropertyValueSpecification","valueRequired":true,"valueName":"search_term_string"}}],"inLanguage":"it-IT"},{"@type":"Person","@id":"https:\/\/valeriazunino.it\/blog\/#\/schema\/person\/8cdafe297c88eeb291db056286b0ae2a","name":"Valeria","image":{"@type":"ImageObject","inLanguage":"it-IT","@id":"https:\/\/valeriazunino.it\/blog\/#\/schema\/person\/image\/","url":"https:\/\/secure.gravatar.com\/avatar\/4196ffa01e9ac5ef46888ac2c82ba7543ee2f63f9331c6e05282c2ff05645fe2?s=96&d=mm&r=g","contentUrl":"https:\/\/secure.gravatar.com\/avatar\/4196ffa01e9ac5ef46888ac2c82ba7543ee2f63f9331c6e05282c2ff05645fe2?s=96&d=mm&r=g","caption":"Valeria"}}]}},"post_mailing_queue_ids":[],"_links":{"self":[{"href":"https:\/\/valeriazunino.it\/blog\/wp-json\/wp\/v2\/posts\/2241","targetHints":{"allow":["GET"]}}],"collection":[{"href":"https:\/\/valeriazunino.it\/blog\/wp-json\/wp\/v2\/posts"}],"about":[{"href":"https:\/\/valeriazunino.it\/blog\/wp-json\/wp\/v2\/types\/post"}],"author":[{"embeddable":true,"href":"https:\/\/valeriazunino.it\/blog\/wp-json\/wp\/v2\/users\/1"}],"replies":[{"embeddable":true,"href":"https:\/\/valeriazunino.it\/blog\/wp-json\/wp\/v2\/comments?post=2241"}],"version-history":[{"count":6,"href":"https:\/\/valeriazunino.it\/blog\/wp-json\/wp\/v2\/posts\/2241\/revisions"}],"predecessor-version":[{"id":2247,"href":"https:\/\/valeriazunino.it\/blog\/wp-json\/wp\/v2\/posts\/2241\/revisions\/2247"}],"wp:attachment":[{"href":"https:\/\/valeriazunino.it\/blog\/wp-json\/wp\/v2\/media?parent=2241"}],"wp:term":[{"taxonomy":"category","embeddable":true,"href":"https:\/\/valeriazunino.it\/blog\/wp-json\/wp\/v2\/categories?post=2241"},{"taxonomy":"post_tag","embeddable":true,"href":"https:\/\/valeriazunino.it\/blog\/wp-json\/wp\/v2\/tags?post=2241"}],"curies":[{"name":"wp","href":"https:\/\/api.w.org\/{rel}","templated":true}]}}