{"id":2491,"date":"2022-02-03T11:16:28","date_gmt":"2022-02-03T10:16:28","guid":{"rendered":"https:\/\/valeriazunino.it\/blog\/?p=2491"},"modified":"2022-02-03T11:27:01","modified_gmt":"2022-02-03T10:27:01","slug":"sanremo-2022-parte-seconda","status":"publish","type":"post","link":"https:\/\/valeriazunino.it\/blog\/2022\/02\/03\/sanremo-2022-parte-seconda\/","title":{"rendered":"SANREMO 2022                           parte seconda"},"content":{"rendered":"\n\n\n<p>La seconda serata \u00e8 stata faticosa . Da subito . Dal pippozzo che non finiva letteralmente piu&#8217; resoci dalla aiuto conduttrice Lorena Cesarini sul razzismo che ,in eurovisione, ci ha fatto fare davvero un figurone ,ad andare avanti .\u00a0 Su Lorena Cesarini il problema non \u00e8 che \u00e8 nera , come ha detto lei, il problema e&#8217; che \u00e8 la prima volta in 51 anni che dal divano , guardando il festival, mi sento pi\u00f9 figa della co-conduttrice del festival, e questo \u00e8 bene ma non benissimo . Io , poi, che non sono una invidiosa , ma mi piace il bello , niente , mi hanno tolto un piacere , un sogno , di quando guardo ammirata una bella donna , ben vestita , scintillante , alta , grande figa, che padroneggia sul palco\u00a0 &#8230;\u00a0 niente , neanche pi\u00f9 questo.\u00a0<\/p>\n<p>Leggermente depressa da quanto sopra ho seguito tutta la sera in modo un po&#8217; distratto , ci sta , \u00e8 sopravvivenza ..\u00a0 Ho capito, a met\u00e0 canzone , ad esempio, che la Pausini era come ospite e non in gara .. va beh dettagli<\/p>\n<p>Zalone:\u00a0 \u00a0Mi ha fatto ridere all&#8217;inizio , x la sua autentica irriverenza , poi \u00e8 stato pesante\/noioso\u00a0 poi con la canzone sulla fine della pandemia ha fatto un grande regalo al Paese , ha sancito la fine di questa situazione che, invece, cercano di trascinare ad oltranza .. e avranno i loro motivi , ovvio , ne hanno pi\u00f9 di uno , a partire da salvare la faccia&#8211; le facce, scusate-\u00a0 perch\u00e8 ne hanno pi\u00f9 di una .\u00a0 Quindi Zalone ha fatto una grande cosa . Le parole creano, le parole distruggono.\u00a0 Qui hanno creato speranza.<\/p>\n<p>I cantanti : mi sono piaciuti 3 uomini<\/p>\n<p><strong>Fabrizio Moro<\/strong>: un bel testo , bello lui , lui parla sempre del respiro , dell&#8217;ossigeno , arriva . E&#8217;vitale, \u00e8 profondo ,\u00a0<\/p>\n<p>&#8220;Che attraversi il mio ossigeno quando mi tocchi.&#8221;\u00a0 \u00a0questa frase vale 100.<\/p>\n<p><iframe loading=\"lazy\" title=\"Fabrizio Moro - Sei Tu (Official Video) - Sanremo 2022\" width=\"474\" height=\"267\" src=\"https:\/\/www.youtube.com\/embed\/dS5mn2tZX4Y?feature=oembed\" frameborder=\"0\" allow=\"accelerometer; autoplay; clipboard-write; encrypted-media; gyroscope; picture-in-picture; web-share\" referrerpolicy=\"strict-origin-when-cross-origin\" allowfullscreen><\/iframe><\/p>\n<p>\u00a0<\/p>\n<p><strong>San Giovanni<\/strong> : orecchiabilissima , radiofonica a stecca .<\/p>\n<p><strong>Irama<\/strong>:\u00a0 Faceva fatica a cantare , secondo me , a vederlo , a parte questo piaciuta subito, con qualche riserva , alla radio pi\u00f9 ok.\u00a0<\/p>\n<p>Elisa ,la nomino perch\u00e8 \u00e8 stato il personaggio di spicco , da cui ci si aspettava tanto , infatti\u00a0 \u00e8 prima in classica momentanea della sala stampa , ma fanno testo ??\u00a0 Per me no! Assolutamente NO! La canzone sembrava una canzone Disney&#8230; carina , ben cantata , ma non mi ha lasciato nulla di nulla.\u00a0<\/p>\n<p>Per la Rettore temevo, invece , \u00e8 rimasta in piedi&#8230;<\/p>\n<p>Chi vincer\u00e0?\u00a0 Con Sanremo \u00e8 impossibile azzeccare , ci puoi andare vicino , forse&#8230;ma non ci provo neanche pi\u00f9.\u00a0<\/p>\n<p>Nella mia rosa dei preferiti , forse, il numero 1 potrebbe essere\u00a0 la canzone<strong> Brividi di Mahmood e Blanco -&#8230;<\/strong>.\u00a0 \u00a0boh chissa&#8217;\u00a0 \u00a0vedremo &#8230;&#8230;<\/p>\n<p>\u00a0<\/p>\n<p>\u00a0<\/p>\n<p>\u00a0<\/p>\n<p>\u00a0<\/p>\n<p>\u00a0<\/p>\n\n\n","protected":false},"excerpt":{"rendered":"","protected":false},"author":1,"featured_media":0,"comment_status":"open","ping_status":"open","sticky":false,"template":"","format":"standard","meta":{"footnotes":""},"categories":[1],"tags":[],"class_list":["post-2491","post","type-post","status-publish","format-standard","hentry","category-senza-categoria"],"yoast_head":"<!-- This site is optimized with the Yoast SEO plugin v27.0 - https:\/\/yoast.com\/product\/yoast-seo-wordpress\/ -->\n<title>SANREMO 2022              parte seconda - ValeVz<\/title>\n<meta name=\"robots\" content=\"index, follow, max-snippet:-1, max-image-preview:large, max-video-preview:-1\" \/>\n<link rel=\"canonical\" href=\"https:\/\/valeriazunino.it\/blog\/2022\/02\/03\/sanremo-2022-parte-seconda\/\" \/>\n<meta property=\"og:locale\" content=\"it_IT\" \/>\n<meta property=\"og:type\" content=\"article\" \/>\n<meta property=\"og:title\" content=\"SANREMO 2022              parte seconda - ValeVz\" \/>\n<meta property=\"og:url\" content=\"https:\/\/valeriazunino.it\/blog\/2022\/02\/03\/sanremo-2022-parte-seconda\/\" \/>\n<meta property=\"og:site_name\" content=\"ValeVz\" \/>\n<meta property=\"article:publisher\" content=\"https:\/\/www.facebook.com\/valeria.zunino.7\" \/>\n<meta property=\"article:published_time\" content=\"2022-02-03T10:16:28+00:00\" \/>\n<meta property=\"article:modified_time\" content=\"2022-02-03T10:27:01+00:00\" \/>\n<meta name=\"author\" content=\"Valeria\" \/>\n<meta name=\"twitter:card\" content=\"summary_large_image\" \/>\n<meta name=\"twitter:creator\" content=\"@valezunin\" \/>\n<meta name=\"twitter:site\" content=\"@valezunin\" \/>\n<meta name=\"twitter:label1\" content=\"Scritto da\" \/>\n\t<meta name=\"twitter:data1\" content=\"Valeria\" \/>\n\t<meta name=\"twitter:label2\" content=\"Tempo di lettura stimato\" \/>\n\t<meta name=\"twitter:data2\" content=\"2 minuti\" \/>\n<script type=\"application\/ld+json\" class=\"yoast-schema-graph\">{\"@context\":\"https:\/\/schema.org\",\"@graph\":[{\"@type\":\"Article\",\"@id\":\"https:\/\/valeriazunino.it\/blog\/2022\/02\/03\/sanremo-2022-parte-seconda\/#article\",\"isPartOf\":{\"@id\":\"https:\/\/valeriazunino.it\/blog\/2022\/02\/03\/sanremo-2022-parte-seconda\/\"},\"author\":{\"name\":\"Valeria\",\"@id\":\"https:\/\/valeriazunino.it\/blog\/#\/schema\/person\/8cdafe297c88eeb291db056286b0ae2a\"},\"headline\":\"SANREMO 2022 parte seconda\",\"datePublished\":\"2022-02-03T10:16:28+00:00\",\"dateModified\":\"2022-02-03T10:27:01+00:00\",\"mainEntityOfPage\":{\"@id\":\"https:\/\/valeriazunino.it\/blog\/2022\/02\/03\/sanremo-2022-parte-seconda\/\"},\"wordCount\":409,\"commentCount\":0,\"inLanguage\":\"it-IT\",\"potentialAction\":[{\"@type\":\"CommentAction\",\"name\":\"Comment\",\"target\":[\"https:\/\/valeriazunino.it\/blog\/2022\/02\/03\/sanremo-2022-parte-seconda\/#respond\"]}]},{\"@type\":\"WebPage\",\"@id\":\"https:\/\/valeriazunino.it\/blog\/2022\/02\/03\/sanremo-2022-parte-seconda\/\",\"url\":\"https:\/\/valeriazunino.it\/blog\/2022\/02\/03\/sanremo-2022-parte-seconda\/\",\"name\":\"SANREMO 2022 parte seconda - ValeVz\",\"isPartOf\":{\"@id\":\"https:\/\/valeriazunino.it\/blog\/#website\"},\"datePublished\":\"2022-02-03T10:16:28+00:00\",\"dateModified\":\"2022-02-03T10:27:01+00:00\",\"author\":{\"@id\":\"https:\/\/valeriazunino.it\/blog\/#\/schema\/person\/8cdafe297c88eeb291db056286b0ae2a\"},\"breadcrumb\":{\"@id\":\"https:\/\/valeriazunino.it\/blog\/2022\/02\/03\/sanremo-2022-parte-seconda\/#breadcrumb\"},\"inLanguage\":\"it-IT\",\"potentialAction\":[{\"@type\":\"ReadAction\",\"target\":[\"https:\/\/valeriazunino.it\/blog\/2022\/02\/03\/sanremo-2022-parte-seconda\/\"]}]},{\"@type\":\"BreadcrumbList\",\"@id\":\"https:\/\/valeriazunino.it\/blog\/2022\/02\/03\/sanremo-2022-parte-seconda\/#breadcrumb\",\"itemListElement\":[{\"@type\":\"ListItem\",\"position\":1,\"name\":\"Home\",\"item\":\"https:\/\/valeriazunino.it\/blog\/\"},{\"@type\":\"ListItem\",\"position\":2,\"name\":\"SANREMO 2022 parte seconda\"}]},{\"@type\":\"WebSite\",\"@id\":\"https:\/\/valeriazunino.it\/blog\/#website\",\"url\":\"https:\/\/valeriazunino.it\/blog\/\",\"name\":\"ValeVz\",\"description\":\"il mio sito\",\"potentialAction\":[{\"@type\":\"SearchAction\",\"target\":{\"@type\":\"EntryPoint\",\"urlTemplate\":\"https:\/\/valeriazunino.it\/blog\/?s={search_term_string}\"},\"query-input\":{\"@type\":\"PropertyValueSpecification\",\"valueRequired\":true,\"valueName\":\"search_term_string\"}}],\"inLanguage\":\"it-IT\"},{\"@type\":\"Person\",\"@id\":\"https:\/\/valeriazunino.it\/blog\/#\/schema\/person\/8cdafe297c88eeb291db056286b0ae2a\",\"name\":\"Valeria\",\"image\":{\"@type\":\"ImageObject\",\"inLanguage\":\"it-IT\",\"@id\":\"https:\/\/valeriazunino.it\/blog\/#\/schema\/person\/image\/\",\"url\":\"https:\/\/secure.gravatar.com\/avatar\/4196ffa01e9ac5ef46888ac2c82ba7543ee2f63f9331c6e05282c2ff05645fe2?s=96&d=mm&r=g\",\"contentUrl\":\"https:\/\/secure.gravatar.com\/avatar\/4196ffa01e9ac5ef46888ac2c82ba7543ee2f63f9331c6e05282c2ff05645fe2?s=96&d=mm&r=g\",\"caption\":\"Valeria\"}}]}<\/script>\n<!-- \/ Yoast SEO plugin. -->","yoast_head_json":{"title":"SANREMO 2022              parte seconda - ValeVz","robots":{"index":"index","follow":"follow","max-snippet":"max-snippet:-1","max-image-preview":"max-image-preview:large","max-video-preview":"max-video-preview:-1"},"canonical":"https:\/\/valeriazunino.it\/blog\/2022\/02\/03\/sanremo-2022-parte-seconda\/","og_locale":"it_IT","og_type":"article","og_title":"SANREMO 2022              parte seconda - ValeVz","og_url":"https:\/\/valeriazunino.it\/blog\/2022\/02\/03\/sanremo-2022-parte-seconda\/","og_site_name":"ValeVz","article_publisher":"https:\/\/www.facebook.com\/valeria.zunino.7","article_published_time":"2022-02-03T10:16:28+00:00","article_modified_time":"2022-02-03T10:27:01+00:00","author":"Valeria","twitter_card":"summary_large_image","twitter_creator":"@valezunin","twitter_site":"@valezunin","twitter_misc":{"Scritto da":"Valeria","Tempo di lettura stimato":"2 minuti"},"schema":{"@context":"https:\/\/schema.org","@graph":[{"@type":"Article","@id":"https:\/\/valeriazunino.it\/blog\/2022\/02\/03\/sanremo-2022-parte-seconda\/#article","isPartOf":{"@id":"https:\/\/valeriazunino.it\/blog\/2022\/02\/03\/sanremo-2022-parte-seconda\/"},"author":{"name":"Valeria","@id":"https:\/\/valeriazunino.it\/blog\/#\/schema\/person\/8cdafe297c88eeb291db056286b0ae2a"},"headline":"SANREMO 2022 parte seconda","datePublished":"2022-02-03T10:16:28+00:00","dateModified":"2022-02-03T10:27:01+00:00","mainEntityOfPage":{"@id":"https:\/\/valeriazunino.it\/blog\/2022\/02\/03\/sanremo-2022-parte-seconda\/"},"wordCount":409,"commentCount":0,"inLanguage":"it-IT","potentialAction":[{"@type":"CommentAction","name":"Comment","target":["https:\/\/valeriazunino.it\/blog\/2022\/02\/03\/sanremo-2022-parte-seconda\/#respond"]}]},{"@type":"WebPage","@id":"https:\/\/valeriazunino.it\/blog\/2022\/02\/03\/sanremo-2022-parte-seconda\/","url":"https:\/\/valeriazunino.it\/blog\/2022\/02\/03\/sanremo-2022-parte-seconda\/","name":"SANREMO 2022 parte seconda - ValeVz","isPartOf":{"@id":"https:\/\/valeriazunino.it\/blog\/#website"},"datePublished":"2022-02-03T10:16:28+00:00","dateModified":"2022-02-03T10:27:01+00:00","author":{"@id":"https:\/\/valeriazunino.it\/blog\/#\/schema\/person\/8cdafe297c88eeb291db056286b0ae2a"},"breadcrumb":{"@id":"https:\/\/valeriazunino.it\/blog\/2022\/02\/03\/sanremo-2022-parte-seconda\/#breadcrumb"},"inLanguage":"it-IT","potentialAction":[{"@type":"ReadAction","target":["https:\/\/valeriazunino.it\/blog\/2022\/02\/03\/sanremo-2022-parte-seconda\/"]}]},{"@type":"BreadcrumbList","@id":"https:\/\/valeriazunino.it\/blog\/2022\/02\/03\/sanremo-2022-parte-seconda\/#breadcrumb","itemListElement":[{"@type":"ListItem","position":1,"name":"Home","item":"https:\/\/valeriazunino.it\/blog\/"},{"@type":"ListItem","position":2,"name":"SANREMO 2022 parte seconda"}]},{"@type":"WebSite","@id":"https:\/\/valeriazunino.it\/blog\/#website","url":"https:\/\/valeriazunino.it\/blog\/","name":"ValeVz","description":"il mio sito","potentialAction":[{"@type":"SearchAction","target":{"@type":"EntryPoint","urlTemplate":"https:\/\/valeriazunino.it\/blog\/?s={search_term_string}"},"query-input":{"@type":"PropertyValueSpecification","valueRequired":true,"valueName":"search_term_string"}}],"inLanguage":"it-IT"},{"@type":"Person","@id":"https:\/\/valeriazunino.it\/blog\/#\/schema\/person\/8cdafe297c88eeb291db056286b0ae2a","name":"Valeria","image":{"@type":"ImageObject","inLanguage":"it-IT","@id":"https:\/\/valeriazunino.it\/blog\/#\/schema\/person\/image\/","url":"https:\/\/secure.gravatar.com\/avatar\/4196ffa01e9ac5ef46888ac2c82ba7543ee2f63f9331c6e05282c2ff05645fe2?s=96&d=mm&r=g","contentUrl":"https:\/\/secure.gravatar.com\/avatar\/4196ffa01e9ac5ef46888ac2c82ba7543ee2f63f9331c6e05282c2ff05645fe2?s=96&d=mm&r=g","caption":"Valeria"}}]}},"post_mailing_queue_ids":[],"_links":{"self":[{"href":"https:\/\/valeriazunino.it\/blog\/wp-json\/wp\/v2\/posts\/2491","targetHints":{"allow":["GET"]}}],"collection":[{"href":"https:\/\/valeriazunino.it\/blog\/wp-json\/wp\/v2\/posts"}],"about":[{"href":"https:\/\/valeriazunino.it\/blog\/wp-json\/wp\/v2\/types\/post"}],"author":[{"embeddable":true,"href":"https:\/\/valeriazunino.it\/blog\/wp-json\/wp\/v2\/users\/1"}],"replies":[{"embeddable":true,"href":"https:\/\/valeriazunino.it\/blog\/wp-json\/wp\/v2\/comments?post=2491"}],"version-history":[{"count":2,"href":"https:\/\/valeriazunino.it\/blog\/wp-json\/wp\/v2\/posts\/2491\/revisions"}],"predecessor-version":[{"id":2493,"href":"https:\/\/valeriazunino.it\/blog\/wp-json\/wp\/v2\/posts\/2491\/revisions\/2493"}],"wp:attachment":[{"href":"https:\/\/valeriazunino.it\/blog\/wp-json\/wp\/v2\/media?parent=2491"}],"wp:term":[{"taxonomy":"category","embeddable":true,"href":"https:\/\/valeriazunino.it\/blog\/wp-json\/wp\/v2\/categories?post=2491"},{"taxonomy":"post_tag","embeddable":true,"href":"https:\/\/valeriazunino.it\/blog\/wp-json\/wp\/v2\/tags?post=2491"}],"curies":[{"name":"wp","href":"https:\/\/api.w.org\/{rel}","templated":true}]}}