{"id":2543,"date":"2024-01-06T00:55:10","date_gmt":"2024-01-05T23:55:10","guid":{"rendered":"https:\/\/valeriazunino.it\/blog\/?p=2543"},"modified":"2024-01-06T00:55:21","modified_gmt":"2024-01-05T23:55:21","slug":"la-befana-vien-di-notte-con-le-scarpe-tutte-rotte","status":"publish","type":"post","link":"https:\/\/valeriazunino.it\/blog\/2024\/01\/06\/la-befana-vien-di-notte-con-le-scarpe-tutte-rotte\/","title":{"rendered":"La Befana vien di notte con le scarpe tutte rotte"},"content":{"rendered":"\n\n\n<p>Questa \u00e8 la notte in cui arriva la Befana , una vecchina,\u00a0 \u00a0brutta assai che si sposta su di una scopa di saggina e attraverso il camino delle case giunge nella tua cucina per portarti leccornie o carbone o cipolle in base a come ti sei comportato in tutto questo anno che si \u00e8 appena\u00a0 concluso ..\u00a0 \u00e8 veramente brutta e vestita di stracci , ma questa \u00e8!\u00a0\u00a0<\/p>\n<p>Ci pensate ?? Noi da bambini abbiamo avuto questo fatto qui da dover affrontare e siamo sopravvissuti senza grossi traumi o ferite psicologiche gravi \ud83e\udd23<\/p>\n<p>Ho un ricordo molto nitido di una mattina della Befana di quando ero abbastanza piccola, ma neanche tantissimo , tipo et\u00e0 della scuola elementare&#8230; Era stato il\u00a0 mattino che avevo avuto la conferma inequivocabile della sua esistenza &#8230;<\/p>\n<p>Il mattino del giorno della Befana io avevo l abitudine di infilarmi nel letto di mia sorella Ilaria perch\u00e9 ero terrorizzata dal fatto che\u00a0 , da l\u00ec a poco, perch\u00e9 non si sapeva il momento preciso, sarebbe arrivata\u00a0 ((da noi arrivava al mattino presto ) &#8230;\u00a0 Un anno , mentre ero abbracciata a mia sorella nell&#8217;attesa dell&#8217;orario ok per potermi alzare senza il pericolo di incontrarla , ecco che dalla cucina si sente in modo molto netto il rumore di una scopa che cade a terra .. eccoooo che allora \u00e8 propria vero che viene questa donna , vecchina , bruttina e con le scarpe tutte rotte , che ha questo faticoso impegno di fare visita a tutte le case,\u00a0 nel caso avessi avuto il dubbio , ora era dissolto \ud83e\udd23\ud83e\udd23. Ricordo ancora il misto di emozioni contrastanti tra paura , felicit\u00e0 elettrizzante e curiosit\u00e0 estrema &#8230; Ma la cosa\u00a0 che mi aveva gi\u00e0 da tempo convinta della sua reale esistenza era che ogni anno , mentre a me e a mia\u00a0 sorella arrivavano sempre e solo cose buone come\u00a0 caramelle , carbone di zucchero , soldini di cioccolato eccetera a dare conferma che eravamo state due brave bambine , nella calza di mio\u00a0 padre erano sempre presenti 1 o 2 cipolle per indicare , invece, che qualche comportamento non proprio ok era stato tenuto\u00a0 e questo mi faceva credere che oltre ad esistere, per forza , se ne intendesse anche a dare giudizi ..\ud83e\udd23. La mamma, invece, era esente dal ricevere la calza , la sua non me la ricordo , secondo me non c era .. ma non mi sono mai chiesta come mai , fosse cos\u00ec . Punto. Il bello dei bambini , almeno dei bambini di una volta , almeno per me , che accettavo le cose senza troppe domande, era cos\u00ec punto \ud83e\udd23.\u00a0<\/p>\n<p>Quindi , come per Natale , anche il giorno della Befana \u00e8 un momento di bilanci ,\u00a0 di attesa, di ricompensa , di propositi , di analisi , e di chiusura di un ciclo .. L&#8217;anno \u00e8 gi\u00e0 finito , si \u00e8 concluso , in realt\u00e0 il 31 agosto , settembre \u00e8 sempre visto come una ripartenza , poi il 31 dicembre con i brindisi , i baci e gli abbracci , i sorrisi e le malinconie ma con il 6 \u00e8 super chiuso \ud83e\udd23. Tutti momenti di &#8220;interruzione&#8221;\u00a0 ci danno l&#8217;occasione di una ideale ripartenza , e le ripartenze sono importanti, cos\u00ec come le chiusure dei cicli, il nuovo d\u00e0 nuova energia , d\u00e0 l&#8217;idea del potenziale che possiamo tirare fuori , \u00e8 come una pagina nuova su cui scrivere cose nuove . Anche tutto da capo se vogliamo\u00a0 , perch\u00e9 no?\u00a0<\/p>\n<p>Quindi buona Befana , con l&#8217;augurio di credere ancora in qualche magia , di credere in qualche opportunit\u00e0, in qualche rinascita , in quello che volete raggiungere\u00a0 .!\u00a0<\/p>\n<p>\u00a0<\/p>\n","protected":false},"excerpt":{"rendered":"","protected":false},"author":1,"featured_media":0,"comment_status":"open","ping_status":"open","sticky":false,"template":"","format":"standard","meta":{"footnotes":""},"categories":[1],"tags":[],"class_list":["post-2543","post","type-post","status-publish","format-standard","hentry","category-senza-categoria"],"yoast_head":"<!-- This site is optimized with the Yoast SEO plugin v27.0 - https:\/\/yoast.com\/product\/yoast-seo-wordpress\/ -->\n<title>La Befana vien di notte con le scarpe tutte rotte - ValeVz<\/title>\n<meta name=\"robots\" content=\"index, follow, max-snippet:-1, max-image-preview:large, max-video-preview:-1\" \/>\n<link rel=\"canonical\" href=\"https:\/\/valeriazunino.it\/blog\/2024\/01\/06\/la-befana-vien-di-notte-con-le-scarpe-tutte-rotte\/\" \/>\n<meta property=\"og:locale\" content=\"it_IT\" \/>\n<meta property=\"og:type\" content=\"article\" \/>\n<meta property=\"og:title\" content=\"La Befana vien di notte con le scarpe tutte rotte - ValeVz\" \/>\n<meta property=\"og:url\" content=\"https:\/\/valeriazunino.it\/blog\/2024\/01\/06\/la-befana-vien-di-notte-con-le-scarpe-tutte-rotte\/\" \/>\n<meta property=\"og:site_name\" content=\"ValeVz\" \/>\n<meta property=\"article:publisher\" content=\"https:\/\/www.facebook.com\/valeria.zunino.7\" \/>\n<meta property=\"article:published_time\" content=\"2024-01-05T23:55:10+00:00\" \/>\n<meta property=\"article:modified_time\" content=\"2024-01-05T23:55:21+00:00\" \/>\n<meta name=\"author\" content=\"Valeria\" \/>\n<meta name=\"twitter:card\" content=\"summary_large_image\" \/>\n<meta name=\"twitter:creator\" content=\"@valezunin\" \/>\n<meta name=\"twitter:site\" content=\"@valezunin\" \/>\n<meta name=\"twitter:label1\" content=\"Scritto da\" \/>\n\t<meta name=\"twitter:data1\" content=\"Valeria\" \/>\n\t<meta name=\"twitter:label2\" content=\"Tempo di lettura stimato\" \/>\n\t<meta name=\"twitter:data2\" content=\"3 minuti\" \/>\n<script type=\"application\/ld+json\" class=\"yoast-schema-graph\">{\"@context\":\"https:\/\/schema.org\",\"@graph\":[{\"@type\":\"Article\",\"@id\":\"https:\/\/valeriazunino.it\/blog\/2024\/01\/06\/la-befana-vien-di-notte-con-le-scarpe-tutte-rotte\/#article\",\"isPartOf\":{\"@id\":\"https:\/\/valeriazunino.it\/blog\/2024\/01\/06\/la-befana-vien-di-notte-con-le-scarpe-tutte-rotte\/\"},\"author\":{\"name\":\"Valeria\",\"@id\":\"https:\/\/valeriazunino.it\/blog\/#\/schema\/person\/8cdafe297c88eeb291db056286b0ae2a\"},\"headline\":\"La Befana vien di notte con le scarpe tutte rotte\",\"datePublished\":\"2024-01-05T23:55:10+00:00\",\"dateModified\":\"2024-01-05T23:55:21+00:00\",\"mainEntityOfPage\":{\"@id\":\"https:\/\/valeriazunino.it\/blog\/2024\/01\/06\/la-befana-vien-di-notte-con-le-scarpe-tutte-rotte\/\"},\"wordCount\":551,\"commentCount\":0,\"inLanguage\":\"it-IT\",\"potentialAction\":[{\"@type\":\"CommentAction\",\"name\":\"Comment\",\"target\":[\"https:\/\/valeriazunino.it\/blog\/2024\/01\/06\/la-befana-vien-di-notte-con-le-scarpe-tutte-rotte\/#respond\"]}]},{\"@type\":\"WebPage\",\"@id\":\"https:\/\/valeriazunino.it\/blog\/2024\/01\/06\/la-befana-vien-di-notte-con-le-scarpe-tutte-rotte\/\",\"url\":\"https:\/\/valeriazunino.it\/blog\/2024\/01\/06\/la-befana-vien-di-notte-con-le-scarpe-tutte-rotte\/\",\"name\":\"La Befana vien di notte con le scarpe tutte rotte - ValeVz\",\"isPartOf\":{\"@id\":\"https:\/\/valeriazunino.it\/blog\/#website\"},\"datePublished\":\"2024-01-05T23:55:10+00:00\",\"dateModified\":\"2024-01-05T23:55:21+00:00\",\"author\":{\"@id\":\"https:\/\/valeriazunino.it\/blog\/#\/schema\/person\/8cdafe297c88eeb291db056286b0ae2a\"},\"breadcrumb\":{\"@id\":\"https:\/\/valeriazunino.it\/blog\/2024\/01\/06\/la-befana-vien-di-notte-con-le-scarpe-tutte-rotte\/#breadcrumb\"},\"inLanguage\":\"it-IT\",\"potentialAction\":[{\"@type\":\"ReadAction\",\"target\":[\"https:\/\/valeriazunino.it\/blog\/2024\/01\/06\/la-befana-vien-di-notte-con-le-scarpe-tutte-rotte\/\"]}]},{\"@type\":\"BreadcrumbList\",\"@id\":\"https:\/\/valeriazunino.it\/blog\/2024\/01\/06\/la-befana-vien-di-notte-con-le-scarpe-tutte-rotte\/#breadcrumb\",\"itemListElement\":[{\"@type\":\"ListItem\",\"position\":1,\"name\":\"Home\",\"item\":\"https:\/\/valeriazunino.it\/blog\/\"},{\"@type\":\"ListItem\",\"position\":2,\"name\":\"La Befana vien di notte con le scarpe tutte rotte\"}]},{\"@type\":\"WebSite\",\"@id\":\"https:\/\/valeriazunino.it\/blog\/#website\",\"url\":\"https:\/\/valeriazunino.it\/blog\/\",\"name\":\"ValeVz\",\"description\":\"il mio sito\",\"potentialAction\":[{\"@type\":\"SearchAction\",\"target\":{\"@type\":\"EntryPoint\",\"urlTemplate\":\"https:\/\/valeriazunino.it\/blog\/?s={search_term_string}\"},\"query-input\":{\"@type\":\"PropertyValueSpecification\",\"valueRequired\":true,\"valueName\":\"search_term_string\"}}],\"inLanguage\":\"it-IT\"},{\"@type\":\"Person\",\"@id\":\"https:\/\/valeriazunino.it\/blog\/#\/schema\/person\/8cdafe297c88eeb291db056286b0ae2a\",\"name\":\"Valeria\",\"image\":{\"@type\":\"ImageObject\",\"inLanguage\":\"it-IT\",\"@id\":\"https:\/\/valeriazunino.it\/blog\/#\/schema\/person\/image\/\",\"url\":\"https:\/\/secure.gravatar.com\/avatar\/4196ffa01e9ac5ef46888ac2c82ba7543ee2f63f9331c6e05282c2ff05645fe2?s=96&d=mm&r=g\",\"contentUrl\":\"https:\/\/secure.gravatar.com\/avatar\/4196ffa01e9ac5ef46888ac2c82ba7543ee2f63f9331c6e05282c2ff05645fe2?s=96&d=mm&r=g\",\"caption\":\"Valeria\"}}]}<\/script>\n<!-- \/ Yoast SEO plugin. -->","yoast_head_json":{"title":"La Befana vien di notte con le scarpe tutte rotte - ValeVz","robots":{"index":"index","follow":"follow","max-snippet":"max-snippet:-1","max-image-preview":"max-image-preview:large","max-video-preview":"max-video-preview:-1"},"canonical":"https:\/\/valeriazunino.it\/blog\/2024\/01\/06\/la-befana-vien-di-notte-con-le-scarpe-tutte-rotte\/","og_locale":"it_IT","og_type":"article","og_title":"La Befana vien di notte con le scarpe tutte rotte - ValeVz","og_url":"https:\/\/valeriazunino.it\/blog\/2024\/01\/06\/la-befana-vien-di-notte-con-le-scarpe-tutte-rotte\/","og_site_name":"ValeVz","article_publisher":"https:\/\/www.facebook.com\/valeria.zunino.7","article_published_time":"2024-01-05T23:55:10+00:00","article_modified_time":"2024-01-05T23:55:21+00:00","author":"Valeria","twitter_card":"summary_large_image","twitter_creator":"@valezunin","twitter_site":"@valezunin","twitter_misc":{"Scritto da":"Valeria","Tempo di lettura stimato":"3 minuti"},"schema":{"@context":"https:\/\/schema.org","@graph":[{"@type":"Article","@id":"https:\/\/valeriazunino.it\/blog\/2024\/01\/06\/la-befana-vien-di-notte-con-le-scarpe-tutte-rotte\/#article","isPartOf":{"@id":"https:\/\/valeriazunino.it\/blog\/2024\/01\/06\/la-befana-vien-di-notte-con-le-scarpe-tutte-rotte\/"},"author":{"name":"Valeria","@id":"https:\/\/valeriazunino.it\/blog\/#\/schema\/person\/8cdafe297c88eeb291db056286b0ae2a"},"headline":"La Befana vien di notte con le scarpe tutte rotte","datePublished":"2024-01-05T23:55:10+00:00","dateModified":"2024-01-05T23:55:21+00:00","mainEntityOfPage":{"@id":"https:\/\/valeriazunino.it\/blog\/2024\/01\/06\/la-befana-vien-di-notte-con-le-scarpe-tutte-rotte\/"},"wordCount":551,"commentCount":0,"inLanguage":"it-IT","potentialAction":[{"@type":"CommentAction","name":"Comment","target":["https:\/\/valeriazunino.it\/blog\/2024\/01\/06\/la-befana-vien-di-notte-con-le-scarpe-tutte-rotte\/#respond"]}]},{"@type":"WebPage","@id":"https:\/\/valeriazunino.it\/blog\/2024\/01\/06\/la-befana-vien-di-notte-con-le-scarpe-tutte-rotte\/","url":"https:\/\/valeriazunino.it\/blog\/2024\/01\/06\/la-befana-vien-di-notte-con-le-scarpe-tutte-rotte\/","name":"La Befana vien di notte con le scarpe tutte rotte - ValeVz","isPartOf":{"@id":"https:\/\/valeriazunino.it\/blog\/#website"},"datePublished":"2024-01-05T23:55:10+00:00","dateModified":"2024-01-05T23:55:21+00:00","author":{"@id":"https:\/\/valeriazunino.it\/blog\/#\/schema\/person\/8cdafe297c88eeb291db056286b0ae2a"},"breadcrumb":{"@id":"https:\/\/valeriazunino.it\/blog\/2024\/01\/06\/la-befana-vien-di-notte-con-le-scarpe-tutte-rotte\/#breadcrumb"},"inLanguage":"it-IT","potentialAction":[{"@type":"ReadAction","target":["https:\/\/valeriazunino.it\/blog\/2024\/01\/06\/la-befana-vien-di-notte-con-le-scarpe-tutte-rotte\/"]}]},{"@type":"BreadcrumbList","@id":"https:\/\/valeriazunino.it\/blog\/2024\/01\/06\/la-befana-vien-di-notte-con-le-scarpe-tutte-rotte\/#breadcrumb","itemListElement":[{"@type":"ListItem","position":1,"name":"Home","item":"https:\/\/valeriazunino.it\/blog\/"},{"@type":"ListItem","position":2,"name":"La Befana vien di notte con le scarpe tutte rotte"}]},{"@type":"WebSite","@id":"https:\/\/valeriazunino.it\/blog\/#website","url":"https:\/\/valeriazunino.it\/blog\/","name":"ValeVz","description":"il mio sito","potentialAction":[{"@type":"SearchAction","target":{"@type":"EntryPoint","urlTemplate":"https:\/\/valeriazunino.it\/blog\/?s={search_term_string}"},"query-input":{"@type":"PropertyValueSpecification","valueRequired":true,"valueName":"search_term_string"}}],"inLanguage":"it-IT"},{"@type":"Person","@id":"https:\/\/valeriazunino.it\/blog\/#\/schema\/person\/8cdafe297c88eeb291db056286b0ae2a","name":"Valeria","image":{"@type":"ImageObject","inLanguage":"it-IT","@id":"https:\/\/valeriazunino.it\/blog\/#\/schema\/person\/image\/","url":"https:\/\/secure.gravatar.com\/avatar\/4196ffa01e9ac5ef46888ac2c82ba7543ee2f63f9331c6e05282c2ff05645fe2?s=96&d=mm&r=g","contentUrl":"https:\/\/secure.gravatar.com\/avatar\/4196ffa01e9ac5ef46888ac2c82ba7543ee2f63f9331c6e05282c2ff05645fe2?s=96&d=mm&r=g","caption":"Valeria"}}]}},"post_mailing_queue_ids":[],"_links":{"self":[{"href":"https:\/\/valeriazunino.it\/blog\/wp-json\/wp\/v2\/posts\/2543","targetHints":{"allow":["GET"]}}],"collection":[{"href":"https:\/\/valeriazunino.it\/blog\/wp-json\/wp\/v2\/posts"}],"about":[{"href":"https:\/\/valeriazunino.it\/blog\/wp-json\/wp\/v2\/types\/post"}],"author":[{"embeddable":true,"href":"https:\/\/valeriazunino.it\/blog\/wp-json\/wp\/v2\/users\/1"}],"replies":[{"embeddable":true,"href":"https:\/\/valeriazunino.it\/blog\/wp-json\/wp\/v2\/comments?post=2543"}],"version-history":[{"count":1,"href":"https:\/\/valeriazunino.it\/blog\/wp-json\/wp\/v2\/posts\/2543\/revisions"}],"predecessor-version":[{"id":2544,"href":"https:\/\/valeriazunino.it\/blog\/wp-json\/wp\/v2\/posts\/2543\/revisions\/2544"}],"wp:attachment":[{"href":"https:\/\/valeriazunino.it\/blog\/wp-json\/wp\/v2\/media?parent=2543"}],"wp:term":[{"taxonomy":"category","embeddable":true,"href":"https:\/\/valeriazunino.it\/blog\/wp-json\/wp\/v2\/categories?post=2543"},{"taxonomy":"post_tag","embeddable":true,"href":"https:\/\/valeriazunino.it\/blog\/wp-json\/wp\/v2\/tags?post=2543"}],"curies":[{"name":"wp","href":"https:\/\/api.w.org\/{rel}","templated":true}]}}