{"id":2552,"date":"2024-02-08T09:03:57","date_gmt":"2024-02-08T08:03:57","guid":{"rendered":"https:\/\/valeriazunino.it\/blog\/?p=2552"},"modified":"2024-02-08T09:09:24","modified_gmt":"2024-02-08T08:09:24","slug":"sanremo-2024","status":"publish","type":"post","link":"https:\/\/valeriazunino.it\/blog\/2024\/02\/08\/sanremo-2024\/","title":{"rendered":"Sanremo 2024"},"content":{"rendered":"\n<p>Ieri\u00a0 Sanremo \u00e8 stato davvero trash.<br \/>Gi\u00e0 le canzoni non sono questa bomba , quest&#8217;anno , io ne ho trovate una manciate da dire &#8220;carine&#8221; ma niente di eclatante , diciamo che non si rimane colpiti&#8230;ma poi la conduzione e gli ospiti sono diventati un momento che ti viene voglia proprio di cambiare canale\u00a0 .<\/p>\n<p>Ma andiamo x ordine .<br \/>La prima sera la presenza femminile storicamente tradizionalmente attesa per poter godere di bellezza , vestiti sontuosi e quant&#8217; altro nella kermesse,\u00a0 \u00e8 stata rappresentata\u00a0 e sostituta da Marco Mengoni che ok ad un certo punto si \u00e8 messo pure la gonna lunghette di simil pelle e i calzini a mezzo polpaccio,\u00a0 ma non basta , non mi ha soddisfatto, si vuole\u00a0 per forza promuovere ci\u00f2 che deve rompere gli schemi ma alla lunga rompe anche qualcosa d&#8217;altro e disorienta anche e specialmente le nuove generazioni. E va beh la Valletta la prima serata ce la siamo giocata in nome di non si sa cosa .<br \/>Come momento di stacco dalle canzoni. , l&#8217;intrattenimento oltre la musica\u00a0 , quindi,\u00a0 l&#8217;ospite della prima serata\u00a0 , \u00e8\u00a0 stata una mamma a cui hanno ammazzato il figlio per futili motivi , quindi lacrime e dolore diffuso in eurovisione\u00a0 a profusione che di pi\u00f9 non si pu\u00f2.\u00a0 Le canzoni\u00a0 presentate sono state tutte e trenta in una full immersion che difficilmente dimenticher\u00f2, non riuscivo neanche pi\u00f9 a seguire i testi,<\/p>\n<p>ergo : disastro..<br \/>seconda serata : in gara met\u00e0 cantanti , quelli fuori gara che presentano i loro colleghi in gara , pi\u00f9 o meno goffamente , con Giorgia come co -conduttrice che introduce il senso della canzone &#8230; perch\u00e9 qui di senso \u00e8 difficile trovarlo in generale, almeno si cerca nel testo delle canzoni, forse . Anche stasera, per dilettarci e farci sapere che s\u00ec, va tutto bene MA attenzione da un momento all&#8217;altro non si sa mai, momento di dolore con la narrazione della malattia di Giovanni Allevi, tanto straziante da fare cambiare il canale, cosa che ho fatto avendone facolt\u00e0 e telecomando e sono a conoscenza che mi hanno seguita in diversi &#8230;&#8230;il dolore per fare\u00a0 spettacolo mi fa semplicemente orrore per una serie di motivi\u00a0 che non star\u00f2 qui a spiegare , eticamente\u00a0 x me \u00e8 deprecabile usare\u00a0 questo strumento x provocare emozioni ,e poi?<br \/>Ma il momento super trash della serata \u00e8 stata l&#8217;ospitata di John Travolta , icona degli anni che furono , attore con una grande esperienza lavorativa e di vita &#8230; che cosa gli hanno fatto fare , un &#8216;intervista? ma no , troppo tradizionale\u00a0 , troppo\u00a0 intelligente fare una cosa simile per come ci considerano , o perch\u00e9 probabilmente incapaci di farne una , &#8230;.gli hanno fatto fare il ballo del qua qua , che gi\u00e0 era trashissimo fatto da Romina Power ai tempi che non si poteva vede&#8217;. Fiorello che dovrebbe essere il fiore all occhiello , il brillante , il quid in pi\u00f9 ,\u00a0 sempre pi\u00f9 spesso , per non dire sempre ,\u00a0 la butta in caciara come se fosse nella piazza del paesello dove \u00e8 nato o in un villaggio turistico , ogni tanto ci sta., x carit\u00e0 , sempre diventa inaccettabile, Non si sono dimostrati, n\u00e9 lui n\u00e9 Amadeus due professionisti all&#8217;altezza della situazione , arrivando quasi ad umiliare una persona invitata sul palco,\u00a0 x fare cosa , metterlo in ridicolo? tanto che John Travolta ,\u00a0 lo scazzo lo ha manifestato gettando a terra un cappellino a forma di becco di papera che gli hanno proposto di indossare x rendere ancora pi\u00f9 trash, se fosse stato possibile , la situazione.. Alcuni mi hanno detto &#8220;ma lo sapeva e lo hanno pagato profumatamente&#8221;\u00a0 motivo in pi\u00f9 per sfruttare l&#8217;opportunit\u00e0 e dare un senso maggiore al denaro speso .<br \/>Tutto Bocciato<\/p>\n<p>Ma visto che dal fondo, di solito ,non si pu\u00f2 che risalire confido , quindi , nell&#8217;edizione del prossimo anno , sicuramente sar\u00e0 migliore , peggio impossibile!!!<\/p>\n<p>Canzoni che mi piacciono senza mandarmi in visibilio\u00a0<\/p>\n<p>Negroamaro :una canzone delle loro senza lode\u00a0<\/p>\n<p>Alfa<\/p>\n<p>Gazzelle\u00a0<\/p>\n<p>De Palma\u00a0<\/p>\n<p>E ce ne era ancora 1 ma ora non ricordo .. detto tutto \ud83e\udd23<\/p>\n<p>Comunque Sanremo \u00e8 Sanremo \ud83d\ude09 e barcollo ma non mollo \ud83e\udd23<\/p>\n","protected":false},"excerpt":{"rendered":"","protected":false},"author":1,"featured_media":0,"comment_status":"open","ping_status":"open","sticky":false,"template":"","format":"standard","meta":{"footnotes":""},"categories":[1],"tags":[],"class_list":["post-2552","post","type-post","status-publish","format-standard","hentry","category-senza-categoria"],"yoast_head":"<!-- This site is optimized with the Yoast SEO plugin v27.0 - https:\/\/yoast.com\/product\/yoast-seo-wordpress\/ -->\n<title>Sanremo 2024 - ValeVz<\/title>\n<meta name=\"robots\" content=\"index, follow, max-snippet:-1, max-image-preview:large, max-video-preview:-1\" \/>\n<link rel=\"canonical\" href=\"https:\/\/valeriazunino.it\/blog\/2024\/02\/08\/sanremo-2024\/\" \/>\n<meta property=\"og:locale\" content=\"it_IT\" \/>\n<meta property=\"og:type\" content=\"article\" \/>\n<meta property=\"og:title\" content=\"Sanremo 2024 - ValeVz\" \/>\n<meta property=\"og:url\" content=\"https:\/\/valeriazunino.it\/blog\/2024\/02\/08\/sanremo-2024\/\" \/>\n<meta property=\"og:site_name\" content=\"ValeVz\" \/>\n<meta property=\"article:publisher\" content=\"https:\/\/www.facebook.com\/valeria.zunino.7\" \/>\n<meta property=\"article:published_time\" content=\"2024-02-08T08:03:57+00:00\" \/>\n<meta property=\"article:modified_time\" content=\"2024-02-08T08:09:24+00:00\" \/>\n<meta name=\"author\" content=\"Valeria\" \/>\n<meta name=\"twitter:card\" content=\"summary_large_image\" \/>\n<meta name=\"twitter:creator\" content=\"@valezunin\" \/>\n<meta name=\"twitter:site\" content=\"@valezunin\" \/>\n<meta name=\"twitter:label1\" content=\"Scritto da\" \/>\n\t<meta name=\"twitter:data1\" content=\"Valeria\" \/>\n\t<meta name=\"twitter:label2\" content=\"Tempo di lettura stimato\" \/>\n\t<meta name=\"twitter:data2\" content=\"4 minuti\" \/>\n<script type=\"application\/ld+json\" class=\"yoast-schema-graph\">{\"@context\":\"https:\/\/schema.org\",\"@graph\":[{\"@type\":\"Article\",\"@id\":\"https:\/\/valeriazunino.it\/blog\/2024\/02\/08\/sanremo-2024\/#article\",\"isPartOf\":{\"@id\":\"https:\/\/valeriazunino.it\/blog\/2024\/02\/08\/sanremo-2024\/\"},\"author\":{\"name\":\"Valeria\",\"@id\":\"https:\/\/valeriazunino.it\/blog\/#\/schema\/person\/8cdafe297c88eeb291db056286b0ae2a\"},\"headline\":\"Sanremo 2024\",\"datePublished\":\"2024-02-08T08:03:57+00:00\",\"dateModified\":\"2024-02-08T08:09:24+00:00\",\"mainEntityOfPage\":{\"@id\":\"https:\/\/valeriazunino.it\/blog\/2024\/02\/08\/sanremo-2024\/\"},\"wordCount\":651,\"commentCount\":0,\"inLanguage\":\"it-IT\",\"potentialAction\":[{\"@type\":\"CommentAction\",\"name\":\"Comment\",\"target\":[\"https:\/\/valeriazunino.it\/blog\/2024\/02\/08\/sanremo-2024\/#respond\"]}]},{\"@type\":\"WebPage\",\"@id\":\"https:\/\/valeriazunino.it\/blog\/2024\/02\/08\/sanremo-2024\/\",\"url\":\"https:\/\/valeriazunino.it\/blog\/2024\/02\/08\/sanremo-2024\/\",\"name\":\"Sanremo 2024 - ValeVz\",\"isPartOf\":{\"@id\":\"https:\/\/valeriazunino.it\/blog\/#website\"},\"datePublished\":\"2024-02-08T08:03:57+00:00\",\"dateModified\":\"2024-02-08T08:09:24+00:00\",\"author\":{\"@id\":\"https:\/\/valeriazunino.it\/blog\/#\/schema\/person\/8cdafe297c88eeb291db056286b0ae2a\"},\"breadcrumb\":{\"@id\":\"https:\/\/valeriazunino.it\/blog\/2024\/02\/08\/sanremo-2024\/#breadcrumb\"},\"inLanguage\":\"it-IT\",\"potentialAction\":[{\"@type\":\"ReadAction\",\"target\":[\"https:\/\/valeriazunino.it\/blog\/2024\/02\/08\/sanremo-2024\/\"]}]},{\"@type\":\"BreadcrumbList\",\"@id\":\"https:\/\/valeriazunino.it\/blog\/2024\/02\/08\/sanremo-2024\/#breadcrumb\",\"itemListElement\":[{\"@type\":\"ListItem\",\"position\":1,\"name\":\"Home\",\"item\":\"https:\/\/valeriazunino.it\/blog\/\"},{\"@type\":\"ListItem\",\"position\":2,\"name\":\"Sanremo 2024\"}]},{\"@type\":\"WebSite\",\"@id\":\"https:\/\/valeriazunino.it\/blog\/#website\",\"url\":\"https:\/\/valeriazunino.it\/blog\/\",\"name\":\"ValeVz\",\"description\":\"il mio sito\",\"potentialAction\":[{\"@type\":\"SearchAction\",\"target\":{\"@type\":\"EntryPoint\",\"urlTemplate\":\"https:\/\/valeriazunino.it\/blog\/?s={search_term_string}\"},\"query-input\":{\"@type\":\"PropertyValueSpecification\",\"valueRequired\":true,\"valueName\":\"search_term_string\"}}],\"inLanguage\":\"it-IT\"},{\"@type\":\"Person\",\"@id\":\"https:\/\/valeriazunino.it\/blog\/#\/schema\/person\/8cdafe297c88eeb291db056286b0ae2a\",\"name\":\"Valeria\",\"image\":{\"@type\":\"ImageObject\",\"inLanguage\":\"it-IT\",\"@id\":\"https:\/\/valeriazunino.it\/blog\/#\/schema\/person\/image\/\",\"url\":\"https:\/\/secure.gravatar.com\/avatar\/4196ffa01e9ac5ef46888ac2c82ba7543ee2f63f9331c6e05282c2ff05645fe2?s=96&d=mm&r=g\",\"contentUrl\":\"https:\/\/secure.gravatar.com\/avatar\/4196ffa01e9ac5ef46888ac2c82ba7543ee2f63f9331c6e05282c2ff05645fe2?s=96&d=mm&r=g\",\"caption\":\"Valeria\"}}]}<\/script>\n<!-- \/ Yoast SEO plugin. -->","yoast_head_json":{"title":"Sanremo 2024 - ValeVz","robots":{"index":"index","follow":"follow","max-snippet":"max-snippet:-1","max-image-preview":"max-image-preview:large","max-video-preview":"max-video-preview:-1"},"canonical":"https:\/\/valeriazunino.it\/blog\/2024\/02\/08\/sanremo-2024\/","og_locale":"it_IT","og_type":"article","og_title":"Sanremo 2024 - ValeVz","og_url":"https:\/\/valeriazunino.it\/blog\/2024\/02\/08\/sanremo-2024\/","og_site_name":"ValeVz","article_publisher":"https:\/\/www.facebook.com\/valeria.zunino.7","article_published_time":"2024-02-08T08:03:57+00:00","article_modified_time":"2024-02-08T08:09:24+00:00","author":"Valeria","twitter_card":"summary_large_image","twitter_creator":"@valezunin","twitter_site":"@valezunin","twitter_misc":{"Scritto da":"Valeria","Tempo di lettura stimato":"4 minuti"},"schema":{"@context":"https:\/\/schema.org","@graph":[{"@type":"Article","@id":"https:\/\/valeriazunino.it\/blog\/2024\/02\/08\/sanremo-2024\/#article","isPartOf":{"@id":"https:\/\/valeriazunino.it\/blog\/2024\/02\/08\/sanremo-2024\/"},"author":{"name":"Valeria","@id":"https:\/\/valeriazunino.it\/blog\/#\/schema\/person\/8cdafe297c88eeb291db056286b0ae2a"},"headline":"Sanremo 2024","datePublished":"2024-02-08T08:03:57+00:00","dateModified":"2024-02-08T08:09:24+00:00","mainEntityOfPage":{"@id":"https:\/\/valeriazunino.it\/blog\/2024\/02\/08\/sanremo-2024\/"},"wordCount":651,"commentCount":0,"inLanguage":"it-IT","potentialAction":[{"@type":"CommentAction","name":"Comment","target":["https:\/\/valeriazunino.it\/blog\/2024\/02\/08\/sanremo-2024\/#respond"]}]},{"@type":"WebPage","@id":"https:\/\/valeriazunino.it\/blog\/2024\/02\/08\/sanremo-2024\/","url":"https:\/\/valeriazunino.it\/blog\/2024\/02\/08\/sanremo-2024\/","name":"Sanremo 2024 - ValeVz","isPartOf":{"@id":"https:\/\/valeriazunino.it\/blog\/#website"},"datePublished":"2024-02-08T08:03:57+00:00","dateModified":"2024-02-08T08:09:24+00:00","author":{"@id":"https:\/\/valeriazunino.it\/blog\/#\/schema\/person\/8cdafe297c88eeb291db056286b0ae2a"},"breadcrumb":{"@id":"https:\/\/valeriazunino.it\/blog\/2024\/02\/08\/sanremo-2024\/#breadcrumb"},"inLanguage":"it-IT","potentialAction":[{"@type":"ReadAction","target":["https:\/\/valeriazunino.it\/blog\/2024\/02\/08\/sanremo-2024\/"]}]},{"@type":"BreadcrumbList","@id":"https:\/\/valeriazunino.it\/blog\/2024\/02\/08\/sanremo-2024\/#breadcrumb","itemListElement":[{"@type":"ListItem","position":1,"name":"Home","item":"https:\/\/valeriazunino.it\/blog\/"},{"@type":"ListItem","position":2,"name":"Sanremo 2024"}]},{"@type":"WebSite","@id":"https:\/\/valeriazunino.it\/blog\/#website","url":"https:\/\/valeriazunino.it\/blog\/","name":"ValeVz","description":"il mio sito","potentialAction":[{"@type":"SearchAction","target":{"@type":"EntryPoint","urlTemplate":"https:\/\/valeriazunino.it\/blog\/?s={search_term_string}"},"query-input":{"@type":"PropertyValueSpecification","valueRequired":true,"valueName":"search_term_string"}}],"inLanguage":"it-IT"},{"@type":"Person","@id":"https:\/\/valeriazunino.it\/blog\/#\/schema\/person\/8cdafe297c88eeb291db056286b0ae2a","name":"Valeria","image":{"@type":"ImageObject","inLanguage":"it-IT","@id":"https:\/\/valeriazunino.it\/blog\/#\/schema\/person\/image\/","url":"https:\/\/secure.gravatar.com\/avatar\/4196ffa01e9ac5ef46888ac2c82ba7543ee2f63f9331c6e05282c2ff05645fe2?s=96&d=mm&r=g","contentUrl":"https:\/\/secure.gravatar.com\/avatar\/4196ffa01e9ac5ef46888ac2c82ba7543ee2f63f9331c6e05282c2ff05645fe2?s=96&d=mm&r=g","caption":"Valeria"}}]}},"post_mailing_queue_ids":[],"_links":{"self":[{"href":"https:\/\/valeriazunino.it\/blog\/wp-json\/wp\/v2\/posts\/2552","targetHints":{"allow":["GET"]}}],"collection":[{"href":"https:\/\/valeriazunino.it\/blog\/wp-json\/wp\/v2\/posts"}],"about":[{"href":"https:\/\/valeriazunino.it\/blog\/wp-json\/wp\/v2\/types\/post"}],"author":[{"embeddable":true,"href":"https:\/\/valeriazunino.it\/blog\/wp-json\/wp\/v2\/users\/1"}],"replies":[{"embeddable":true,"href":"https:\/\/valeriazunino.it\/blog\/wp-json\/wp\/v2\/comments?post=2552"}],"version-history":[{"count":3,"href":"https:\/\/valeriazunino.it\/blog\/wp-json\/wp\/v2\/posts\/2552\/revisions"}],"predecessor-version":[{"id":2555,"href":"https:\/\/valeriazunino.it\/blog\/wp-json\/wp\/v2\/posts\/2552\/revisions\/2555"}],"wp:attachment":[{"href":"https:\/\/valeriazunino.it\/blog\/wp-json\/wp\/v2\/media?parent=2552"}],"wp:term":[{"taxonomy":"category","embeddable":true,"href":"https:\/\/valeriazunino.it\/blog\/wp-json\/wp\/v2\/categories?post=2552"},{"taxonomy":"post_tag","embeddable":true,"href":"https:\/\/valeriazunino.it\/blog\/wp-json\/wp\/v2\/tags?post=2552"}],"curies":[{"name":"wp","href":"https:\/\/api.w.org\/{rel}","templated":true}]}}