{"id":2744,"date":"2025-02-12T20:43:13","date_gmt":"2025-02-12T19:43:13","guid":{"rendered":"https:\/\/valeriazunino.it\/blog\/?p=2744"},"modified":"2025-02-12T20:43:20","modified_gmt":"2025-02-12T19:43:20","slug":"sanremo-2025","status":"publish","type":"post","link":"https:\/\/valeriazunino.it\/blog\/2025\/02\/12\/sanremo-2025\/","title":{"rendered":"SANREMO 2025"},"content":{"rendered":"\n<p>Seconda serata di Sanremo , stasera si risentono le canzoni , met\u00e0 stasera e met\u00e0 domani , quindi , si potranno ascoltare con pi\u00f9 calma .. <\/p>\n\n\n\n<p>Al primo ascolto ieri sera mi hanno colpita in particolare 3 che sono in ordine sparso , ma poi vediamo:<\/p>\n\n\n\n<p>Rkomi, Cristicchi e  Willie Peyote<\/p>\n\n\n\n<p>Dico sempre che bisognerebbe poter sentire queste canzoni in cuffia e senza vedere nulla , puro ascolto perch\u00e9 i personaggi, il loro modo di interpretare, i vestiti , i movimenti eccetera influenzano , non poco, il giudizio e il gradimento, o meno .<\/p>\n\n\n\n<p>Rkomi mi ha colpito, ad esempio, sicuramente anche x la presenza scenica , Cristicchi per il testo , veramente commovente, parole messe gi\u00f9 veramente bene e che non possono non toccare l&#8217;animo . Willie Peyote mi piace , \u00e8 sempre originale nei testi, simpatico, porta sempre delle verit\u00e0. <\/p>\n\n\n\n<p>La cosa che mi ha colpito \u00e8 che quest&#8217; anno  ho sentito un sacco di plagi o meglio plagetti &#8230; Il plagetto \u00e8 quando c&#8217;\u00e8 un accordo , delle note che cos\u00ec come sono messe, ti fanno venire in mente canzoni diverse , gi\u00e0 sentite , poi logicamente continuano in un altro modo senn\u00f2 sarebbe plagio vero e proprio.. ma tant&#8217;\u00e8 ti fanno venire in mente altro &#8230; E beh quest&#8217; anno le canzoni che mi hanno fatto venire in mente altre canzoni gi\u00e0 note sono quelle di :<\/p>\n\n\n\n<p>Giorgia (Dalla)<\/p>\n\n\n\n<p>Achille Lauro (Venditti)<\/p>\n\n\n\n<p>Noemi (Battisti) l &#8216;incipit<\/p>\n\n\n\n<p>Michelin (non saprei chi)<\/p>\n\n\n\n<p>Kolors<\/p>\n\n\n\n<p>Sarah Brancale <\/p>\n\n\n\n<p>Ma cos\u00ec tante???? Possibile?? Stasera ci far\u00f2 un po&#8217; pi\u00f9 attenzione &#8230; <\/p>\n\n\n\n<p>Jovanotti tanta roba , il Papa anche meno , le due cantanti  l&#8217;israeliana e l&#8217;araba hanno rappresentato in modo perfetto il significato della parola :retorica . <\/p>\n\n\n\n<p>poi che dire ?? Niente sta iniziando la seconda serata , c&#8217;\u00e8 la sigla dell&#8217; eurovisione che dice che devo smettere di scrivere..\ud83d\ude18<\/p>\n\n\n\n<p>A dopo <\/p>\n\n\n\n<p><\/p>\n","protected":false},"excerpt":{"rendered":"<p>Seconda serata di Sanremo , stasera si risentono le canzoni , met\u00e0 stasera e met\u00e0 domani , quindi , si potranno ascoltare con pi\u00f9 calma .. Al primo ascolto ieri sera mi hanno colpita in particolare 3 che sono in ordine sparso , ma poi vediamo: Rkomi, Cristicchi e Willie Peyote Dico sempre che bisognerebbe &hellip; <a href=\"https:\/\/valeriazunino.it\/blog\/2025\/02\/12\/sanremo-2025\/\" class=\"more-link\">Continua la lettura di <span class=\"screen-reader-text\">SANREMO 2025<\/span> <span class=\"meta-nav\">&rarr;<\/span><\/a><\/p>\n","protected":false},"author":1,"featured_media":0,"comment_status":"open","ping_status":"open","sticky":false,"template":"","format":"standard","meta":{"footnotes":""},"categories":[1],"tags":[],"class_list":["post-2744","post","type-post","status-publish","format-standard","hentry","category-senza-categoria"],"yoast_head":"<!-- This site is optimized with the Yoast SEO plugin v27.0 - https:\/\/yoast.com\/product\/yoast-seo-wordpress\/ -->\n<title>SANREMO 2025 - ValeVz<\/title>\n<meta name=\"robots\" content=\"index, follow, max-snippet:-1, max-image-preview:large, max-video-preview:-1\" \/>\n<link rel=\"canonical\" href=\"https:\/\/valeriazunino.it\/blog\/2025\/02\/12\/sanremo-2025\/\" \/>\n<meta property=\"og:locale\" content=\"it_IT\" \/>\n<meta property=\"og:type\" content=\"article\" \/>\n<meta property=\"og:title\" content=\"SANREMO 2025 - ValeVz\" \/>\n<meta property=\"og:description\" content=\"Seconda serata di Sanremo , stasera si risentono le canzoni , met\u00e0 stasera e met\u00e0 domani , quindi , si potranno ascoltare con pi\u00f9 calma .. Al primo ascolto ieri sera mi hanno colpita in particolare 3 che sono in ordine sparso , ma poi vediamo: Rkomi, Cristicchi e Willie Peyote Dico sempre che bisognerebbe &hellip; Continua la lettura di SANREMO 2025 &rarr;\" \/>\n<meta property=\"og:url\" content=\"https:\/\/valeriazunino.it\/blog\/2025\/02\/12\/sanremo-2025\/\" \/>\n<meta property=\"og:site_name\" content=\"ValeVz\" \/>\n<meta property=\"article:publisher\" content=\"https:\/\/www.facebook.com\/valeria.zunino.7\" \/>\n<meta property=\"article:published_time\" content=\"2025-02-12T19:43:13+00:00\" \/>\n<meta property=\"article:modified_time\" content=\"2025-02-12T19:43:20+00:00\" \/>\n<meta name=\"author\" content=\"Valeria\" \/>\n<meta name=\"twitter:card\" content=\"summary_large_image\" \/>\n<meta name=\"twitter:creator\" content=\"@valezunin\" \/>\n<meta name=\"twitter:site\" content=\"@valezunin\" \/>\n<meta name=\"twitter:label1\" content=\"Scritto da\" \/>\n\t<meta name=\"twitter:data1\" content=\"Valeria\" \/>\n\t<meta name=\"twitter:label2\" content=\"Tempo di lettura stimato\" \/>\n\t<meta name=\"twitter:data2\" content=\"2 minuti\" \/>\n<script type=\"application\/ld+json\" class=\"yoast-schema-graph\">{\"@context\":\"https:\/\/schema.org\",\"@graph\":[{\"@type\":\"Article\",\"@id\":\"https:\/\/valeriazunino.it\/blog\/2025\/02\/12\/sanremo-2025\/#article\",\"isPartOf\":{\"@id\":\"https:\/\/valeriazunino.it\/blog\/2025\/02\/12\/sanremo-2025\/\"},\"author\":{\"name\":\"Valeria\",\"@id\":\"https:\/\/valeriazunino.it\/blog\/#\/schema\/person\/8cdafe297c88eeb291db056286b0ae2a\"},\"headline\":\"SANREMO 2025\",\"datePublished\":\"2025-02-12T19:43:13+00:00\",\"dateModified\":\"2025-02-12T19:43:20+00:00\",\"mainEntityOfPage\":{\"@id\":\"https:\/\/valeriazunino.it\/blog\/2025\/02\/12\/sanremo-2025\/\"},\"wordCount\":284,\"commentCount\":0,\"inLanguage\":\"it-IT\",\"potentialAction\":[{\"@type\":\"CommentAction\",\"name\":\"Comment\",\"target\":[\"https:\/\/valeriazunino.it\/blog\/2025\/02\/12\/sanremo-2025\/#respond\"]}]},{\"@type\":\"WebPage\",\"@id\":\"https:\/\/valeriazunino.it\/blog\/2025\/02\/12\/sanremo-2025\/\",\"url\":\"https:\/\/valeriazunino.it\/blog\/2025\/02\/12\/sanremo-2025\/\",\"name\":\"SANREMO 2025 - ValeVz\",\"isPartOf\":{\"@id\":\"https:\/\/valeriazunino.it\/blog\/#website\"},\"datePublished\":\"2025-02-12T19:43:13+00:00\",\"dateModified\":\"2025-02-12T19:43:20+00:00\",\"author\":{\"@id\":\"https:\/\/valeriazunino.it\/blog\/#\/schema\/person\/8cdafe297c88eeb291db056286b0ae2a\"},\"breadcrumb\":{\"@id\":\"https:\/\/valeriazunino.it\/blog\/2025\/02\/12\/sanremo-2025\/#breadcrumb\"},\"inLanguage\":\"it-IT\",\"potentialAction\":[{\"@type\":\"ReadAction\",\"target\":[\"https:\/\/valeriazunino.it\/blog\/2025\/02\/12\/sanremo-2025\/\"]}]},{\"@type\":\"BreadcrumbList\",\"@id\":\"https:\/\/valeriazunino.it\/blog\/2025\/02\/12\/sanremo-2025\/#breadcrumb\",\"itemListElement\":[{\"@type\":\"ListItem\",\"position\":1,\"name\":\"Home\",\"item\":\"https:\/\/valeriazunino.it\/blog\/\"},{\"@type\":\"ListItem\",\"position\":2,\"name\":\"SANREMO 2025\"}]},{\"@type\":\"WebSite\",\"@id\":\"https:\/\/valeriazunino.it\/blog\/#website\",\"url\":\"https:\/\/valeriazunino.it\/blog\/\",\"name\":\"ValeVz\",\"description\":\"il mio sito\",\"potentialAction\":[{\"@type\":\"SearchAction\",\"target\":{\"@type\":\"EntryPoint\",\"urlTemplate\":\"https:\/\/valeriazunino.it\/blog\/?s={search_term_string}\"},\"query-input\":{\"@type\":\"PropertyValueSpecification\",\"valueRequired\":true,\"valueName\":\"search_term_string\"}}],\"inLanguage\":\"it-IT\"},{\"@type\":\"Person\",\"@id\":\"https:\/\/valeriazunino.it\/blog\/#\/schema\/person\/8cdafe297c88eeb291db056286b0ae2a\",\"name\":\"Valeria\",\"image\":{\"@type\":\"ImageObject\",\"inLanguage\":\"it-IT\",\"@id\":\"https:\/\/valeriazunino.it\/blog\/#\/schema\/person\/image\/\",\"url\":\"https:\/\/secure.gravatar.com\/avatar\/4196ffa01e9ac5ef46888ac2c82ba7543ee2f63f9331c6e05282c2ff05645fe2?s=96&d=mm&r=g\",\"contentUrl\":\"https:\/\/secure.gravatar.com\/avatar\/4196ffa01e9ac5ef46888ac2c82ba7543ee2f63f9331c6e05282c2ff05645fe2?s=96&d=mm&r=g\",\"caption\":\"Valeria\"}}]}<\/script>\n<!-- \/ Yoast SEO plugin. -->","yoast_head_json":{"title":"SANREMO 2025 - ValeVz","robots":{"index":"index","follow":"follow","max-snippet":"max-snippet:-1","max-image-preview":"max-image-preview:large","max-video-preview":"max-video-preview:-1"},"canonical":"https:\/\/valeriazunino.it\/blog\/2025\/02\/12\/sanremo-2025\/","og_locale":"it_IT","og_type":"article","og_title":"SANREMO 2025 - ValeVz","og_description":"Seconda serata di Sanremo , stasera si risentono le canzoni , met\u00e0 stasera e met\u00e0 domani , quindi , si potranno ascoltare con pi\u00f9 calma .. Al primo ascolto ieri sera mi hanno colpita in particolare 3 che sono in ordine sparso , ma poi vediamo: Rkomi, Cristicchi e Willie Peyote Dico sempre che bisognerebbe &hellip; Continua la lettura di SANREMO 2025 &rarr;","og_url":"https:\/\/valeriazunino.it\/blog\/2025\/02\/12\/sanremo-2025\/","og_site_name":"ValeVz","article_publisher":"https:\/\/www.facebook.com\/valeria.zunino.7","article_published_time":"2025-02-12T19:43:13+00:00","article_modified_time":"2025-02-12T19:43:20+00:00","author":"Valeria","twitter_card":"summary_large_image","twitter_creator":"@valezunin","twitter_site":"@valezunin","twitter_misc":{"Scritto da":"Valeria","Tempo di lettura stimato":"2 minuti"},"schema":{"@context":"https:\/\/schema.org","@graph":[{"@type":"Article","@id":"https:\/\/valeriazunino.it\/blog\/2025\/02\/12\/sanremo-2025\/#article","isPartOf":{"@id":"https:\/\/valeriazunino.it\/blog\/2025\/02\/12\/sanremo-2025\/"},"author":{"name":"Valeria","@id":"https:\/\/valeriazunino.it\/blog\/#\/schema\/person\/8cdafe297c88eeb291db056286b0ae2a"},"headline":"SANREMO 2025","datePublished":"2025-02-12T19:43:13+00:00","dateModified":"2025-02-12T19:43:20+00:00","mainEntityOfPage":{"@id":"https:\/\/valeriazunino.it\/blog\/2025\/02\/12\/sanremo-2025\/"},"wordCount":284,"commentCount":0,"inLanguage":"it-IT","potentialAction":[{"@type":"CommentAction","name":"Comment","target":["https:\/\/valeriazunino.it\/blog\/2025\/02\/12\/sanremo-2025\/#respond"]}]},{"@type":"WebPage","@id":"https:\/\/valeriazunino.it\/blog\/2025\/02\/12\/sanremo-2025\/","url":"https:\/\/valeriazunino.it\/blog\/2025\/02\/12\/sanremo-2025\/","name":"SANREMO 2025 - ValeVz","isPartOf":{"@id":"https:\/\/valeriazunino.it\/blog\/#website"},"datePublished":"2025-02-12T19:43:13+00:00","dateModified":"2025-02-12T19:43:20+00:00","author":{"@id":"https:\/\/valeriazunino.it\/blog\/#\/schema\/person\/8cdafe297c88eeb291db056286b0ae2a"},"breadcrumb":{"@id":"https:\/\/valeriazunino.it\/blog\/2025\/02\/12\/sanremo-2025\/#breadcrumb"},"inLanguage":"it-IT","potentialAction":[{"@type":"ReadAction","target":["https:\/\/valeriazunino.it\/blog\/2025\/02\/12\/sanremo-2025\/"]}]},{"@type":"BreadcrumbList","@id":"https:\/\/valeriazunino.it\/blog\/2025\/02\/12\/sanremo-2025\/#breadcrumb","itemListElement":[{"@type":"ListItem","position":1,"name":"Home","item":"https:\/\/valeriazunino.it\/blog\/"},{"@type":"ListItem","position":2,"name":"SANREMO 2025"}]},{"@type":"WebSite","@id":"https:\/\/valeriazunino.it\/blog\/#website","url":"https:\/\/valeriazunino.it\/blog\/","name":"ValeVz","description":"il mio sito","potentialAction":[{"@type":"SearchAction","target":{"@type":"EntryPoint","urlTemplate":"https:\/\/valeriazunino.it\/blog\/?s={search_term_string}"},"query-input":{"@type":"PropertyValueSpecification","valueRequired":true,"valueName":"search_term_string"}}],"inLanguage":"it-IT"},{"@type":"Person","@id":"https:\/\/valeriazunino.it\/blog\/#\/schema\/person\/8cdafe297c88eeb291db056286b0ae2a","name":"Valeria","image":{"@type":"ImageObject","inLanguage":"it-IT","@id":"https:\/\/valeriazunino.it\/blog\/#\/schema\/person\/image\/","url":"https:\/\/secure.gravatar.com\/avatar\/4196ffa01e9ac5ef46888ac2c82ba7543ee2f63f9331c6e05282c2ff05645fe2?s=96&d=mm&r=g","contentUrl":"https:\/\/secure.gravatar.com\/avatar\/4196ffa01e9ac5ef46888ac2c82ba7543ee2f63f9331c6e05282c2ff05645fe2?s=96&d=mm&r=g","caption":"Valeria"}}]}},"post_mailing_queue_ids":[],"_links":{"self":[{"href":"https:\/\/valeriazunino.it\/blog\/wp-json\/wp\/v2\/posts\/2744","targetHints":{"allow":["GET"]}}],"collection":[{"href":"https:\/\/valeriazunino.it\/blog\/wp-json\/wp\/v2\/posts"}],"about":[{"href":"https:\/\/valeriazunino.it\/blog\/wp-json\/wp\/v2\/types\/post"}],"author":[{"embeddable":true,"href":"https:\/\/valeriazunino.it\/blog\/wp-json\/wp\/v2\/users\/1"}],"replies":[{"embeddable":true,"href":"https:\/\/valeriazunino.it\/blog\/wp-json\/wp\/v2\/comments?post=2744"}],"version-history":[{"count":1,"href":"https:\/\/valeriazunino.it\/blog\/wp-json\/wp\/v2\/posts\/2744\/revisions"}],"predecessor-version":[{"id":2745,"href":"https:\/\/valeriazunino.it\/blog\/wp-json\/wp\/v2\/posts\/2744\/revisions\/2745"}],"wp:attachment":[{"href":"https:\/\/valeriazunino.it\/blog\/wp-json\/wp\/v2\/media?parent=2744"}],"wp:term":[{"taxonomy":"category","embeddable":true,"href":"https:\/\/valeriazunino.it\/blog\/wp-json\/wp\/v2\/categories?post=2744"},{"taxonomy":"post_tag","embeddable":true,"href":"https:\/\/valeriazunino.it\/blog\/wp-json\/wp\/v2\/tags?post=2744"}],"curies":[{"name":"wp","href":"https:\/\/api.w.org\/{rel}","templated":true}]}}